{"id":1003,"date":"2019-09-11T17:54:43","date_gmt":"2019-09-11T20:54:43","guid":{"rendered":"https:\/\/homotheoreticus.wordpress.com\/?p=1003"},"modified":"2022-06-22T17:49:23","modified_gmt":"2022-06-22T17:49:23","slug":"resena-del-sendero-gran-patagonia-3-parte","status":"publish","type":"post","link":"https:\/\/homotheoreticus.com\/index.php\/2019\/09\/11\/resena-del-sendero-gran-patagonia-3-parte\/","title":{"rendered":"Rese\u00f1a del Sendero Gran Patagonia (3\u00b0 parte)"},"content":{"rendered":"\n<p><em>Rese\u00f1a de mi paso por las secciones 9 a 13 del Sendero Gran Patagonia, entre el Parque Nacional Laguna de la Laja y la Laguna Icalma. El elemento que brill\u00f3 en estos d\u00edas fue, sin duda, el intercambio cultural con los pobladores. En lo que respecta al paisaje, se destacaron los imponentes bosques de araucarias en los cerros de precordillera.<\/em><\/p>\n\n\n\n<h2 class=\"wp-block-heading\">Secciones 9 a 13 (309,8 km)<\/h2>\n\n\n\n<iframe loading=\"lazy\" src=\"https:\/\/www.google.com\/maps\/d\/embed?mid=18TSGDQI6YdSvAuAP1jIoo8U7w9FdMoPc&amp;ehbc=2E312F\" width=\"640\" height=\"480\"><\/iframe>\n\n\n\n<p><em>Ascenso = 13.818 m. Descenso = 13.485 m. <\/em><br><em>Altitud m\u00e1xima = 2.198 m. Altitud m\u00ednima = 901 m.<\/em><\/p>\n\n\n\n<h3 class=\"wp-block-heading\">Secci\u00f3n n\u00b0 9: \u00abVolc\u00e1n Antuco\u00bb<\/h3>\n\n\n\n<h4 class=\"wp-block-heading\">D\u00eda 33 (22,6 km)<\/h4>\n\n\n\n<p>Por la ma\u00f1ana me doy una buena ducha con agua caliente en el camping de la CONAF. Lavo la ropa y me quedo compartiendo el desayuno con Bernab\u00e9, Fernando y Mart\u00edn. Despu\u00e9s de una buena charla con mate, salgo a continuar con mi traves\u00eda.<\/p>\n\n\n\n<p>El sendero est\u00e1 perfectamente se\u00f1alizado. Tiene un ascenso en zigzag de unos 500 metros. El suelo es \u00e1rido, con arbustos y algunos cipreses.<\/p>\n\n\n\n<figure class=\"wp-block-image size-large\"><img decoding=\"async\" src=\"https:\/\/homotheoreticus.files.wordpress.com\/2019\/09\/img_3810.jpg?w=1024\" alt=\"\" class=\"wp-image-978\"\/><figcaption>Entrada al sendero que conduce a la Sierra Velluda<\/figcaption><\/figure>\n\n\n\n<p>Despu\u00e9s de la subida ingreso a una gran meseta al pie de la Sierra Veluda. El suelo est\u00e1 cubierto piedras quebradas de lava petrificada. Del glaciar que corona la Sierra, brotan hilos de agua que caen en forma de cascadas. Hay arroyos de color lechoso a lo largo del valle, con sedimento volc\u00e1nico no apto para beber.<\/p>\n\n\n\n<figure class=\"wp-block-image size-large\"><img decoding=\"async\" src=\"https:\/\/homotheoreticus.files.wordpress.com\/2019\/09\/img_3814.jpg?w=736\" alt=\"\" class=\"wp-image-979\"\/><figcaption>Meseta con roca volc\u00e1nica al pie de la Sierra Velluda<\/figcaption><\/figure>\n\n\n\n<p>A partir de all\u00ed termina el sendero. Empieza una subida gradual por ceniza, hasta llegar al portezuelo entre el Volc\u00e1n Antuco con la Sierra Velluda.<\/p>\n\n\n\n<figure class=\"wp-block-image size-large\"><img decoding=\"async\" src=\"https:\/\/homotheoreticus.files.wordpress.com\/2019\/09\/img_3835.jpg?w=736\" alt=\"\" class=\"wp-image-980\"\/><figcaption>Paso entre el Volc\u00e1n Antuco y la Sierra Nevada<\/figcaption><\/figure>\n\n\n\n<p>El paso tiene planchones de nieve, as\u00ed que tengo que pegar un rodeo para continuar. Desde all\u00ed se desciende a un valle de cenizas por donde fluye el Estero El Aguada, hasta el lecho seco de la cabecera sur de la Laguna de la Laja.<\/p>\n\n\n\n<figure class=\"wp-block-image size-large\"><img decoding=\"async\" src=\"https:\/\/homotheoreticus.files.wordpress.com\/2019\/09\/img_3845.jpg?w=736\" alt=\"\" class=\"wp-image-983\"\/><figcaption>Hab\u00eda nieve en la parte m\u00e1s alta del paso<\/figcaption><\/figure>\n\n\n\n<p>Hace m\u00e1s de diez a\u00f1os, hubo una tragedia en este lugar, cuando varios j\u00f3venes que hac\u00edan el servicio militar, murieron bajo una tormenta de nieve. <\/p>\n\n\n\n<figure class=\"wp-block-image size-large\"><img decoding=\"async\" src=\"https:\/\/homotheoreticus.files.wordpress.com\/2019\/09\/img_3841.jpg?w=736\" alt=\"\" class=\"wp-image-982\"\/><figcaption>Vista por el valle del Estero El Aguada hasta el lecho seco de la Laguna de la Laja<\/figcaption><\/figure>\n\n\n\n<p>Cruzo la ruta y, ya sin sendero, me interno en el lecho seco de la Laguna de La Laja. Me preocupa el viento, as\u00ed que voy pensando en un lugar reparado para armar la carpa. Como \u00faltimo esfuerzo del d\u00eda, vadeo un arroyo caudaloso. Detr\u00e1s de un peque\u00f1o barranco, armo la carpa. El suelo arenoso hace vulnerables las estacas, por lo que tengo que reforzarlas con piedras.<\/p>\n\n\n\n<figure class=\"wp-block-image size-large\"><img decoding=\"async\" src=\"https:\/\/homotheoreticus.files.wordpress.com\/2019\/09\/img_3860.jpg?w=736\" alt=\"\" class=\"wp-image-984\"\/><figcaption>Acampando sobre el lecho seco de la Laguna de la Laja<\/figcaption><\/figure>\n\n\n\n<h4 class=\"wp-block-heading\">D\u00eda 34 (37,6 km)<\/h4>\n\n\n\n<p>Hasta el mediod\u00eda la caminata fue por paisaje des\u00e9rtico, con mucho viento. En determinado momento me sub\u00ed a la ruta principal que conduce al paso fronterizo Pichach\u00e9n. Llegu\u00e9 a un peque\u00f1o monumento de piedra conocido como Piedra del Indio. Seg\u00fan la creencia tradicional, al llegar a la Piedra del Indio hay que dar unas vueltas alrededor y dejar alguna ofrenda. Se dice que all\u00ed muri\u00f3 un indio despu\u00e9s de haber enterrado un tesoro, aunque la historia var\u00eda seg\u00fan quien la cuente. De all\u00ed me desvi\u00e9 hacia el valle del Estero Trapa Trapa.<\/p>\n\n\n\n<figure class=\"wp-block-image size-large\"><img decoding=\"async\" src=\"https:\/\/homotheoreticus.files.wordpress.com\/2019\/09\/img_3868.jpg?w=736\" alt=\"\" class=\"wp-image-985\"\/><figcaption>Piedra del Indio<\/figcaption><\/figure>\n\n\n\n<p>Me dirijo hacia el fondo del valle, donde hay monta\u00f1as y bosque. De a poco van apareciendo \u00e1rboles y la huella de auto se transforma en un sendero ancho y pisoteado por ganado. <\/p>\n\n\n\n<figure class=\"wp-block-image size-large\"><img decoding=\"async\" src=\"https:\/\/homotheoreticus.files.wordpress.com\/2019\/09\/img_3875.jpg?w=736\" alt=\"\" class=\"wp-image-986\"\/><figcaption>Una de las primeras araucarias<\/figcaption><\/figure>\n\n\n\n<p>Me cruc\u00e9 con varios paisanos trabajando. Algunos cortaban le\u00f1a, otros andaban a caballo recolectando el ganado. Me cruc\u00e9 con una mujer que estaba realizando tareas a caballo. Me dijo que ven\u00eda del otro lado de la monta\u00f1a, de la comunidad de Trapa Trapa.<\/p>\n\n\n\n<figure class=\"wp-block-image size-large\"><img decoding=\"async\" src=\"https:\/\/homotheoreticus.files.wordpress.com\/2019\/09\/img_3876.jpg?w=736\" alt=\"\" class=\"wp-image-987\"\/><figcaption>Sendero ameno por el paso a Trapa Trapa<\/figcaption><\/figure>\n\n\n\n<p>La caminata es suave, con ascenso gradual. El paso tiene unos 1855 m de altura m\u00e1xima. Del otro lado se ingresa a un bosque de araucaria y lenga. <\/p>\n\n\n\n<figure class=\"wp-block-image size-large\"><img decoding=\"async\" src=\"https:\/\/homotheoreticus.files.wordpress.com\/2019\/09\/img_3883.jpg?w=736\" alt=\"\" class=\"wp-image-988\"\/><figcaption>Las araucarias dan nombre a la regi\u00f3n<\/figcaption><\/figure>\n\n\n\n<p>La bajada es muy agradable por bosque. Me ven\u00eda muy bien la sombra y los arroyos con agua fresca de la monta\u00f1a. El final del sendero es bastante empinado, por lo que hay que tener precauci\u00f3n.<\/p>\n\n\n\n<figure class=\"wp-block-image size-large\"><img decoding=\"async\" src=\"https:\/\/homotheoreticus.files.wordpress.com\/2019\/09\/img_3881.jpg?w=736\" alt=\"\" class=\"wp-image-989\"\/><figcaption>Sendero por bosque de lenga<\/figcaption><\/figure>\n\n\n\n<p>En determinado momento, un claro me permite descubrir la localidad de Trapa Trapa. Est\u00e1 encerrada en un caj\u00f3n de monta\u00f1as. A lo lejos se ve el volc\u00e1n Callaqui, de cumbre siempre nevada.<\/p>\n\n\n\n<figure class=\"wp-block-image size-large\"><img decoding=\"async\" src=\"https:\/\/homotheoreticus.files.wordpress.com\/2019\/09\/img_3887.jpg?w=736\" alt=\"\" class=\"wp-image-990\"\/><figcaption>Localidad de Trapa Trapa encerrada en un caj\u00f3n de monta\u00f1as<\/figcaption><\/figure>\n\n\n\n<p>El poblado pertenece a la comunidad pehuenche. No hay plaza, ni comercios, ni hoteles. Tiene una sola calle principal de tierra. Las casas tienen cabras, ovejas y patos. Buscando un almac\u00e9n llego a \u00abProvisiones Beti\u00bb, donde me recibe la familia de sus due\u00f1os: la Sra. Beti, Betsab\u00e9, Juan y Ezequiel. Despu\u00e9s de comprar algunos v\u00edveres, me dieron permiso para acampar en el patio.<\/p>\n\n\n\n<figure class=\"wp-block-image size-large\"><img decoding=\"async\" src=\"https:\/\/homotheoreticus.files.wordpress.com\/2019\/09\/img_3893.jpg?w=736\" alt=\"\" class=\"wp-image-991\"\/><\/figure>\n\n\n\n<p>A la noche me qued\u00e9 conversando con la familia, mientras aprend\u00eda un poco sobre la historia de aquellas tierras. Tambi\u00e9n me ense\u00f1aron algunas palabras en lengua mapudung\u00fa, que seg\u00fan me explicaron, tiene varias dialectales seg\u00fan la comunidad.<\/p>\n\n\n\n<h3 class=\"wp-block-heading\">Secci\u00f3n 10: \u00abLaguna El Barco\u00bb<\/h3>\n\n\n\n<h4 class=\"wp-block-heading\">D\u00eda 35 (14,1 km)<\/h4>\n\n\n\n<p>Al d\u00eda siguiente sal\u00ed un poco tarde. En lo de Beti estaban haciendo chivito y no pude resistirme a probar un plato. Despu\u00e9s de una excelente comida con prote\u00ednas y vitaminas naturales, me desped\u00ed al saludo de <em>\u00a1marmai!<\/em><\/p>\n\n\n\n<figure class=\"wp-block-image size-large\"><img decoding=\"async\" src=\"https:\/\/homotheoreticus.files.wordpress.com\/2019\/09\/img_3897.jpg?w=736\" alt=\"\" class=\"wp-image-992\"\/><figcaption>Disfrutando un chivito con ensalada y pan amasado<\/figcaption><\/figure>\n\n\n\n<p>Continu\u00e9 mi traves\u00eda intern\u00e1ndome a trav\u00e9s de un sendero que se internaba en el bosque. Me cruc\u00e9 mucha gente aquel d\u00eda, todos andando a caballo, yendo y viniendo de los puestos de veraneada en la monta\u00f1a.<\/p>\n\n\n\n<p>En determinado momento, veo que entre los arbustos sobresale un sombrero de ala ancha parecido al m\u00edo. Era una persona con bastones y ten\u00eda mochila, al igua que yo. \u00ab\u00a1Por fin, otro mochilero!\u00bb, pens\u00e9. \u00abHola, \u00bfqu\u00e9 tal?, \u00bfusted es Christine, no?\u00bb. La reconoc\u00ed porque hab\u00eda estado escribiendo en el grupo de Facebook del Sendero Gran Patagonia.<\/p>\n\n\n\n<figure class=\"wp-block-image size-large\"><img decoding=\"async\" src=\"https:\/\/homotheoreticus.files.wordpress.com\/2019\/09\/img_3909.jpg?w=1024\" alt=\"\" class=\"wp-image-1094\"\/><figcaption>Encuentro con Christine Thuermer, una celebridad del senderismo<\/figcaption><\/figure>\n\n\n\n<p>Christine es una celebridad del senderismo en Alemania. Escribi\u00f3 varios libros. Es famosa por pasar todo el a\u00f1o haciendo trekking a lo largo del mundo. Conversamos un rato largo y decidimos acampar en el mismo lugar. Christine maneja excelente el ingl\u00e9s y el espa\u00f1ol, as\u00ed que no hubo problema para comunicarnos. Como era de esperarse, aprovech\u00e9 para hacerle varias preguntas sobre su experiencia. Fue la primera persona con la que me cruc\u00e9 que hac\u00eda el mismo itinerario que yo, solo que ella lo estaba haciendo en direcci\u00f3n sur-norte. Tambi\u00e9n aprovechamos para intercambiar informaci\u00f3n sobre las dificultades del sendero. Encontrar a Christine fue una gran sorpresa y una grata compa\u00f1\u00eda. Al d\u00eda de hoy seguimos en contacto.<\/p>\n\n\n\n<h4 class=\"wp-block-heading\">D\u00eda 36 (33,1 km)<\/h4>\n\n\n\n<p>Al d\u00eda siguiente, me desped\u00ed y continu\u00e9 mi itinerario. El sendero sigue hasta el fondo de un largo valle con pampas de coir\u00f3n, rodeado de monta\u00f1as y bosques mayormente de lenga.<\/p>\n\n\n\n<figure class=\"wp-block-image size-large\"><img decoding=\"async\" src=\"https:\/\/homotheoreticus.files.wordpress.com\/2019\/09\/img_3911.jpg?w=1024\" alt=\"\" class=\"wp-image-1095\"\/><figcaption>Sendero a lo largo del valle por pampa de coirones<\/figcaption><\/figure>\n\n\n\n<p>Al final del valle se llega a un caj\u00f3n con bosques de araucarias. Es el mediod\u00eda y paso por un puesto de madera. Sale un se\u00f1or y me saluda. Era el sr. Jos\u00e9, que estaba pasando el verano all\u00e1 arriba con su familia. Lo acompa\u00f1aba en aquel momento su madre, quien hablaba solo en mapudung\u00fa. Me invitaron a comer pan amasado y tomar unos mates. Yo compart\u00ed un salam\u00edn que tra\u00eda conmigo, comida poco com\u00fan en Chile. Despu\u00e9s de charlar un buen rato, prosegu\u00ed con mi caminata.<\/p>\n\n\n\n<figure class=\"wp-block-image\"><img decoding=\"async\" src=\"https:\/\/homotheoreticus.files.wordpress.com\/2019\/09\/img_3918.jpg?w=1024\" alt=\"\" class=\"wp-image-1096\"\/><figcaption>Don Jos\u00e9 y Juana en un puesto de veraneo de la comunidad pehuenche<\/figcaption><\/figure>\n\n\n\n<p>A continuaci\u00f3n ven\u00eda una subida de aproximadamente 600 metros, por bosque de ca\u00f1a y lenga. Si bien la subida es abrupta, se disfruta mucho de la sombra y las vistas hacia el valle. <\/p>\n\n\n\n<figure class=\"wp-block-image\"><img decoding=\"async\" src=\"https:\/\/homotheoreticus.files.wordpress.com\/2019\/09\/img_3920.jpg?w=1024\" alt=\"\" class=\"wp-image-1097\"\/><figcaption>Sendero en subida a trav\u00e9s de bosque de ca\u00f1a y lenga<\/figcaption><\/figure>\n\n\n\n<p>Cuando llego arriba, el paisaje se transforma. Estoy en una gran meseta, caminando sobre rocas. Sobresalen las araucarias aisladas a lo ancho del paisaje. A lo lejos se ve la Cordillera.<\/p>\n\n\n\n<figure class=\"wp-block-image\"><img decoding=\"async\" src=\"https:\/\/homotheoreticus.files.wordpress.com\/2019\/09\/img_3928.jpg?w=1024\" alt=\"\" class=\"wp-image-1098\"\/><figcaption>Vista de la meseta en un paisaje de araucarias y cordillera <\/figcaption><\/figure>\n\n\n\n<p>La huella se dispersa a menudo, por lo que tengo que estar atengo al GPS. En un momento tengo que zigzaguear por laberintos de lenga achaparrada. Hay sol sin reparo, pero el viento sopla con fuerza y hace la caminata agradable. A eso de las 16 hs, descubro la Laguna El Barco desde arriba, encerrada en un caj\u00f3n de monta\u00f1as y bosque de coig\u00fce. A lo lejos se ve el Volc\u00e1n Copahue, cuya cumbre marca el l\u00edmite fronterizo con Argentina.<\/p>\n\n\n\n<figure class=\"wp-block-image\"><img decoding=\"async\" src=\"https:\/\/homotheoreticus.files.wordpress.com\/2019\/09\/img_3950.jpg?w=1024\" alt=\"\" class=\"wp-image-1099\"\/><figcaption>Laguna El Barco, escondida entre monta\u00f1as, al pie del volc\u00e1n Copahue<\/figcaption><\/figure>\n\n\n\n<p>La bajada a la laguna es bastante empinada. Se ingreso a un bosque h\u00famedo de gigantescos coig\u00fces. Hay un camping organizado de la comunidad pehuenche, con varias personas acampando. El viento sopla con fuerza en la playa, as\u00ed que tengo que armar la carpa tierra adentro. Una familia de acampantes me invita a tomar mate y compartir el fog\u00f3n. Fue una excelente jornada.<\/p>\n\n\n\n<h4 class=\"wp-block-heading\">D\u00eda 37 (23,5 km)<\/h4>\n\n\n\n<p>Al d\u00eda siguiente desayun\u00e9 disfrutando la vista al lago y sal\u00ed a caminar bien temprano. Ya hab\u00eda algunos pescadores tirando sus ca\u00f1as<\/p>\n\n\n\n<figure class=\"wp-block-image size-large\"><img decoding=\"async\" src=\"https:\/\/homotheoreticus.files.wordpress.com\/2019\/09\/img_3969.jpg?w=1024\" alt=\"\" class=\"wp-image-1100\"\/><figcaption>Laguna El Barco apacible por la ma\u00f1ana<\/figcaption><\/figure>\n\n\n\n<p>La primera parte de la caminata transcurre en un sendero, para confluir con una huella vehicular no transitada. En determinado momento me cruce un cartel que indica \u00abaqu\u00ed la trinchera\u00bb. A\u00f1os atr\u00e1s, Argentina y Chile estuvieron al borde de la guerra. Por eso, en esta \u00e1rea se cavaron trincheras, de lo que ahora solo quedan zanjas tapadas por ca\u00f1a colig\u00fce.<\/p>\n\n\n\n<figure class=\"wp-block-image\"><img decoding=\"async\" src=\"https:\/\/homotheoreticus.files.wordpress.com\/2019\/09\/img_3982.jpg?w=1024\" alt=\"\" class=\"wp-image-1101\"\/><figcaption>Cartel indicando una antigua trinchera cerca del l\u00edmite con Argentina<\/figcaption><\/figure>\n\n\n\n<p>El pr\u00f3ximo objetivo era llegar a la poblaci\u00f3n rural de Guallali. Hac\u00eda mucho calor y estaba cansado. Incluso me dol\u00eda un poco la cabeza.<\/p>\n\n\n\n<figure class=\"wp-block-image\"><img decoding=\"async\" src=\"https:\/\/homotheoreticus.files.wordpress.com\/2019\/09\/img_3986.jpg?w=1024\" alt=\"\" class=\"wp-image-1102\"\/><figcaption>Huella vehicular interna de la comunidad pehuenche en direcci\u00f3n a Guallali<\/figcaption><\/figure>\n\n\n\n<p>Guallali es una poblaci\u00f3n m\u00e1s peque\u00f1a que Trapa Trapa. Consiste en casas rurales dispersas. Me detuve en la oficina de Carabineros, donde me registr\u00e9 y me ofrecieron sentarme a descansar un rato. Aprovech\u00e9 para almorzar de mis provisiones. Estaba tan cansado que me qued\u00e9 dormido sentado. Al rato el comisario me propuso parar en el alojamiento de Pedro, su hijo, que adem\u00e1s contaba con proveedur\u00eda.<\/p>\n\n\n\n<p>Sal\u00ed afuera y tuve mi segundo encuentro con caminantes del GPT. Era una pareja de suizos, Beatriz y Martin, que ven\u00edan del paso Moncol, con sus bastones y sus mochilas. Nos pusimos inmediatamente a conversar. Aprovech\u00e9 para preguntarles por el estado del sendero, ya que seg\u00fan informaci\u00f3n reciente que se hab\u00eda publicado en Internet, hab\u00eda habido un derrumbe. Me dijeron que no hab\u00edan tenido inconveniente y me se\u00f1alaron con el GPS por d\u00f3nde pod\u00eda cruzaron. Ellos tomar\u00edan el bus a Lonquimay bien temprano, para descansar y comprar v\u00edveres. Yo segu\u00eda mi traves\u00eda.<\/p>\n\n\n\n<h3 class=\"wp-block-heading\">Secci\u00f3n 11: \u00abCerro Moncol\u00bb<\/h3>\n\n\n\n<h4 class=\"wp-block-heading\">D\u00eda 38 (27,1 km)<\/h4>\n\n\n\n<p>A la ma\u00f1ana aprovecho para comprar v\u00edveres en el almac\u00e9n de Pedro. La verdad es que no hay mucha variedad, por lo que mi dieta va a sufrir un poco la falta de prote\u00ednas. Pero es suficiente para \u00abpicotear\u00bb en el d\u00eda.<\/p>\n\n\n\n<figure class=\"wp-block-image\"><img decoding=\"async\" src=\"https:\/\/homotheoreticus.files.wordpress.com\/2019\/09\/img_3993.jpg?w=1024\" alt=\"\" class=\"wp-image-1103\"\/><figcaption>Comida en bolsas separadas para cada d\u00eda<\/figcaption><\/figure>\n\n\n\n<p>Despu\u00e9s de una breve subida por huella vehicular menor, el sendero comienza un largo trecho a lo largo de un valle en direcci\u00f3n a la frontera.Son aproximadamente unos 20 kil\u00f3metros de caminata suave, entre ca\u00f1as, lengas, araucarias y pampas de coirones. <\/p>\n\n\n\n<figure class=\"wp-block-image\"><img decoding=\"async\" src=\"https:\/\/homotheoreticus.files.wordpress.com\/2019\/09\/img_4001.jpg?w=1024\" alt=\"\" class=\"wp-image-1104\"\/><figcaption>Sendero polvoriento cerca del l\u00edmite con Argentina<\/figcaption><\/figure>\n\n\n\n<p>Me cruzo una sola persona en todo el d\u00eda, es un joven arriero llevando ganado. Las araucarias son las protagonistas de toda la regi\u00f3n. Estos \u00e1rboles tienen un crecimiento muy lento, llegando a vivir m\u00e1s de mil a\u00f1os.<\/p>\n\n\n\n<figure class=\"wp-block-image\"><img decoding=\"async\" src=\"https:\/\/homotheoreticus.files.wordpress.com\/2019\/09\/img_4003.jpg?w=1024\" alt=\"\" class=\"wp-image-1105\"\/><figcaption>Escenario de araucarias a lo largo del valle<\/figcaption><\/figure>\n\n\n\n<p>En determinado momento, desv\u00edo mi rumbo al sur y comienzo a subir por un valle de altura. Tengo que atravesar varios bosques de lenga, al costado de un peque\u00f1o arroyo. Al final de la jornada tengo una subida de unos 600 metros en forma de zigzag. Voy siempre por bosque, que se va transformando en lenga achaparrada a medida que gano altura.<\/p>\n\n\n\n<figure class=\"wp-block-image\"><img decoding=\"async\" src=\"https:\/\/homotheoreticus.files.wordpress.com\/2019\/09\/img_4020.jpg?w=1024\" alt=\"\" class=\"wp-image-1107\"\/><figcaption>La lenga va cambiando su fisonom\u00eda dependiendo de la altura y los nutrientes del suelo<\/figcaption><\/figure>\n\n\n\n<p>Superado el l\u00edmite del bosque, accedo a un caj\u00f3n de monta\u00f1as. En el lugar se respira una paz inigualable. Se escucha el agua caer por una cascada de deshielo y se oye el mugido con eco de unas vacas.<\/p>\n\n\n\n<figure class=\"wp-block-image\"><img decoding=\"async\" src=\"https:\/\/homotheoreticus.files.wordpress.com\/2019\/09\/img_4023.jpg?w=1024\" alt=\"\" class=\"wp-image-1108\"\/><figcaption>Caj\u00f3n de monta\u00f1as al finalizar el d\u00eda<\/figcaption><\/figure>\n\n\n\n<p>S\u00e9 que a esa altura durante la noche har\u00e1 fr\u00edo y tal vez haya escarcha. Por eso necesito reparo. Encuentro un peque\u00f1o hueco para mi carpa entre las lengas achaparradas y logro emplazar all\u00ed mi peque\u00f1a carpa. Lo malo es que tendr\u00e9 que dormir inclinado, pero no hay mejores opciones. Las ramas de estos \u00e1rboles me permiten contener la humedad del ambiente. La tranquilidad que se disfruta all\u00ed arriba es incomparable.<\/p>\n\n\n\n<figure class=\"wp-block-image\"><img decoding=\"async\" src=\"https:\/\/homotheoreticus.files.wordpress.com\/2019\/09\/img_4029.jpg?w=1024\" alt=\"\" class=\"wp-image-1109\"\/><figcaption>Acampando entre las lengas achaparradas, que sirven como barreras a la humedad de la noche<\/figcaption><\/figure>\n\n\n\n<h4 class=\"wp-block-heading\">D\u00eda 39 (19 km)<\/h4>\n\n\n\n<p>Salgo a caminar bien temprano para aprovechar el fresco de la ma\u00f1ana. Me dirijo hacia el paso el final del valle. Con la altura se siente cada vez m\u00e1s el viento.<\/p>\n\n\n\n<figure class=\"wp-block-image\"><img decoding=\"async\" src=\"https:\/\/homotheoreticus.files.wordpress.com\/2019\/09\/img_4040.jpg?w=1024\" alt=\"\" class=\"wp-image-1110\"\/><figcaption>Subida final por huella de animal<\/figcaption><\/figure>\n\n\n\n<p>El paso se encuentra a unos 2200 msnm. Del otro lado, tengo una hermosa vista, con monta\u00f1as que adquieren tintes anaranjado y colorado. De algunos lugares brotan bocanadas de vapor. A lo lejos, como de costumbre, est\u00e1 la cumbre nevada de un volc\u00e1n.<\/p>\n\n\n\n<figure class=\"wp-block-image\"><img decoding=\"async\" src=\"https:\/\/homotheoreticus.files.wordpress.com\/2019\/09\/img_4052.jpg?w=1024\" alt=\"\" class=\"wp-image-1112\"\/><figcaption>Vista hacia el valle de Ranquil desde el Cord\u00f3n del Cerro Moncol<\/figcaption><\/figure>\n\n\n\n<p>El descenso de ese d\u00eda fue bastante complicado. Esto se deb\u00eda a que en la parte m\u00e1s alta no hay sendero. La ruta del GPS ofrec\u00eda varias alternativas, y b\u00e1sicamente hay que avanzar \u00aba ojo\u00bb, seg\u00fan la intuici\u00f3n del caminante. En determinado momento, pude ver el \u00e1rea afectada por el derrumbe.<\/p>\n\n\n\n<figure class=\"wp-block-image\"><img decoding=\"async\" src=\"https:\/\/homotheoreticus.files.wordpress.com\/2019\/09\/img_4071.jpg?w=1024\" alt=\"\" class=\"wp-image-1113\"\/><figcaption>En el filo del cord\u00f3n monta\u00f1oso de enfrente pude ver el \u00e1rea afectada por el derrumbe<\/figcaption><\/figure>\n\n\n\n<p>Segu\u00ed subiendo y bajando en aquel paisaje de monta\u00f1a, siempre por altura. A veces ten\u00eda que usar las manos por el acarreo. Vi las aguas termales agrestes a la distancia, en forma de bocanadas de vapor, pero pas\u00e9 de largo.<\/p>\n\n\n\n<p>Aquel d\u00eda sufr\u00ed un inconveniente no menor. A partir de las 11 hs aproximadamente, empez\u00f3 una plaga de t\u00e1banos. En cada arroyo, en cada mall\u00edn, empezaban a seguirme decenas de ellos. Eran tan molestos para caminar que me hicieron tropezar dos veces. La \u00fanica manera de deshacerme de ellos moment\u00e1neamente era subir a una punta sin vegetaci\u00f3n y matarlos uno por uno, aunque al descender despu\u00e9s se volv\u00eda a llenar. Una vez en el sendero, descubr\u00ed que si sacud\u00eda los bastones mientras caminaba, los t\u00e1banos nunca alcanzaban a picarme. As\u00ed segu\u00ed unos cuantos metros, apurando el paso todo lo posible. La velocidad tambi\u00e9n les dificulta seguirme.<\/p>\n\n\n\n<figure class=\"wp-block-image\"><img decoding=\"async\" src=\"https:\/\/homotheoreticus.files.wordpress.com\/2019\/09\/img_4080.jpg?w=1024\" alt=\"\" class=\"wp-image-1114\"\/><figcaption>Sendero en bajada hacia el valle de Ranquil, huyendo de los t\u00e1banos<\/figcaption><\/figure>\n\n\n\n<p>Una vez dentro del l\u00edmite de vegetaci\u00f3n, empez\u00f3 a soplar el viento y los t\u00e1banos se fueron yendo. La sombra de los \u00e1rboles ayuda. Por tal motivo, la bajada final fue m\u00e1s agradable. A eso de las 17 hs llegu\u00e9 a un puesto de Carabineros.<\/p>\n\n\n\n<figure class=\"wp-block-image\"><img decoding=\"async\" src=\"https:\/\/homotheoreticus.files.wordpress.com\/2019\/09\/img_4087.jpg?w=1024\" alt=\"\" class=\"wp-image-1116\"\/><figcaption>Avanzada de carabineros en Ranquil<\/figcaption><\/figure>\n\n\n\n<p>Me dijeron que ten\u00eda que registrarme. \u00bf\u00bbNo vendr\u00e1 usted sin papeles de Argentina, no?\u00bb, me preguntaban, ya que la frontera estaba a unos pocos kil\u00f3metros, \u00abcada tanto pillamos a uno queriendo cruzar de manera ilegal\u00bb. Pese a este tipo de preguntas obligatorias, los carabineros fueron  totalmente amigable. Me invitaron a sentarme y, sin preguntar, me sirvieron un plato de pollo. Inmediatamente sigui\u00f3 la pregunta: \u00ab\u00bftoma chela?\u00bb, y me pusieron una lata de cerveza sobre la mesa.<\/p>\n\n\n\n<figure class=\"wp-block-image\"><img decoding=\"async\" src=\"https:\/\/homotheoreticus.files.wordpress.com\/2019\/09\/img_4088.jpg?w=1024\" alt=\"\" class=\"wp-image-1115\"\/><figcaption>Merendando pollo con los carabineros de la avanzada de Ranquil<\/figcaption><\/figure>\n\n\n\n<p>Aquella tarde, los carabineros iban a comprar v\u00edveres a Lonquimay. Tuve la suerte de poder ir con ellos en auto para comprar algunos v\u00edveres y poder tirar m\u00e1s d\u00edas en mi traves\u00eda.<\/p>\n\n\n\n<h3 class=\"wp-block-heading\">Secci\u00f3n 12: \u00abR\u00edo Rahue\u00bb<\/h3>\n\n\n\n<h4 class=\"wp-block-heading\">D\u00eda 40 (31,5 km)<\/h4>\n\n\n\n<p>Despu\u00e9s de unos mates, me despido sumamente agradecido de los carabineros. A lo largo de la ma\u00f1ana asciendo por una huella bien marcada, entre coirones, arbustos y araucarias.<\/p>\n\n\n\n<figure class=\"wp-block-image\"><img decoding=\"async\" src=\"https:\/\/homotheoreticus.files.wordpress.com\/2019\/09\/img_4102.jpg?w=1024\" alt=\"\" class=\"wp-image-1118\"\/><figcaption>Huella de animal bien marcada a lo largo del valle<\/figcaption><\/figure>\n\n\n\n<p>El sendero es largo y con buena sombra. Tengo que vadear una y otra vez el r\u00edo Rahue. Alrededor del valle, las araucarias sobresalen erguidas sobre las murallas naturales de piedra.<\/p>\n\n\n\n<figure class=\"wp-block-image\"><img decoding=\"async\" src=\"https:\/\/homotheoreticus.files.wordpress.com\/2019\/09\/img_4109.jpg?w=1024\" alt=\"\" class=\"wp-image-1119\"\/><figcaption>Las araucarias crecen sobre las murallas naturales de piedra<\/figcaption><\/figure>\n\n\n\n<p>A eso del mediod\u00eda llego a la Laguna Marinanqui. La rodeo por la margen este,  a trav\u00e9s de un bello sendero de bosque de lenga y ca\u00f1a.<\/p>\n\n\n\n<figure class=\"wp-block-image\"><img decoding=\"async\" src=\"https:\/\/homotheoreticus.files.wordpress.com\/2019\/09\/img_4114.jpg?w=1024\" alt=\"\" class=\"wp-image-1120\"\/><figcaption>Laguna Marinanqui<\/figcaption><\/figure>\n\n\n\n<p>Superada la laguna hay una peque\u00f1a subida y el camino sigue todo el d\u00eda por altura, en descendiendo gradualmente a trav\u00e9s de bosque y peque\u00f1as pampas de coirones. La huella est\u00e1 bien marcada por el tr\u00e1nsito de ganado, pero sin embargo, no hay una sola alma humana.<\/p>\n\n\n\n<figure class=\"wp-block-image\"><img decoding=\"async\" src=\"https:\/\/homotheoreticus.files.wordpress.com\/2019\/09\/img_4120.jpg?w=1024\" alt=\"\" class=\"wp-image-1122\"\/><figcaption>Paisaje de precordillera: sobresalen las formaciones rocosas y las araucarias<\/figcaption><\/figure>\n\n\n\n<p>Al final del d\u00eda, tengo que dejar la huella y caminar un poco por pampa de coirones. Llego a uno de los r\u00edos que desembocan en el Lonquimay. Por lo que puedo ver, la huella resurge de la margen de enfrente, se\u00f1al de que voy por buen camino. Decido armar la carpa bajo el reparo de unos \u00e1rboles y me dispongo a descansar.<\/p>\n\n\n\n<h4 class=\"wp-block-heading\">D\u00eda 41 (30,4 km)<\/h4>\n\n\n\n<p>Tuve bastante condensaci\u00f3n a la noche, debido a la humedad del r\u00edo y los altos pastos que me rodeaban. Cuelgo la carpa y la bolsa de dormir de unas ramas y mientras el sol hace su trabajo, me siento a disfrutar de un desayuno fr\u00edo.<\/p>\n\n\n\n<figure class=\"wp-block-image\"><img decoding=\"async\" src=\"https:\/\/homotheoreticus.files.wordpress.com\/2019\/09\/img_4127.jpg?w=1024\" alt=\"\" class=\"wp-image-1123\"\/><figcaption>Desayunando leche con cereal en un bolsa ziploc<\/figcaption><\/figure>\n\n\n\n<p>A eso de las 10 de la ma\u00f1ana, vadeo el r\u00edo y me reencuentro con el sendero. Ando m\u00e1s o menos hora y media caminando por un sendero tranquilo de relativa altura.<\/p>\n\n\n\n<figure class=\"wp-block-image\"><img decoding=\"async\" src=\"https:\/\/homotheoreticus.files.wordpress.com\/2019\/09\/img_4132.jpg?w=1024\" alt=\"\" class=\"wp-image-1125\"\/><figcaption>En el paisaje sobresalen grandes barricadas de piedra con araucarias haciendo de centinela<\/figcaption><\/figure>\n\n\n\n<p>En determinado momento, me cruzo con un arriero. Viene con sus perros y un peque\u00f1o reba\u00f1o de cabras. Mi llegada las asusta y se dispersan por el cerro. Nos saludamos y me indica por d\u00f3nde tengo que continuar para acceder al siguiente valle.<\/p>\n\n\n\n<figure class=\"wp-block-image\"><img decoding=\"async\" src=\"https:\/\/homotheoreticus.files.wordpress.com\/2019\/09\/img_4137.jpg?w=1024\" alt=\"\" class=\"wp-image-1126\"\/><figcaption>La caminata asciende gradualmente faldeando el cerro a lo largo del valle<\/figcaption><\/figure>\n\n\n\n<p>A partir de all\u00ed, tuve que iniciar un ascenso muy demandante, de unos 1000 metros sin sendero. Transpir\u00e9 mucho. Las araucarias fueron mi compa\u00f1\u00eda toda la subida. Una vez que pas\u00e9 el \u00e1rea de lenga achaparrada, ingres\u00e9 a una gran meseta \u00e1rida, conocida como la Meseta de Malonehue. Entre las lagunas de altura, hab\u00eda una tropilla de caballos. El viento soplaba cada vez con mayor fuerza.<\/p>\n\n\n\n<figure class=\"wp-block-image size-large\"><img decoding=\"async\" src=\"https:\/\/homotheoreticus.files.wordpress.com\/2019\/09\/vlcsnap-2019-09-07-15h53m16s339-e1567883042329.png?w=736\" alt=\"\" class=\"wp-image-1019\"\/><figcaption>Dejando atr\u00e1s la meseta de Malonehue y las lagunas Mellizas. Muy a lo lejos se ven los grandes volcanes.<\/figcaption><\/figure>\n\n\n\n<p>Despu\u00e9s de mucho esfuerzo, llegu\u00e9 a una cumbre de 2198 msnm. La vista era impresionante. A la distancia se pod\u00eda ver una seguidilla de volcanes nevados, uno atr\u00e1s de otro: el volc\u00e1n Llaima, el Tierra Nevada, el Lonquimay, el Tolguaca, el Callaqui y el Copahue. Sigo caminando por el filo y desciendo por acarreo hasta un nuevo valle. En la bajada, puedo disfrutar de un hermoso bosque de lenga, coig\u00fce y araucarias. El sendero se transforma en una huella vehicular hasta acceder a una zona de pampa.<\/p>\n\n\n\n<figure class=\"wp-block-image\"><img decoding=\"async\" src=\"https:\/\/homotheoreticus.files.wordpress.com\/2019\/09\/img_4170.jpg?w=1024\" alt=\"\" class=\"wp-image-1127\"\/><figcaption>Agradable bosque de araucaria y lenga en bajada<\/figcaption><\/figure>\n\n\n\n<p>Saludo a unos pobladores que viven al costado del camino vehicular. Me detengo a descansar y comer un aperitivo. Decido hacer el \u00faltimo ascenso del d\u00eda. Subo hasta otra meseta de altura, con un sendero polvoriento que zigzaguea entre la lenga achaparrada.<\/p>\n\n\n\n<figure class=\"wp-block-image\"><img decoding=\"async\" src=\"https:\/\/homotheoreticus.files.wordpress.com\/2019\/09\/img_4178.jpg?w=1024\" alt=\"\" class=\"wp-image-1128\"\/><figcaption>Sendero elevado entre pampa de coirones y lenga achaparrada<\/figcaption><\/figure>\n\n\n\n<p>El \u00faltimo paso es relativamente sencillo, sin nada de acarreo, todo sendero y suelo firme. Del otro lado, ingreso a un estrecho camino de vaca por el bosque de lenga. Me cruzo numerosos reba\u00f1os de cabras y ovejas que descansan entre las piedras y los mallines de altura. Disfruto mucho caminar al atardecer, porque ya no hace tanto calor y tampoco hay insectos.<\/p>\n\n\n\n<figure class=\"wp-block-image\"><img decoding=\"async\" src=\"https:\/\/homotheoreticus.files.wordpress.com\/2019\/09\/img_4194.jpg?w=1024\" alt=\"\" class=\"wp-image-1129\"\/><figcaption>\u00daltima hora de caminata por bosque de lenga<\/figcaption><\/figure>\n\n\n\n<p>A eso de las 19 horas me cruzo un hombre a caballo y lo saludo. Se llama Maximiliano Lagos. Inmediatamente, me invita a acampar cerca de su puesto, que est\u00e1 un poco m\u00e1s abajo. Me explica que est\u00e1 por terminar unas tareas arriba del cerro y luego va a regresar. <\/p>\n\n\n\n<p>Todos los caminantes que hicieron el Sendero Gran Patagonia conocen a Maximiliano Lagos. Todos han pasado por su c\u00e9lebre puesto en el valle de araucarias. Cuando llego me recibe su hermana, que estaba de vacaciones con su sobrina. Nos quedamos hasta tarde conversando y tomando mate. Maximiliano me cont\u00f3 la historia de todos los caminantes que hab\u00edan pasado por all\u00ed, empezando por Jan Dudeck, el creado del Sendero Gran Patagonia. Hace pocos a\u00f1os incluso se film\u00f3 all\u00ed un documental.<\/p>\n\n\n\n<p>Maximiliano es un antiguo poblador de la zona. Pertenece a la comunidad local mapuche. Se cri\u00f3 y pas\u00f3 su infancia entre los animales de campo. H\u00e1bil jinete, conoce los cerros a la perfecci\u00f3n. Es un notable ejemplo de hospitalidad y le gusta mucho conversar con los viajeros.<\/p>\n\n\n\n<figure class=\"wp-block-image\"><img decoding=\"async\" src=\"https:\/\/homotheoreticus.files.wordpress.com\/2019\/09\/img_4198.jpg?w=1024\" alt=\"\" class=\"wp-image-1130\"\/><figcaption>Maximiliano Lagos en su puesto de veraneada<\/figcaption><\/figure>\n\n\n\n<h4 class=\"wp-block-heading\">D\u00eda 42 (37,5 km)<\/h4>\n\n\n\n<p>Desde que sal\u00ed de Santiago, en cada lugar que pasaba me contaron la historia de una mujer, apodada \u00abla gringa\u00bb, que hab\u00eda decidido recorrer la Cordillera de Chile a caballo. Gracias a Maximiliano conoc\u00ed el final de la historia. La joven, tras andar varios meses, termin\u00f3 la traves\u00eda en el puesto, donde Maximiliano se dio que el animal necesitaba ver al veterinario. Me cont\u00f3 que en una oportunidad, sacrific\u00f3 un chivito y lo hizo al asador para agasajar a unos caminantes, pero result\u00f3 que los visitantes eran vegetarianos.<\/p>\n\n\n\n<figure class=\"wp-block-image\"><img decoding=\"async\" src=\"https:\/\/homotheoreticus.files.wordpress.com\/2019\/09\/img_4202.jpg?w=1024\" alt=\"\" class=\"wp-image-1131\"\/><figcaption>Despedida de Maximiliano Lagos<\/figcaption><\/figure>\n\n\n\n<p>El resto del d\u00eda camin\u00e9 por terreno abierto, entre pampas de coirones, subiendo y bajando por cerros de precordillera. Antes de llegar a la Laguna Escondida, me cruc\u00e9 un paisano a caballo, quien me dijo que se aproximaba un grupo de escoceses.<\/p>\n\n\n\n<figure class=\"wp-block-image\"><img decoding=\"async\" src=\"https:\/\/homotheoreticus.files.wordpress.com\/2019\/09\/img_4213.jpg?w=1024\" alt=\"\" class=\"wp-image-1132\"\/><figcaption>Laguna Escondida, entre lengas y mallines<\/figcaption><\/figure>\n\n\n\n<p>En determinado momento, veo a lo lejos bajar de un cerro a un grupo de mochileros. Eran los escoceses. Me acerco a saludar y nos quedamos conversando un rato. Fue un agradable encuentro. Intercambiamos informaci\u00f3n valiosa sobre el estado del camino.<\/p>\n\n\n\n<figure class=\"wp-block-image\"><img decoding=\"async\" src=\"https:\/\/homotheoreticus.files.wordpress.com\/2019\/09\/img_4217.jpg?w=1024\" alt=\"\" class=\"wp-image-1133\"\/><figcaption>Grupo de escoceses que ven\u00edan caminando el GPT desde hace 3 meses<\/figcaption><\/figure>\n\n\n\n<p>Pasado el mediod\u00eda empieza a hacer mucho calor y reaparecen los t\u00e1banos. Se pusieron muy molestos cerca de la \u00faltima laguna, en especial en los mallines. En consecuencia decido caminar r\u00e1pido y mantenerme en zonas abiertas donde sople el viento.<\/p>\n\n\n\n<figure class=\"wp-block-image\"><img decoding=\"async\" src=\"https:\/\/homotheoreticus.files.wordpress.com\/2019\/09\/img_4221.jpg?w=1024\" alt=\"\" class=\"wp-image-1134\"\/><figcaption>Vista a la Laguna Verde<\/figcaption><\/figure>\n\n\n\n<p>Los \u00faltimos kil\u00f3metros los pas\u00e9 caminando por ruta vehicular, en descenso gradual hasta la localidad de Liucura. Fue una caminata larga y agotadora.<\/p>\n\n\n\n<figure class=\"wp-block-image\"><img decoding=\"async\" src=\"https:\/\/homotheoreticus.files.wordpress.com\/2019\/09\/img_4227.jpg?w=1024\" alt=\"\" class=\"wp-image-1135\"\/><figcaption>Descenso por camino vehicular hasta la localidad de Liucura<\/figcaption><\/figure>\n\n\n\n<h3 class=\"wp-block-heading\">Secci\u00f3n 13: \u00abLaguna Icalma\u00bb<\/h3>\n\n\n\n<h4 class=\"wp-block-heading\">D\u00eda 43 (33,4 km)<\/h4>\n\n\n\n<p>El d\u00eda siguiente fue probablemente el menos atractivo de toda la traves\u00eda, pero sirvi\u00f3 como un descanso de tantas subidas y bajadas por la monta\u00f1a. Comenc\u00e9 con un puente peatonal que cruza el R\u00edo B\u00edo-B\u00edo, en las afueras de Liucura. Del otro lado tuve que saltar un alambrado. Cada vez que se me presenta una situaci\u00f3n similar, r\u00e1pido trato de encontrar al due\u00f1o  para solicitar permiso. En este caso, habl\u00e9 con el encargado y pude seguir sin problema.<\/p>\n\n\n\n<figure class=\"wp-block-image\"><img decoding=\"async\" src=\"https:\/\/homotheoreticus.files.wordpress.com\/2019\/09\/img_4235.jpg?w=1024\" alt=\"\" class=\"wp-image-1137\"\/><figcaption>Cruzando el R\u00edo B\u00edo B\u00edo al comienzo de la secci\u00f3n 13<\/figcaption><\/figure>\n\n\n\n<p>El camino asciendo por huella de auto en medio de una plantaci\u00f3n de pinos. Hay vistas bellas hacia el paisaje de precordillera.<\/p>\n\n\n\n<figure class=\"wp-block-image\"><img decoding=\"async\" src=\"https:\/\/homotheoreticus.files.wordpress.com\/2019\/09\/img_4241.jpg?w=1024\" alt=\"\" class=\"wp-image-1138\"\/><figcaption>Huella vehicular en medio del bosque de pinos<\/figcaption><\/figure>\n\n\n\n<p>Al este se encuentra muy cerca la frontera con Argentina. Estoy a la altura de Villa Pehuenia, donde hab\u00eda empezado la Huella Andina en 2017. Puedo ver al fondo el volc\u00e1n Batea Mahuida, que se encuentra al pie del Lago Alumin\u00e9. Cruzar de un pa\u00eds a otro ser\u00eda cuesti\u00f3n de minutos.<\/p>\n\n\n\n<figure class=\"wp-block-image\"><img decoding=\"async\" src=\"https:\/\/homotheoreticus.files.wordpress.com\/2019\/09\/img_4242.jpg?w=1024\" alt=\"\" class=\"wp-image-1139\"\/><figcaption>Al fondo se ve el Volc\u00e1n Batea Mahuida, en la frontera con Argentina<\/figcaption><\/figure>\n\n\n\n<p>En determinado momento, desciendo a un bosque de lengas y tengo que vadear el R\u00edo B\u00edo-B\u00edo. Me llevo una sorpresa, ya que viene con m\u00e1s caudal del que esperaba. Ya del otro lado, tengo un poco de campo traviesa hasta conectar con la ruta principal. Cruc\u00e9 con zapatillas puestas, pero en unos pocos minutos de caminata se secaron solas. Finalmente llego a la Laguna Icalma. <\/p>\n\n\n\n<figure class=\"wp-block-image\"><img decoding=\"async\" src=\"https:\/\/homotheoreticus.files.wordpress.com\/2019\/09\/img_4259.jpg?w=1024\" alt=\"\" class=\"wp-image-1141\"\/><figcaption>Llegando a la Laguna Icalma. Hay varios campings en los alrededores.<\/figcaption><\/figure>\n\n\n\n<p>Despu\u00e9s de andar por ruta vehicular un rato llego a la localidad hom\u00f3nima. Es un destino tur\u00edstico muy concurrido, por lo que abundan autos y carpas por todos lados. Paso la noche en un camping cerca de la laguna, donde me pego una buena ducha y recobro fuerzas para el d\u00eda siguiente.<\/p>\n\n\n\n<figure class=\"wp-block-image\"><img decoding=\"async\" src=\"https:\/\/homotheoreticus.files.wordpress.com\/2019\/09\/img_4261.jpg?w=1024\" alt=\"\" class=\"wp-image-1140\"\/><\/figure>\n\n\n\n<p>En adelante, voy a dejar atr\u00e1s el paisaje \u00e1rido de precordillera para internarme internarme en los bosques de coig\u00fce, que crecen a orillas de los r\u00edos y lagos del sur.<\/p>\n\n\n\n<p><em>Ir a la <a href=\"https:\/\/homotheoreticus.wordpress.com\/2019\/09\/15\/resena-del-sendero-gran-patagonia-4-parte\/\">cuarta parte.<\/a><\/em><\/p>\n\n\n\n<p>Volver a la <a href=\"https:\/\/homotheoreticus.wordpress.com\/2019\/09\/08\/resena-del-sendero-gran-patagonia-2-parte\/\">Segunda Parte<\/a><\/p>\n","protected":false},"excerpt":{"rendered":"<p>Rese\u00f1a de mi paso por las secciones 9 a 13 del Sendero Gran Patagonia, entre el Parque Nacional Laguna de la Laja y la Laguna Icalma. <\/p>\n","protected":false},"author":2,"featured_media":1898,"comment_status":"open","ping_status":"open","sticky":false,"template":"","format":"standard","meta":{"om_disable_all_campaigns":false,"_monsterinsights_skip_tracking":false,"_monsterinsights_sitenote_active":false,"_monsterinsights_sitenote_note":"","_monsterinsights_sitenote_category":0,"_uf_show_specific_survey":0,"_uf_disable_surveys":false,"cybocfi_hide_featured_image":"","footnotes":""},"categories":[6,1,2],"tags":[14,21,22,39,40,42],"class_list":["post-1003","post","type-post","status-publish","format-standard","has-post-thumbnail","hentry","category-sendero-gran-patagonia-gpt","category-sin-categoria","category-travesias","tag-chile","tag-gpt","tag-greater-patagonian-trail","tag-sendero-gran-patagonia","tag-tercera-parte","tag-trekking"],"aioseo_notices":[],"_links":{"self":[{"href":"https:\/\/homotheoreticus.com\/index.php\/wp-json\/wp\/v2\/posts\/1003","targetHints":{"allow":["GET"]}}],"collection":[{"href":"https:\/\/homotheoreticus.com\/index.php\/wp-json\/wp\/v2\/posts"}],"about":[{"href":"https:\/\/homotheoreticus.com\/index.php\/wp-json\/wp\/v2\/types\/post"}],"author":[{"embeddable":true,"href":"https:\/\/homotheoreticus.com\/index.php\/wp-json\/wp\/v2\/users\/2"}],"replies":[{"embeddable":true,"href":"https:\/\/homotheoreticus.com\/index.php\/wp-json\/wp\/v2\/comments?post=1003"}],"version-history":[{"count":3,"href":"https:\/\/homotheoreticus.com\/index.php\/wp-json\/wp\/v2\/posts\/1003\/revisions"}],"predecessor-version":[{"id":1900,"href":"https:\/\/homotheoreticus.com\/index.php\/wp-json\/wp\/v2\/posts\/1003\/revisions\/1900"}],"wp:featuredmedia":[{"embeddable":true,"href":"https:\/\/homotheoreticus.com\/index.php\/wp-json\/wp\/v2\/media\/1898"}],"wp:attachment":[{"href":"https:\/\/homotheoreticus.com\/index.php\/wp-json\/wp\/v2\/media?parent=1003"}],"wp:term":[{"taxonomy":"category","embeddable":true,"href":"https:\/\/homotheoreticus.com\/index.php\/wp-json\/wp\/v2\/categories?post=1003"},{"taxonomy":"post_tag","embeddable":true,"href":"https:\/\/homotheoreticus.com\/index.php\/wp-json\/wp\/v2\/tags?post=1003"}],"curies":[{"name":"wp","href":"https:\/\/api.w.org\/{rel}","templated":true}]}}