{"id":1185,"date":"2019-09-15T11:48:14","date_gmt":"2019-09-15T14:48:14","guid":{"rendered":"https:\/\/homotheoreticus.wordpress.com\/?p=1185"},"modified":"2022-06-22T17:50:29","modified_gmt":"2022-06-22T17:50:29","slug":"resena-del-sendero-gran-patagonia-4-parte","status":"publish","type":"post","link":"https:\/\/homotheoreticus.com\/index.php\/2019\/09\/15\/resena-del-sendero-gran-patagonia-4-parte\/","title":{"rendered":"Rese\u00f1a del Sendero Gran Patagonia (4\u00b0 Parte)"},"content":{"rendered":"\n<p><em>Rese\u00f1a de mi paso por las secciones 14 a 19 del Sendero Gran Patagonia, entre la Laguna Icalma, en la Regi\u00f3n de la Araucan\u00eda, y Anticura, en la Regi\u00f3n del Lagos. Con esto termina mi caminata del verano 2018-2019. Como aspectos sobresalientes de esta parte, hay que mencionar la presencia de enormes coig\u00fces, la selva valdiviana, los bellos lagos y, especialmente, los paisajes volc\u00e1nicos de altura.<\/em><\/p>\n\n\n\n<h3 class=\"wp-block-heading\">Secciones 14 a 19 (428 km)<\/h3>\n\n\n\n<iframe loading=\"lazy\" src=\"https:\/\/www.google.com\/maps\/d\/embed?mid=1w51ucjWVQ-_dUS__5gQxO8E8Pyrrd476&amp;ehbc=2E312F\" width=\"640\" height=\"480\"><\/iframe>\n\n\n\n<p><em>Ascenso= 17497 m. Descenso= 18143 m.<br>Altitud m\u00e1xima= 1.785 msnm. Altitud m\u00ednima= 79 msnm.<\/em><\/p>\n\n\n\n<h4 class=\"wp-block-heading\">D\u00eda 44 (34 km)<\/h4>\n\n\n\n<p>Me levant\u00e9 temprano para desayunar mientras contemplaba la Laguna Icalma en su hora m\u00e1s apacible. Como de costumbre, desarm\u00e9 mi carpa y guard\u00e9 todos los elementos dentro de la mochila. Empezaba mi caminata hasta el pr\u00f3ximo objetivo: la localidad de Reigolil.<\/p>\n\n\n\n<p>En adelante, comienzan los bosques de coig\u00fce, caracter\u00edsticos por crecer en zonas h\u00famedas, junto a r\u00edos y lagos. Los paisajes por momentos son muy parecidos a la Patagonia Argentina, si bien en Chile se suele decir que la Patagonia est\u00e1 m\u00e1s al sur.<\/p>\n\n\n\n<figure class=\"wp-block-image size-large\"><img decoding=\"async\" src=\"https:\/\/homotheoreticus.files.wordpress.com\/2019\/09\/img_4302.jpg?w=1024\" alt=\"\" class=\"wp-image-1190\"\/><figcaption>Laguna Icalma<\/figcaption><\/figure>\n\n\n\n<p>Despu\u00e9s de caminar una hora por camino de auto, me desv\u00edo por una huella a la izquierda e ingreso en un peque\u00f1o sendero que transita entre araucarias.<\/p>\n\n\n\n<figure class=\"wp-block-image size-large\"><img decoding=\"async\" src=\"https:\/\/homotheoreticus.files.wordpress.com\/2019\/09\/img_4319.jpg?w=1024\" alt=\"\" class=\"wp-image-1191\"\/><figcaption>Peque\u00f1o sendero entre lengas y araucarias<\/figcaption><\/figure>\n\n\n\n<p>El camino se ir\u00e1 haciendo cada vez m\u00e1s tupido, pasando entre arbustos y ca\u00f1as colig\u00fces. Tengo que caminar s\u00ed o s\u00ed con pantal\u00f3n largo, ya que la vegetaci\u00f3n crecida genera mucho rose. Por un momento, me veo luchando contra la maleza, pero por suerte, hay un sendero visible. El sendero asciende hasta alcanzar los 1600 msnm y despu\u00e9s viene el descenso. Cada tanto encuentro marcas rojas en los \u00e1rboles. En determinado momento, llego a una huella vehicular en mal estado.<\/p>\n\n\n\n<figure class=\"wp-block-image size-large\"><img decoding=\"async\" src=\"https:\/\/homotheoreticus.files.wordpress.com\/2019\/09\/img_4352.jpg?w=1024\" alt=\"\" class=\"wp-image-1192\"\/><figcaption>Huella vehicular no transitada<\/figcaption><\/figure>\n\n\n\n<p>Paso el resto del d\u00eda caminando por huella de auto, entre bosque predominante de lenga. Tengo que cruzar varias tranqueras. A lo lejos, me voy acercando al volc\u00e1n Sullipulli. Estoy totalmente solo, ya que el camino est\u00e1 tapado por troncos ca\u00eddos y no es una zona tur\u00edstica.<\/p>\n\n\n\n<figure class=\"wp-block-image size-large\"><img decoding=\"async\" src=\"https:\/\/homotheoreticus.files.wordpress.com\/2019\/09\/img_4357.jpg?w=1024\" alt=\"\" class=\"wp-image-1193\"\/><figcaption>Divisando el Volc\u00e1n Sullipulli<\/figcaption><\/figure>\n\n\n\n<p>Al final del d\u00eda llego a unas casas. Ya se acerca la noche y pido permiso para acampar. El due\u00f1o es el Sr. Jofre, quien me indica un lugar para armar la carpa debajo de un techo. Para mi sorpresa, me invita a utilizar unas aguas termales que tiene en el patio. Es tarde, as\u00ed que apenas me mojo un poco antes que caiga el fr\u00edo.<\/p>\n\n\n\n<h4 class=\"wp-block-heading\">D\u00eda 45 (35,7 km)<\/h4>\n\n\n\n<p>Al d\u00eda siguiente empec\u00e9 a descubrir las particularidades clim\u00e1ticas de la regi\u00f3n. El bosque se hab\u00eda cubierto de una neblina, como si estuviera dentro de una nube, que se desplazaba lentamente pero de forma notoria toda la ma\u00f1ana. As\u00ed un par de horas hasta desaparecer. La humedad en la noche es inevitable, aunque el reparo de los \u00e1rboles ayuda.<\/p>\n\n\n\n<figure class=\"wp-block-image size-large\"><img decoding=\"async\" src=\"https:\/\/homotheoreticus.files.wordpress.com\/2019\/09\/img_4370.jpg?w=1024\" alt=\"\" class=\"wp-image-1194\"\/><figcaption>Amaneciendo con neblina en las inmediaciones del Volc\u00e1n Sullipulli<\/figcaption><\/figure>\n\n\n\n<p>El atractivo m\u00e1s grande del \u00e1rea, es sin duda subir a la cima del Volc\u00e1n Sullipulli. Pero mi objetivo es distinto, y si me desv\u00edo mucho, corro el riesgo de no completar la traves\u00eda.<\/p>\n\n\n\n<p>El resto de la secci\u00f3n transcurre por camino vehicular poco transitado dentro del Parque Nacional Villarica. Si se quiere acceder con auto, hay que vadear algunos r\u00edos. <\/p>\n\n\n\n<figure class=\"wp-block-image size-large\"><img decoding=\"async\" src=\"https:\/\/homotheoreticus.files.wordpress.com\/2019\/09\/img_4382.jpg?w=1024\" alt=\"\" class=\"wp-image-1195\"\/><figcaption>Peque\u00f1a laguna junto a un lodge privado<\/figcaption><\/figure>\n\n\n\n<p>Despu\u00e9s de alcanzar el punto m\u00e1s alto a 1400 msnm, empieza el descenso moderado hasta Reigolil. Es un pueblo peque\u00f1o, donde es posible comprar v\u00edveres. Paso la noche en el camping de Luis Zapala, con excelente atenci\u00f3n.<\/p>\n\n\n\n<figure class=\"wp-block-image size-large\"><img decoding=\"async\" src=\"https:\/\/homotheoreticus.files.wordpress.com\/2019\/09\/img_4419.jpg?w=1024\" alt=\"\" class=\"wp-image-1198\"\/><figcaption>\u00danica calle asfaltada de la localidad rural de Reigolil<\/figcaption><\/figure>\n\n\n\n<h4 class=\"wp-block-heading\">D\u00eda 46 (45,9 km)<\/h4>\n\n\n\n<p>Al d\u00eda siguiente me dirijo hacia el sendero que conduce a la Laguna Hualalafqu\u00e9n. Despu\u00e9s de andar por camino secundario de auto, empieza el ascenso por una picada muy empinada en forma de zigzag.<\/p>\n\n\n\n<figure class=\"wp-block-image size-large\"><img decoding=\"async\" src=\"https:\/\/homotheoreticus.files.wordpress.com\/2019\/09\/img_4426.jpg?w=1024\" alt=\"\" class=\"wp-image-1199\"\/><figcaption>Inicio del sendero a la laguna Hualalafquen<\/figcaption><\/figure>\n\n\n\n<p>Despu\u00e9s de pasar por un bosque de lengas con poco sotobosque, entro a un \u00e1rea elevada, relativamente despejada, de araucarias.<\/p>\n\n\n\n<figure class=\"wp-block-image size-large\"><img decoding=\"async\" src=\"https:\/\/homotheoreticus.files.wordpress.com\/2019\/09\/img_4435.jpg?w=1024\" alt=\"\" class=\"wp-image-1200\"\/><figcaption>Acerc\u00e1ndome a la laguna Hualalafquen<\/figcaption><\/figure>\n\n\n\n<p>La laguna est\u00e1 en un lugar privilegiado y distante. No hay un solo ser humano en el lugar. Decido descansar un rato y sentarme en unos troncos para merendar y disfrutar de la paz. El viento sopla con cada vez mayor fuerza.<\/p>\n\n\n\n<figure class=\"wp-block-image size-large\"><img decoding=\"async\" src=\"https:\/\/homotheoreticus.files.wordpress.com\/2019\/09\/img_4436.jpg?w=1024\" alt=\"\" class=\"wp-image-1201\"\/><figcaption>Atardecer en la laguna<\/figcaption><\/figure>\n\n\n\n<p>Me encuentro muy cerca de la frontera con Argentina, a pocos kil\u00f3metros del Lago Quill\u00e9n. M\u00e1s cerca todav\u00eda est\u00e1 el Lago Hui Hui. En Reigolil consult\u00e9 con los pobladores y me confirmaron la existencia de pasos para llegar a Argentina. Es f\u00e1cil ver los campos abiertos a trav\u00e9s de im\u00e1genes satelitales, que confirman el tr\u00e1nsito posible por este lugar.<\/p>\n\n\n\n<figure class=\"wp-block-image size-large\"><img decoding=\"async\" src=\"https:\/\/homotheoreticus.files.wordpress.com\/2019\/09\/img_4446.jpg?w=1024\" alt=\"\" class=\"wp-image-1202\"\/><figcaption>Sendero en direcci\u00f3n a Argentina<\/figcaption><\/figure>\n\n\n\n<p>M\u00e1s adelante, ya pasando la laguna, encuentro otro sendero en direcci\u00f3n a Argentina. No me queda dudas de que se trata del Paso Internacional A\u00f1ihueraqui, que hasta hace pocos a\u00f1os se encontraba habilitado. Hoy son pasos ilegales, que solo un baqueano puede llegar a identificar.<\/p>\n\n\n\n<figure class=\"wp-block-image size-large\"><img decoding=\"async\" src=\"https:\/\/homotheoreticus.files.wordpress.com\/2019\/09\/img_4449.jpg?w=1024\" alt=\"\" class=\"wp-image-1203\"\/><figcaption>Refugio antiguo al fondo de la laguna<\/figcaption><\/figure>\n\n\n\n<p>Camino varias horas m\u00e1s. Al final del d\u00eda, el sendero se transforma en una huella vehicular. Ya con poca luz, acampo detr\u00e1s de un alambrado, bajo el reparo de unos \u00e1rboles.<\/p>\n\n\n\n<h4 class=\"wp-block-heading\">D\u00eda 47 (10,9 km)<\/h4>\n\n\n\n<p>Despu\u00e9s de una breve caminata de dos horas, llegu\u00e9 a la localidad de Curarrehue. Decid\u00ed que era un buen momento para descansar, ba\u00f1arme, lavar la ropa, retirar efectivo y por supuesto, comprar v\u00edveres. Por suerte, todo esto era posible sin desviarme del camino.<\/p>\n\n\n\n<figure class=\"wp-block-image size-large\"><img decoding=\"async\" src=\"https:\/\/homotheoreticus.files.wordpress.com\/2019\/09\/img_4455.jpg?w=1024\" alt=\"\" class=\"wp-image-1205\"\/><figcaption>Centro de la localidad de Curarrehue<\/figcaption><\/figure>\n\n\n\n<p>Curarrehue tiene fuerte presencia de la comunidad mapuche. En el \u00e1rea de la plaza, hay paseos culturales y ferias con comidas aut\u00f3ctonas. Yo par\u00e9 en el hostel \u00abLala\u00bb, atendido por la propia due\u00f1a. Lo recomiendo por su comodidad y excelente atenci\u00f3n.<\/p>\n\n\n\n<figure class=\"wp-block-image size-large\"><img decoding=\"async\" src=\"https:\/\/homotheoreticus.files.wordpress.com\/2019\/09\/img_4452.jpg?w=1024\" alt=\"\" class=\"wp-image-1204\"\/><\/figure>\n\n\n\n<h4 class=\"wp-block-heading\">D\u00eda 48 (21,5 km)<\/h4>\n\n\n\n<p>El d\u00eda siguiente camin\u00e9 mayormente por ruta vehicular. Una buena parte del camino era totalmente intransitado, por huellas secundarias rodeadas de bosque. Tuve que cruzar algunos alambrados para poder continuar.<\/p>\n\n\n\n<figure class=\"wp-block-image size-large\"><img decoding=\"async\" src=\"https:\/\/homotheoreticus.files.wordpress.com\/2019\/09\/img_4472.jpg?w=1024\" alt=\"\" class=\"wp-image-1206\"\/><figcaption>Huella vehicular secundaria por bosque tupido<\/figcaption><\/figure>\n\n\n\n<p>Al atardecer, segu\u00ed caminando, siempre en direcci\u00f3n al volc\u00e1n. Pas\u00e9 por varias casas de campo a lo largo de la margen este del Estero Huililco. Al final del d\u00eda llegu\u00e9 a una tranquera que indicaba \u00abno pasar\u00bb. Para los que deseen hacer la traves\u00eda, aqu\u00ed deben pedir permiso a Miguel, o bien al encargado que est\u00e9 en el lugar.<\/p>\n\n\n\n<figure class=\"wp-block-image size-large\"><img decoding=\"async\" src=\"https:\/\/homotheoreticus.files.wordpress.com\/2019\/09\/img_4479.jpg?w=1024\" alt=\"\" class=\"wp-image-1207\"\/><figcaption>Parada de micro al final del camino, en Huililco<\/figcaption><\/figure>\n\n\n\n<p>Ped\u00ed permiso antes de armar la carpa en el lugar. Me dijeron que si quer\u00eda agua potable, que tomara directamente del estero. Pero el agua ven\u00eda color gris, con mucho sedimento, algo que me generaba desconfianza. Miguel me explic\u00f3 que el agua ven\u00eda as\u00ed por la ceniza del Volc\u00e1n y que eso era bueno para la salud. Prueba de ello era que \u00e9l la hab\u00eda tomado toda la vida y segu\u00eda vivo. No s\u00e9 si me convenci\u00f3 mucho la explicaci\u00f3n, pero no me quedaba alternativa.<\/p>\n\n\n\n<figure class=\"wp-block-image size-large\"><img decoding=\"async\" src=\"https:\/\/homotheoreticus.files.wordpress.com\/2019\/09\/img_4483.jpg?w=1024\" alt=\"\" class=\"wp-image-1208\"\/><figcaption>Cena austera antes del descanso nocturno<\/figcaption><\/figure>\n\n\n\n<h4 class=\"wp-block-heading\">D\u00eda 49 (46,6 km)<\/h4>\n\n\n\n<p>El d\u00eda siguiente continu\u00e9 caminando un rato hasta el final de la huella vehicular. Se supone que ten\u00eda que abonar dinero al pasar por el Fundo Hirinlilco, pero no encontr\u00e9 a nadie.<\/p>\n\n\n\n<figure class=\"wp-block-image size-large\"><img decoding=\"async\" src=\"https:\/\/homotheoreticus.files.wordpress.com\/2019\/09\/img_4484.jpg?w=1024\" alt=\"\" class=\"wp-image-1209\"\/><figcaption>La senda sale del Fundo Huirinlilco<\/figcaption><\/figure>\n\n\n\n<p>A continuaci\u00f3n se sube entre bosque de lenga, por un sendero bien marcado. El \u00e1rea pertenece a partir de aqu\u00ed al Parque Nacional Villarica.<\/p>\n\n\n\n<figure class=\"wp-block-image size-large\"><img decoding=\"async\" src=\"https:\/\/homotheoreticus.files.wordpress.com\/2019\/09\/img_4486.jpg?w=1024\" alt=\"\" class=\"wp-image-1210\"\/><figcaption>Sendero en ascenso por bosque de lengas<\/figcaption><\/figure>\n\n\n\n<p>Viene una de mis partes favoritas del trekking: superar el l\u00edmite de vegetaci\u00f3n. Es el momento donde se deja atr\u00e1s el bosque y se descubre un paisaje radicalmente diferente. Mirando hacia atr\u00e1s, puedo contemplar el trayecto que recorr\u00ed por el valle del Estero Huililco . El contraste entre el verde de los cerros y las cumbres a\u00fan con nieve, es de una belleza singular.<\/p>\n\n\n\n<figure class=\"wp-block-image size-large\"><img decoding=\"async\" src=\"https:\/\/homotheoreticus.files.wordpress.com\/2019\/09\/img_4500.jpg?w=1024\" alt=\"\" class=\"wp-image-1211\"\/><figcaption>Subiendo por el Volc\u00e1n Quetrupill\u00e1n. Al fondo se ve el Cerro Quinquilil.<\/figcaption><\/figure>\n\n\n\n<p>La ruta sigue por arena volc\u00e1nica, cenizas y grandes piedras de lava petrificada. Al este se ve a lo lejos el imponente volc\u00e1n Lan\u00edn, en su cara chilena.<\/p>\n\n\n\n<figure class=\"wp-block-image size-large\"><img decoding=\"async\" src=\"https:\/\/homotheoreticus.files.wordpress.com\/2019\/09\/img_4507.jpg?w=1024\" alt=\"\" class=\"wp-image-1212\"\/><figcaption>Vista del Volc\u00e1n Lan\u00edn en el l\u00edmite con Argentina<\/figcaption><\/figure>\n\n\n\n<p>Estoy caminando de nuevo en un paisaje lunar. El viento sopla con fuerza y arrastra nubes de polvo y ceniza. Los cursos de agua en la altura vienen cargados de sedimento volc\u00e1nico.<\/p>\n\n\n\n<figure class=\"wp-block-image size-large\"><img decoding=\"async\" src=\"https:\/\/homotheoreticus.files.wordpress.com\/2019\/09\/img_4518.jpg?w=1024\" alt=\"\" class=\"wp-image-1213\"\/><figcaption>Bajada a la laguna Blanca por ceniza volc\u00e1nica<\/figcaption><\/figure>\n\n\n\n<p>Arriba todav\u00eda hay manchones de nieve. Paso cerca de la laguna Blanca, de poca profundidad y color turbio.<\/p>\n\n\n\n<figure class=\"wp-block-image size-large\"><img decoding=\"async\" src=\"https:\/\/homotheoreticus.files.wordpress.com\/2019\/09\/img_4533.jpg?w=1024\" alt=\"\" class=\"wp-image-1216\"\/><figcaption>Vista a un peque\u00f1o cr\u00e1ter de poca altura<\/figcaption><\/figure>\n\n\n\n<p>Despu\u00e9s de varias subidas y bajadas, alcanzo la altitud m\u00e1xima del d\u00eda, a 1730 msnm. Para mi sorpresa, encuentro que hay una vertiente de agua potable. Del otro lado del paso, el sendero es perfectamente visible y est\u00e1 marcado con palos. La ceniza se cubre del musgo caracter\u00edstico de altura y a lo lejos se ve un campo de lava petrificada.<\/p>\n\n\n\n<figure class=\"wp-block-image size-large is-resized\"><img loading=\"lazy\" decoding=\"async\" src=\"https:\/\/homotheoreticus.files.wordpress.com\/2019\/09\/img_4536.jpg?w=1024\" alt=\"\" class=\"wp-image-1217\" width=\"580\" height=\"386\"\/><figcaption>Bajada final por sendero hasta la Laguna Azul<\/figcaption><\/figure>\n\n\n\n<p>El sendero va zigzagueando entre las grandes piedras de lava, hasta llegar a la Laguna Azul. Cerca de la laguna hay un bosque de lenga achaparrada, donde se puede encontrar reparo del viento. Hay algunos acampantes y me pongo a charlar mientras hago un descanso.<\/p>\n\n\n\n<figure class=\"wp-block-image size-large\"><img decoding=\"async\" src=\"https:\/\/homotheoreticus.files.wordpress.com\/2019\/09\/img_4545.jpg?w=1024\" alt=\"\" class=\"wp-image-1218\"\/><figcaption>Laguna Azul<\/figcaption><\/figure>\n\n\n\n<p>A continuaci\u00f3n, empieza la bajada. Paso por una zona de mall\u00edn de altura. Antes del entrar al bosque. Cargo agua en un mantantial que brota de la monta\u00f1a. El reingreso al bosque es una experiencia feliz. Se disfruta el silencio, la quietud del atardecer y la sombra. El sendero est\u00e1 perfectamente marcado, transitando entre lengas y ca\u00f1averal.<\/p>\n\n\n\n<figure class=\"wp-block-image size-large\"><img decoding=\"async\" src=\"https:\/\/homotheoreticus.files.wordpress.com\/2019\/09\/img_4547.jpg?w=1024\" alt=\"\" class=\"wp-image-1219\"\/><figcaption>Bajada al bosque<\/figcaption><\/figure>\n\n\n\n<p>Al final del d\u00eda, el sendero confluye como de costumbre con una huella vehicular secundaria. Atravieso algunas tranqueras para ganado. A eso de las 20 hs, armo la carpa en un peque\u00f1o claro y me dispongo para el sue\u00f1o.<\/p>\n\n\n\n<figure class=\"wp-block-image size-large\"><img decoding=\"async\" src=\"https:\/\/homotheoreticus.files.wordpress.com\/2019\/09\/img_4551.jpg?w=1024\" alt=\"\" class=\"wp-image-1220\"\/><figcaption>Huella vehicular menor entre bosque de lenga y ca\u00f1averal<\/figcaption><\/figure>\n\n\n\n<p>A la noche me despert\u00e9 de un sobresalto. Cre\u00ed escuchar el ruido de un animal. Inmediatamente empec\u00e9 a alumbrar a mi alrededor. Se o\u00eda el golpeteo de las ca\u00f1as y el crujido silbante de las lengas en una oscuridad total.<\/p>\n\n\n\n<h4 class=\"wp-block-heading\">D\u00eda 50 (24,7 km)<\/h4>\n\n\n\n<p>Pasado el mediod\u00eda del d\u00eda siguiente, llegu\u00e9 a Liqui\u00f1e, un peque\u00f1o pueblo rodeado de monta\u00f1as, famoso por sus artesan\u00edas y sus aguas termales. Hay tantas aguas termales, que algunos vecinos las tienen en el patio de sus casas. Un fuerte componente de la comunidad mapuche le da identidad a la regi\u00f3n.<\/p>\n\n\n\n<figure class=\"wp-block-image size-large\"><img decoding=\"async\" src=\"https:\/\/homotheoreticus.files.wordpress.com\/2019\/09\/img_4559.jpg?w=1024\" alt=\"\" class=\"wp-image-1222\"\/><figcaption>Localidad de Liqui\u00f1e, famosa por sus artesan\u00edas y sus aguas termales<\/figcaption><\/figure>\n\n\n\n<p>Acamp\u00e9 en el camping de Trafip\u00e1n. La verdad, no soy muy fan\u00e1tico de las aguas termales, pero estas ten\u00edan algo especial que me cautiv\u00f3. Hab\u00eda poca gente en el camping y ten\u00eda un pilet\u00f3n para mi solo. Me qued\u00e9 un buen tiempo disfrutando del agua caliente.<\/p>\n\n\n\n<figure class=\"wp-block-image size-large\"><img decoding=\"async\" src=\"https:\/\/homotheoreticus.files.wordpress.com\/2019\/09\/img_4561.jpg?w=1024\" alt=\"\" class=\"wp-image-1223\"\/><figcaption>Disfrutando los piletones termales del Camping Trafip\u00e1n<\/figcaption><\/figure>\n\n\n\n<p>A la noche me qued\u00e9 conversando con Eugenio Catricoy, un poblador mapuche. Le pregunt\u00e9 por el camino a Puerto Fuy, y me dijo que era dif\u00edcil. Muy pocos se arriesgaban a hacerlo. No hab\u00eda camino vehicular directo desde la zona desde Liqui\u00f1e, solo huella de caballo por monta\u00f1a.<\/p>\n\n\n\n<h4 class=\"wp-block-heading\">D\u00eda 51 (38,1 km)<\/h4>\n\n\n\n<p>A la ma\u00f1ana temprano, fui a desayunar unos mates con tortafritas en la feria mapuche. Despu\u00e9s de conversar un rato con Eugenio, a las 10 hs ya estaba en camino rumbo a la Laguna Anacoig\u00fce. Tuve que solicitar permiso de acceso al final del camino vehicular y abonar algo de dinero. La subida es abrupta por sendero y se disfruta mucho por el paisaje. <\/p>\n\n\n\n<figure class=\"wp-block-image size-large\"><img decoding=\"async\" src=\"https:\/\/homotheoreticus.files.wordpress.com\/2019\/09\/img_4571.jpg?w=1024\" alt=\"\" class=\"wp-image-1225\"\/><figcaption>Sendero a la laguna Anacoig\u00fce. Al fondo se ve el Volc\u00e1n Villarrica.<\/figcaption><\/figure>\n\n\n\n<p>Despu\u00e9s de transitar un poco por bosque de lenga, llego a la laguna Anacoig\u00fce. Estoy solo en un bosque cerrado, hace calor, el ambiente es seco y no hay insectos, una combinatoria de elementos muy positivos. Me met\u00ed en la laguna con cierta dificultad, ya que no hab\u00eda playa, sino suelo de barro. El lugar era perfecto para quedarse toda la tarde, pero a mi me gusta estar en movimiento, as\u00ed que sigo mi traves\u00eda. <\/p>\n\n\n\n<figure class=\"wp-block-image size-large\"><img decoding=\"async\" src=\"https:\/\/homotheoreticus.files.wordpress.com\/2019\/09\/img_4590.jpg?w=1024\" alt=\"\" class=\"wp-image-1226\"\/><figcaption>Ba\u00f1o en la laguna Anacoig\u00fce<\/figcaption><\/figure>\n\n\n\n<p>Bordeo la laguna por la derecha y aparecen unas marcas rojas que me gu\u00edan por una antigua huella vehicular. Ingreso as\u00ed a la Reserva Huilo-Huilo. El camino est\u00e1 tapado por \u00e1rboles ca\u00eddos, as\u00ed que no hay veh\u00edculos transitando. Estoy totalmente solo y disfruto de la caminata por sombra en el bosque.<\/p>\n\n\n\n<figure class=\"wp-block-image size-large\"><img decoding=\"async\" src=\"https:\/\/homotheoreticus.files.wordpress.com\/2019\/09\/img_4600.jpg?w=1024\" alt=\"\" class=\"wp-image-1227\"\/><figcaption>Antigua huella en la reserva Huilo-Huilo<\/figcaption><\/figure>\n\n\n\n<figure class=\"wp-block-image size-large\"><img decoding=\"async\" src=\"https:\/\/homotheoreticus.files.wordpress.com\/2019\/09\/img_4601.jpg?w=1024\" alt=\"\" class=\"wp-image-1228\"\/><figcaption>Gigantesco coig\u00fce envuelto por la vegetaci\u00f3n salvaje <\/figcaption><\/figure>\n\n\n\n<p>Despu\u00e9s de una hora aproximadamente, llego a la Laguna Quilmo. Es mas grandes que la anterior y hay un refugio muy bien cuidado en la cabecera.<\/p>\n\n\n\n<figure class=\"wp-block-image size-large\"><img decoding=\"async\" src=\"https:\/\/homotheoreticus.files.wordpress.com\/2019\/09\/img_4607.jpg?w=1024\" alt=\"\" class=\"wp-image-1229\"\/><figcaption>Laguna Quilmo en la Reserva Huilo-Huilo<\/figcaption><\/figure>\n\n\n\n<p>Me acerqu\u00e9 al refugio y sali\u00f3 el cuidador, quien me invit\u00f3 a descansar adentro. Me explic\u00f3 que el refugio estaba abierto a los caminantes. \u00ab\u00bfCu\u00e1nto cuesta la noche?\u00bb, le pregunt\u00e9. \u00abNada\u00bb, me contest\u00f3, \u00abes para los que vienen caminando por ac\u00e1\u00bb. No solo no costaba nada, sino que el refugio era muy lujoso. Parec\u00eda una hoster\u00eda: ten\u00eda ba\u00f1o, camas, caldera a le\u00f1a para ducharse con agua caliente, no le faltaba nada.<\/p>\n\n\n\n<figure class=\"wp-block-image size-large\"><img decoding=\"async\" src=\"https:\/\/homotheoreticus.files.wordpress.com\/2019\/09\/img_4609.jpg?w=1024\" alt=\"\" class=\"wp-image-1230\"\/><figcaption>Refugio en la cabecera de la Laguna Quilmo<\/figcaption><\/figure>\n\n\n\n<p>A partir del refugio, empieza una huella vehicular mejor mantenida. Me llama la atenci\u00f3n c\u00f3mo la vegetaci\u00f3n se hace m\u00e1s espesa a medida que avanza mi caminata. A los costados del camino, abunda la ca\u00f1a colig\u00fce y sobresalen grandes coig\u00fces.<\/p>\n\n\n\n<figure class=\"wp-block-image size-large\"><img decoding=\"async\" src=\"https:\/\/homotheoreticus.files.wordpress.com\/2019\/09\/img_4618.jpg?w=1024\" alt=\"\" class=\"wp-image-1231\"\/><figcaption>Antiguo coig\u00fce sobresale en un claro<\/figcaption><\/figure>\n\n\n\n<p>En determinado momento veo un peque\u00f1o sendero que sale a mi izquierda y se interna en el ca\u00f1averal. No resisto a la curiosidad y decido tomar el desv\u00edo. <\/p>\n\n\n\n<figure class=\"wp-block-image size-large\"><img decoding=\"async\" src=\"https:\/\/homotheoreticus.files.wordpress.com\/2019\/09\/img_4624.jpg?w=1024\" alt=\"\" class=\"wp-image-1232\"\/><figcaption>Sendero por el ca\u00f1averal<\/figcaption><\/figure>\n\n\n\n<p>Despu\u00e9s de una hora de caminata en bosque muy cerrado, accedo a un monumento oculto, con los nombres de unas personas. Hab\u00eda flores y una especie de zanja, por lo que sospecho que era una tumba, quiz\u00e1s simb\u00f3lica.<\/p>\n\n\n\n<figure class=\"wp-block-image\"><img decoding=\"async\" src=\"https:\/\/homotheoreticus.files.wordpress.com\/2019\/09\/img_4628.jpg?w=683\" alt=\"\" class=\"wp-image-1284\"\/><\/figure>\n\n\n\n<p>En determinado momento, noto con el GPS que me apart\u00e9 mucho de la ruta regular. Estoy casi seguro de que el sendero conduc\u00eda a la solitaria Laguna Chanchah, que pude ver en un mapa. Decido entonces desviarme para regresar al camino vehicular. Lucho un poco con la maleza y en un rato estoy de nuevo sobre la ruta principal. A lo largo del d\u00eda, pude notar antiguos caminos forestales,  que fueron totalmente tapados por la vegetaci\u00f3n, incluso con j\u00f3venes lengas que crecieron arriba. En determinado momento, doblo a la izquierda y la huella de auto se convierte nuevamente en un sendero.<\/p>\n\n\n\n<figure class=\"wp-block-image size-large\"><img decoding=\"async\" src=\"https:\/\/homotheoreticus.files.wordpress.com\/2019\/09\/img_4647.jpg?w=1024\" alt=\"\" class=\"wp-image-1233\"\/><figcaption>Sendero final en bajada<\/figcaption><\/figure>\n\n\n\n<p>El tramo siguiente es todo en descenso hasta el Lago Pirhueico. Las vistas son de una belleza singular, con el lago a la distancia. En el fondo, se ve el Volc\u00e1n Coshuenco.<\/p>\n\n\n\n<figure class=\"wp-block-image size-large\"><img decoding=\"async\" src=\"https:\/\/homotheoreticus.files.wordpress.com\/2019\/09\/img_4649.jpg?w=1024\" alt=\"\" class=\"wp-image-1234\"\/><figcaption>Vista hacia el Lago Pirhueico. Al fondo, el Volc\u00e1n Coshuenco.<\/figcaption><\/figure>\n\n\n\n<p>No voy a olvidar nunca m\u00e1s el momento en el que llegu\u00e9 a la playa del Lago Prihueico. Me sent\u00e9 a contemplar la belleza de aquel lugar \u00fanico, con agua apacible y el silencio del atardecer. No pod\u00eda creer estar en un lugar tan inmenso, de una belleza id\u00edlica, sin almas humanas a mi alrededor. A unos metros, ten\u00eda a una familia de bandurrias chapoteando. \u00ab\u00bfD\u00f3nde est\u00e1n todas las carpas?\u00bb, pens\u00e9, \u00ab\u00bfc\u00f3mo no hay ac\u00e1 camino de auto, un camping, una hoster\u00eda?, \u00bfy los pescadores?\u00bb. Aquel lugar es una muestra impresionante de naturaleza en su estado m\u00e1s puro. Y no creo que dure para siempre.<\/p>\n\n\n\n<figure class=\"wp-block-image size-large\"><img decoding=\"async\" src=\"https:\/\/homotheoreticus.files.wordpress.com\/2019\/09\/img_4655.jpg?w=1024\" alt=\"\" class=\"wp-image-1235\"\/><figcaption>Sendero por selva valdiviana hacia la localidad de Puerto Fuy<\/figcaption><\/figure>\n\n\n\n<p>Despu\u00e9s de llegar a la playa, el sendero vuelve a internarse un poco en el bosque y comienza a bordear el lago por la margen norte. Viene la \u00faltima subida del d\u00eda. El bosque es cada vez m\u00e1s tupido. A eso de las 19 hs llego a un bosque de pinos y me encuentro un grupo de scouts acampando, con quienes intercambio un poco de charla. A los pocos minutos ingreso a la localidad de Puerto Fuy. Ah\u00ed s\u00ed hab\u00eda bastante gente. Armo la carpa junto a la playa, en una zona de acampe libre.<\/p>\n\n\n\n<figure class=\"wp-block-image size-large\"><img decoding=\"async\" src=\"https:\/\/homotheoreticus.files.wordpress.com\/2019\/09\/img_4668.jpg?w=1024\" alt=\"\" class=\"wp-image-1237\"\/><figcaption>Descubriendo la localidad de Puerto Fuy<\/figcaption><\/figure>\n\n\n\n<p>No hab\u00eda electricidad en el pueblo, debido a un incendio cercano por la zona. Por tal motivo, la localidad estaba incomunicada y hab\u00eda preocupaci\u00f3n entre la poblaci\u00f3n.<\/p>\n\n\n\n<h4 class=\"wp-block-heading\">D\u00eda 52 (37,7 km)<\/h4>\n\n\n\n<p>Me levant\u00e9 bien temprano para tomar la barcaza a Puerto Pirihueico. Reci\u00e9n estaba empezando a asomar el sol y hac\u00eda un fr\u00edo helado. La barcaza atraviesa todo el lago Pirihueico a lo largo de 26 kil\u00f3metros. Me hab\u00edan dicho que se llenaba de veh\u00edculos, en su totalidad gente que iba a Argentina a trav\u00e9s del paso Hua Hum. Por tal motivo, ten\u00eda que empezar hacer cola desde bien temprano, a las 7 de la ma\u00f1ana.<\/p>\n\n\n\n<figure class=\"wp-block-image size-large\"><img decoding=\"async\" src=\"https:\/\/homotheoreticus.files.wordpress.com\/2019\/09\/img_4662.jpg?w=1024\" alt=\"\" class=\"wp-image-1236\"\/><figcaption>Lago Pirihueico totalmente apacible mientras sale el sol<\/figcaption><\/figure>\n\n\n\n<p>El viaje en barcaza fue un deleite. No me alcanzan palabras para describir el espect\u00e1culo de aquel paisaje en movimiento. Me llamaron la atenci\u00f3n en especial las paredes de piedra que ca\u00edan en picada contra el lago, con \u00e1rboles que sobresal\u00edan al borde del abismo.<\/p>\n\n\n\n<figure class=\"wp-block-image size-large\"><img decoding=\"async\" src=\"https:\/\/homotheoreticus.files.wordpress.com\/2019\/09\/img_4707.jpg?w=1024\" alt=\"\" class=\"wp-image-1239\"\/><figcaption>Viaje de 26 km en ferry por el Lago Pirhueico<\/figcaption><\/figure>\n\n\n\n<p>Una vez en la otra punta del lago, dej\u00e9 atr\u00e1s la Regi\u00f3n de la Araucan\u00eda y me intern\u00e9 en la Regi\u00f3n de los R\u00edos. Camino un rato por la ruta principal hasta que aparece un desv\u00edo a la derecha. A partir de all\u00ed, la caminata transita por una huella vehicular menor en bosque muy tupido. Cuesta acceder a los cursos de agua, ya que se encuentran ocultos entre la maleza. A medida que voy ganando altura el bosque se despeja un poco y hay menos sotobosque. Paso por varios puentes en el d\u00eda. Me cruc\u00e9 a un grupo grande de personas que estaba haciendo trekking al igual que yo. Iban dos familias, con ni\u00f1os, adolescentes y adultos. El gu\u00eda era un baqueano de la zona. Le pregunt\u00e9 por algunas indicaciones del camino y no logr\u00e9 comprender sus referencias, ya que nombr\u00f3 lugares que no figuraban ni en mi mapa ni en el GPS.<\/p>\n\n\n\n<figure class=\"wp-block-image size-large\"><img decoding=\"async\" src=\"https:\/\/homotheoreticus.files.wordpress.com\/2019\/09\/img_4730.jpg?w=1024\" alt=\"\" class=\"wp-image-1240\"\/><figcaption>Huella de auto por encima de los 1000 msnm<\/figcaption><\/figure>\n\n\n\n<p>El ascenso del d\u00eda fue de unos 1250 metros, aunque bien distribuidos y por eso no se sintieron tanto. Una vez arriba, la huella de auto transita lenga achaparrada y empieza la bajada. Camin\u00e9 hasta un \u00e1rea donde empezaron a aparecer zonas abiertas y pilas de troncos apilados. El pasto estaba muy crecido, lo que indica ausencia de ganado, tal vez temporalmente.<\/p>\n\n\n\n<p>En determinado momento el camino se bifurca y tomo el desv\u00edo de la izquierda. Eleg\u00ed hacer una ruta alternativa, tal cual hab\u00eda recomendado otro caminante del Sendero Gran Patagonia unos d\u00edas antes. Si bien no ten\u00eda el track de GPS para hacer esta ruta, ten\u00eda algunas descripciones gr\u00e1ficas. Prefer\u00ed asumir el riesgo, porque seg\u00fan me dijeron, la ruta principal ten\u00eda dificultades para el acceso.<\/p>\n\n\n\n<p>A eso de las 20 hs decido armar la carpa al costado del camino. Lo hice en un lugar que tuviera protecci\u00f3n de los \u00e1rboles y que a la vez me permitiera clavar las estacas.<\/p>\n\n\n\n<figure class=\"wp-block-image size-large\"><img decoding=\"async\" src=\"https:\/\/homotheoreticus.files.wordpress.com\/2019\/09\/img_4742.jpg?w=1024\" alt=\"\" class=\"wp-image-1242\"\/><\/figure>\n\n\n\n<h4 class=\"wp-block-heading\">D\u00eda 53 (39,6 km)<\/h4>\n\n\n\n<p>A la ma\u00f1ana siguiente, como de costumbre en esta regi\u00f3n, amaneci\u00f3 todo cubierto por una neblina en movimiento. Sal\u00ed a caminar hasta llegar a un \u00e1rea despejada y cerca de un antiguo puesto, encontr\u00e9 un puente. Seg\u00fan el GPS, es el final oficial de la reserva. Del otro lado, hay una caba\u00f1a en buen estado, vac\u00eda, y un sendero que se interna en un bosque frondoso.<\/p>\n\n\n\n<figure class=\"wp-block-image size-large\"><img decoding=\"async\" src=\"https:\/\/homotheoreticus.files.wordpress.com\/2019\/09\/img_4746.jpg?w=1024\" alt=\"\" class=\"wp-image-1241\"\/><figcaption>Las nubes bajan durante la noche y se despejan a lo largo de la ma\u00f1ana<\/figcaption><\/figure>\n\n\n\n<p>Me llen\u00e9 de satisfacci\u00f3n al encontrar el sendero. Amo caminar por bosque cerrado. Al rato de empezar la caminata, descubro a mi izquierda algo ins\u00f3lito: es una m\u00e1quina abandonada. Me quedo casi una hora observando las antiguas piezas de hierro. Se trataba de una maquina a vapor, que funcionaba en el pasado para cortar madera. Se conservaba la caldera, los rodetes, y un carril sobre el cual se desplazaba un carrito. La chimenea estaba tirada en el piso. <\/p>\n\n\n\n<figure class=\"wp-block-image size-large\"><img decoding=\"async\" src=\"https:\/\/homotheoreticus.files.wordpress.com\/2019\/09\/img_4759.jpg?w=1024\" alt=\"\" class=\"wp-image-1243\"\/><figcaption>Antigua m\u00e1quina a vapor para cortar madera<\/figcaption><\/figure>\n\n\n\n<p>Segu\u00ed mi camino disfrutando de la frondosa vegetaci\u00f3n y el aire fresco por la sombra. El sendero sub\u00eda y bajaba no muy lejos del R\u00edo Curringue. Se notaba que hab\u00eda poco sotobosque, debido a que los \u00e1rboles imped\u00edan la llegada del sol al suelo.<\/p>\n\n\n\n<figure class=\"wp-block-image size-large\"><img decoding=\"async\" src=\"https:\/\/homotheoreticus.files.wordpress.com\/2019\/09\/img_4770.jpg?w=1024\" alt=\"\" class=\"wp-image-1244\"\/><\/figure>\n\n\n\n<p>A lo largo de toda la jornada, pude disfrutar de lo mejor de la selva valdiviana. El sendero, totalmente remoto, pasaba por varios arroyos y requer\u00eda algunos vadeos.<\/p>\n\n\n\n<figure class=\"wp-block-image size-large\"><img decoding=\"async\" src=\"https:\/\/homotheoreticus.files.wordpress.com\/2019\/09\/img_4777.jpg?w=1024\" alt=\"\" class=\"wp-image-1245\"\/><figcaption>Arroyo en la selva valdiviana<\/figcaption><\/figure>\n\n\n\n<figure class=\"wp-block-image size-large\"><img decoding=\"async\" src=\"https:\/\/homotheoreticus.files.wordpress.com\/2019\/09\/img_4782.jpg?w=1024\" alt=\"\" class=\"wp-image-1246\"\/><figcaption>Antiguo coig\u00fce en la selva valdiviana<\/figcaption><\/figure>\n\n\n\n<p>En determinado momento llego a un claro. Hay un antiguo puesto en mal estado y algunas vacas pastando. M\u00e1s adelante, me enter\u00e9 que en esta parte hab\u00eda una bifurcaci\u00f3n que conduc\u00eda a las Termas de Chihuio. Yo por mi parte, no lo sab\u00eda, y segu\u00ed pegado a la margen del r\u00edo Curringue. Lo cruc\u00e9 y segu\u00ed la caminata por la margen oeste. El sendero asciende de manera abrupta y retoma una antigua huella vehicular, bastante tapada por la maleza.<\/p>\n\n\n\n<figure class=\"wp-block-image size-large\"><img decoding=\"async\" src=\"https:\/\/homotheoreticus.files.wordpress.com\/2019\/09\/img_4802.jpg?w=1024\" alt=\"\" class=\"wp-image-1248\"\/><figcaption>El sendero retoma una antigua huella vehicular, ya tapada por la maleza<\/figcaption><\/figure>\n\n\n\n<p>En los tramos finales, el camino est\u00e1 muy mal mantenido. Tengo que luchar con la rosa mosqueta y las ca\u00f1as que caen de los costados. En determinado momento, paso por un ca\u00f1averal ca\u00eddo que forma una especie de t\u00fanel. Todo es parte de la gracia de la aventura, pero el avance lento lo hace muy desgastante.<\/p>\n\n\n\n<figure class=\"wp-block-image\"><img decoding=\"async\" src=\"https:\/\/homotheoreticus.files.wordpress.com\/2019\/09\/vlcsnap-2019-09-14-22h55m22s409.png?w=1024\" alt=\"\" class=\"wp-image-1289\"\/><figcaption>Cruzando un t\u00fanel formado por las ca\u00f1as ca\u00eddas<\/figcaption><\/figure>\n\n\n\n<p>Al atardecer llego al camino vehicular principal. Hay viviendas rurales y mucho movimiento de autos. A eso de las 20 hs llego al Lago Maihue. Inmediatamente armo la carpa cerca de la playa y me dispongo a dormir.<\/p>\n\n\n\n<h4 class=\"wp-block-heading\">D\u00eda 54 (11,2 km)<\/h4>\n\n\n\n<p>Mi objetivo inmediato fue hacerme una escapada a la ciudad, ya que necesitaba efectivo. Tuve problema de efectivo todo el viaje, ya que los cajeros me pon\u00edan un l\u00edmite de extracci\u00f3n diario muy reducido. El micro a Futrono sal\u00eda a las 6:30, as\u00ed que a las 5:30 estaba despierto desarmando la carpa.<\/p>\n\n\n\n<p>Al mediod\u00eda ya estaba de regreso en el Lago Maihue. Camin\u00e9 aproximadamente dos horas por camino vehicular. Es una ruta transitada.<\/p>\n\n\n\n<figure class=\"wp-block-image size-large\"><img decoding=\"async\" src=\"https:\/\/homotheoreticus.files.wordpress.com\/2019\/09\/img_4827.jpg?w=1024\" alt=\"\" class=\"wp-image-1253\"\/><figcaption>Vista al Lago Maihue desde la ruta<\/figcaption><\/figure>\n\n\n\n<p>Despu\u00e9s de caminar alrededor del lago, decid\u00ed tomar un descanso. Me quedaban pocos d\u00edas y quer\u00eda disfrutar de aquel lugar. Segu\u00ed una bajada de auto hasta el camping de Lobo. Arm\u00e9 la carpa cerca de la playa y me puse a tomar mate junto al fuego. Quise darme uno de los \u00faltimos gustos de la traves\u00eda y compr\u00e9 patas de pollo a los due\u00f1os del camping para cocinarlas al fuego. Antes de irme a dormir compart\u00ed fog\u00f3n y guitarreada con una familia de acampadores.<\/p>\n\n\n\n<figure class=\"wp-block-image size-large\"><img decoding=\"async\" src=\"https:\/\/homotheoreticus.files.wordpress.com\/2019\/09\/img_4851.jpg?w=1024\" alt=\"\" class=\"wp-image-1254\"\/><figcaption>Haciendo patas de pollo al fuego, en la costa del Lago Maihue<\/figcaption><\/figure>\n\n\n\n<h4 class=\"wp-block-heading\">D\u00eda 55 (40,2 km)<\/h4>\n\n\n\n<p>Al d\u00eda siguiente salgo temprano en direcci\u00f3n al Volc\u00e1n Puyehue. Empiezo caminando por la ruta principal y en determinado momento, el GPS me hace tomar un desv\u00edo para vadear el R\u00edo Mellipue. De all\u00ed continuo hasta un lugar intransitable, tapado por rosa mosqueta. La ruta estaba desactualizada, pero ya fue corregida para los futuros caminantes. <\/p>\n\n\n\n<p>Despu\u00e9s de remontar el camino principal, la ruta se desv\u00eda por una huella menor, subiendo aproximadamente 600 metros. Luego viene la bajada y se conecta otra vez con un camino principal. Esta parte es mucho m\u00e1s agradable, ya que se interna por camino de caballo.<\/p>\n\n\n\n<figure class=\"wp-block-image size-large\"><img decoding=\"async\" src=\"https:\/\/homotheoreticus.files.wordpress.com\/2019\/09\/img_4857.jpg?w=1024\" alt=\"\" class=\"wp-image-1255\"\/><figcaption>Subiendo por un sendero, tras dejar el lago Maihue<\/figcaption><\/figure>\n\n\n\n<p>A lo largo del d\u00eda paso por varias poblaciones rurales. La zona tiene bastante para recorrer: cascadas, aguas termales, peque\u00f1os cr\u00e1teres. Pas\u00e9 por la entrada del Parque Huishue. Yo, sin embargo, segu\u00ed de largo con el objetivo de llegar al Volc\u00e1n Puyehue al d\u00eda siguiente.<\/p>\n\n\n\n<figure class=\"wp-block-image size-large\"><img decoding=\"async\" src=\"https:\/\/homotheoreticus.files.wordpress.com\/2019\/09\/img_4863.jpg?w=1024\" alt=\"\" class=\"wp-image-1256\"\/><figcaption>Los gigantescos coig\u00fces crecen en zonas h\u00famedas, pr\u00f3ximas a r\u00edos y lagos de cordillera<\/figcaption><\/figure>\n\n\n\n<p>En determinado momento me qued\u00e9 sin agua. Los arroyos no me convenc\u00edan y las lagunas menos. Por suerte pas\u00f3 una camioneta y con una sola se\u00f1a, par\u00f3 para convidarme una botella.<\/p>\n\n\n\n<figure class=\"wp-block-image size-large\"><img decoding=\"async\" src=\"https:\/\/homotheoreticus.files.wordpress.com\/2019\/09\/img_4870.jpg?w=1024\" alt=\"\" class=\"wp-image-1257\"\/><figcaption>Pasando por el r\u00edo \u00bfNilahue?<\/figcaption><\/figure>\n\n\n\n<p>Al final del d\u00eda llego a la casa de H\u00e9ctor, punto de acceso al Volc\u00e1n Puyehue. All\u00ed termina el camino vehicular, en un \u00e1rea residencial rural conocida como Los Venados. Me asust\u00e9 porque sali\u00f3 un perro que parec\u00eda bastante malo, pero el due\u00f1o lo calm\u00f3 de inmediato. Nos quedamos conversando con H\u00e9ctor y me invit\u00f3 a pasar a su casa. Me cont\u00f3 que era un ingeniero naval, ya retirado, dedicado a la tranquilidad de su campo. Solicit\u00e9 permiso para armar la carpa y luego nos quedamos conversando.<\/p>\n\n\n\n<figure class=\"wp-block-image size-large\"><img decoding=\"async\" src=\"https:\/\/homotheoreticus.files.wordpress.com\/2019\/09\/img_4883.jpg?w=1024\" alt=\"\" class=\"wp-image-1258\"\/><figcaption>Final de la huella vehicular, llegando a la casa de H\u00e9ctor<\/figcaption><\/figure>\n\n\n\n<p>El Volc\u00e1n Puyehue estuvo en erupci\u00f3n en los a\u00f1os 2011-2012. A trav\u00e9s de las im\u00e1genes satelitales de Google Earth, es posible observar la modificaci\u00f3n del paisaje a partir de la \u00faltima erupci\u00f3n. Las cenizas volaron con el viento en direcci\u00f3n a la Argentina, alcanzando el R\u00edo de la Plata en la Provincia de Buenos Aires.<\/p>\n\n\n\n<h4 class=\"wp-block-heading\">D\u00eda 56 (31,6 km)<\/h4>\n\n\n\n<p>A la ma\u00f1ana siguiente, compart\u00ed el desayuno con H\u00e9ctor y tras un poco de charla, arranqu\u00e9 la caminata final hasta el volc\u00e1n.<\/p>\n\n\n\n<p>Se empieza ascendiendo por una huella vehicular no transitada, que se convierte pronto en un sendero. El ascenso es de unos 1000 metros aproximadamente, hasta llegar al l\u00edmite de vegetaci\u00f3n. En determinado momento me cruzo con una familia entera, que ven\u00eda bajando de hacer una caminata. Hab\u00edan ido a unas termas, pero mi itinerario era diferente. <\/p>\n\n\n\n<figure class=\"wp-block-image size-large\"><img decoding=\"async\" src=\"https:\/\/homotheoreticus.files.wordpress.com\/2019\/09\/img_4890.jpg?w=1024\" alt=\"\" class=\"wp-image-1259\"\/><figcaption>Subida final al cord\u00f3n del Caulle, ya en \u00e1rea del Parque Nacional Puyehue<\/figcaption><\/figure>\n\n\n\n<p>Superado el lenguero achaparrado, ingreso a un paisaje de otro planeta. Es el cord\u00f3n del Caulle. El suelo est\u00e1 conformado por piedras y cenizas volc\u00e1nicas, de distintos matices gris\u00e1ceos y rojizos. En determinados lugares, sal\u00edan bocanadas de vapor de la tierra, dejando un color amarillento en la piedra y fuerte olor a azufre.<\/p>\n\n\n\n<figure class=\"wp-block-image size-large\"><img decoding=\"async\" src=\"https:\/\/homotheoreticus.files.wordpress.com\/2019\/09\/img_4898.jpg?w=1024\" alt=\"\" class=\"wp-image-1260\"\/><figcaption>Escenario volc\u00e1nico en el cord\u00f3n del Caulle<\/figcaption><\/figure>\n\n\n\n<p>Soplaba el viento con mucha fuerza y se aproximaban unas nubes de tormenta. Tras una primera subida fuerte, comienzo el descenso hasta un valle plano de altura, probablemente aplanado por la nieve en \u00e9poca de invierno.<\/p>\n\n\n\n<figure class=\"wp-block-image size-large\"><img decoding=\"async\" src=\"https:\/\/homotheoreticus.files.wordpress.com\/2019\/09\/img_4903.jpg?w=1024\" alt=\"\" class=\"wp-image-1261\"\/><figcaption>Meseta de altura en el Cord\u00f3n del Caulle<\/figcaption><\/figure>\n\n\n\n<p>Al final del valle, me encuentro con grandes r\u00edos de lava petrificada, de formaci\u00f3n muy reciente. Tengo que evitarlos, caminando por desniveles que parec\u00edan dumas de arena. No encuentro mucha agua a lo largo de la jornada, y la que hay, no es potable.<\/p>\n\n\n\n<figure class=\"wp-block-image size-large\"><img decoding=\"async\" src=\"https:\/\/homotheoreticus.files.wordpress.com\/2019\/09\/img_4911.jpg?w=1024\" alt=\"\" class=\"wp-image-1263\"\/><figcaption>Caminando por las \u00abdumas\u00bb de ceniza volc\u00e1nica<\/figcaption><\/figure>\n\n\n\n<p>Llego a un paso de altura y el clima empeora. En determinado momento, el viento sopla con tanta fuerza que es dif\u00edcil mantenerse en pie. A una elevaci\u00f3n de 1900 msnm, cuando menos me lo esperaba, estaba caminando sobre la ladera del propio volc\u00e1n Puyehue. No se ve\u00eda la cumbre, ya que las nubes tapaban todo. Tuve que sortear constantemente canales de agua, algunos secos, otros con nieve, que ca\u00edan por las laderas del volc\u00e1n.<\/p>\n\n\n\n<figure class=\"wp-block-image size-large\"><img decoding=\"async\" src=\"https:\/\/homotheoreticus.files.wordpress.com\/2019\/09\/img_4916.jpg?w=1024\" alt=\"\" class=\"wp-image-1265\"\/><figcaption>Las nubes bajas tapaban el volc\u00e1n<\/figcaption><\/figure>\n\n\n\n<p>Al ingresar a una nube, mi visibilidad se volvi\u00f3 muy reducida. Por mi cabeza pasaba el temor de tener que enfrentar una tormenta all\u00e1 arriba, sin reparo. Por tal motivo, apur\u00e9 la caminata todo lo posible. Mi prioridad era alcanzar el bosque antes que caiga la noche. En determinado momento apareci\u00f3 un sendero difuso y al rato las primeras marcas con palos.<\/p>\n\n\n\n<figure class=\"wp-block-image size-large\"><img decoding=\"async\" src=\"https:\/\/homotheoreticus.files.wordpress.com\/2019\/09\/img_4922.jpg?w=1024\" alt=\"\" class=\"wp-image-1264\"\/><figcaption>Aparici\u00f3n del sendero antes de la ca\u00edda del sol<\/figcaption><\/figure>\n\n\n\n<p>Empec\u00e9 a descender y apreci\u00f3 la primera fuente de agua decente. Ya con algunos coirones, aparecieron las primeras vacas. Estaba en zona de veraneada. De pronto, pude divisar a lo lejos el bosque, y en el l\u00edmite de vegetaci\u00f3n, un refugio. \u00a1Aleluya! Misi\u00f3n cumplida.<\/p>\n\n\n\n<figure class=\"wp-block-image size-large\"><img decoding=\"async\" src=\"https:\/\/homotheoreticus.files.wordpress.com\/2019\/09\/img_4939.jpg?w=1024\" alt=\"\" class=\"wp-image-1268\"\/><figcaption>Refugio al pie del Volc\u00e1n Puyehue, a metros del l\u00edmite del bosque<\/figcaption><\/figure>\n\n\n\n<p>En el refugio me recibi\u00f3 una familia de norteamericanos, que estaban de vacaciones con tres peque\u00f1os hijos. Por suerte, hab\u00eda camas cuchetas suficientes para todos. Tras una charla, disfrut\u00e9 de un buen descanso, sin colch\u00f3n, pero m\u00e1s que suficiente. Fue una jornada demoledora.<\/p>\n\n\n\n<h4 class=\"wp-block-heading\">D\u00eda 57 (10,3 km )<\/h4>\n\n\n\n<p>Lleg\u00f3 mi \u00faltimo d\u00eda de caminata. Est\u00e1 lloviendo as\u00ed que decido esperar a que calme para continuar. Cada tanto, salimos con los norteamericanos a cortar le\u00f1a para mantener la salamandra y poder as\u00ed calentar agua.<\/p>\n\n\n\n<figure class=\"wp-block-image size-large\"><img decoding=\"async\" src=\"https:\/\/homotheoreticus.files.wordpress.com\/2019\/09\/img_4935.jpg?w=1024\" alt=\"\" class=\"wp-image-1267\"\/><figcaption>Disfrutando de un desayuno caliente en el Refugio Caulle<\/figcaption><\/figure>\n\n\n\n<p>A eso de las 16 hs, la lluvia se detiene. Inmediatamente salgo a caminar por el sendero en direcci\u00f3n a Anticura. El tramo es de unos 6 kil\u00f3metros en fuerte pendiente, por selva valdiviana y con mucho barro. Por momentos, el camino se hunde y me encuentro caminando por una especie de t\u00fanel. <\/p>\n\n\n\n<figure class=\"wp-block-image size-large\"><img decoding=\"async\" src=\"https:\/\/homotheoreticus.files.wordpress.com\/2019\/09\/vlcsnap-2019-09-14-23h46m31s226.png?w=1024\" alt=\"\" class=\"wp-image-1293\"\/><figcaption>T\u00faneles en la bajada del Volc\u00e1n Puyehue<\/figcaption><\/figure>\n\n\n\n<p>Me cruc\u00e9 varios caminantes que sub\u00edan al refugio. Hab\u00edan estado esperando que terminara la lluvia, al igual que yo. Aprovech\u00e9 para pedirles una foto, una de las \u00faltimas de toda la traves\u00eda.<\/p>\n\n\n\n<figure class=\"wp-block-image size-large\"><img decoding=\"async\" src=\"https:\/\/homotheoreticus.files.wordpress.com\/2019\/09\/img_4953.jpg?w=1024\" alt=\"\" class=\"wp-image-1269\"\/><figcaption>Aspecto de ermita\u00f1o despu\u00e9s de caminar 57 d\u00edas<\/figcaption><\/figure>\n\n\n\n<p>En determinado momento el bosque se abre y puedo divisar el Lago Puyehue. Llego a una huella vehicular que pasa por pampa abierta. Me estoy acercando al final del camino.<\/p>\n\n\n\n<figure class=\"wp-block-image size-large\"><img decoding=\"async\" src=\"https:\/\/homotheoreticus.files.wordpress.com\/2019\/09\/img_4958.jpg?w=1024\" alt=\"\" class=\"wp-image-1270\"\/><figcaption>Vista al Lago Puyehue<\/figcaption><\/figure>\n\n\n\n<p>De a poco se siente el regreso a la civilizaci\u00f3n. En la ruta 215 hay asfalto y los autos pasan a toda velocidad, yendo y viniendo de la frontera con Argentina. Estoy a la altura del Paso Cardenal Samor\u00e9 y Villa la Angostura. Solo me quedan unos \u00faltimos kil\u00f3metros m\u00e1s hasta Anticura. Despu\u00e9s de una \u00faltima hora de caminata por ruta, la traves\u00eda de este verano qued\u00f3 completada.<\/p>\n\n\n\n<p>En Anticura hice dedo a Entre Lagos y desde all\u00ed fui en micro hasta Osorno, donde tom\u00e9 el micro de regreso a Argentina. Despu\u00e9s de 57 d\u00edas de caminata, era hora de regresar a la vida normal. <\/p>\n\n\n\n<figure class=\"wp-block-image size-large\"><img decoding=\"async\" src=\"https:\/\/homotheoreticus.files.wordpress.com\/2019\/09\/img_5107.png?w=1024\" alt=\"\" class=\"wp-image-1274\"\/><figcaption>Fin de la traves\u00eda en Anticura. Distancia recorrida: 1480 kil\u00f3metros<\/figcaption><\/figure>\n\n\n\n<h3 class=\"wp-block-heading\">Conclusiones<\/h3>\n\n\n\n<p>El Sendero Gran Patagonia fue una de las mejores experiencias de mi vida. Sab\u00eda que iba a ser dif\u00edcil, y efectivamente, fue bastante demandante, tanto f\u00edsica como mentalmente. Pero por suerte ya le perd\u00ed miedo, as\u00ed que espero volver pronto para continuar con la segunda parte. Espero en 2020 llegar caminando hasta el Chalt\u00e9n, en la provincia de Santa Cruz, Argentina.<\/p>\n\n\n\n<figure class=\"wp-block-image size-large\"><img decoding=\"async\" src=\"https:\/\/homotheoreticus.files.wordpress.com\/2019\/09\/img_5015.jpg?w=1024\" alt=\"\" class=\"wp-image-1273\"\/><figcaption>Listo para regresar a la vida normal<\/figcaption><\/figure>\n\n\n\n<p><em>A mis queridos lectores: <\/em><br><em>Mi intenci\u00f3n al escribir esta humilde rese\u00f1a fue compartir gratos recuerdos y, al mismo tiempo, promover esta bella ruta entre caminantes de habla hispana. No quise extenderme demasiado en detalles para no hacer tediosa la lectura, pero sepan que estoy disponible ante cualquier pregunta que quieran hacer. Saludos y que tengan buenas caminatas.<\/em><\/p>\n\n\n\n<p><em>Leer la <a href=\"https:\/\/homotheoreticus.wordpress.com\/2019\/02\/13\/sendero-gran-patagonia-2018-19\/\">rese\u00f1a general.<\/a><\/em><\/p>\n\n\n\n<p><em>Volver a la <a href=\"https:\/\/homotheoreticus.wordpress.com\/2019\/09\/11\/resena-del-sendero-gran-patagonia-3-parte\/\">tercera parte<\/a>.<\/em><\/p>\n\n\n\n<p><em>Ir a la <a href=\"https:\/\/homotheoreticus.wordpress.com\/2019\/09\/02\/sendero-gran-patagonia-primera-parte\/\">primera parte<\/a>.<\/em><\/p>\n\n\n\n<figure class=\"wp-block-embed-youtube wp-block-embed is-type-rich wp-embed-aspect-16-9 wp-has-aspect-ratio\"><div class=\"wp-block-embed__wrapper\">\n<iframe loading=\"lazy\" title=\"Sendero Gran Patagonia 2018-2019\" width=\"1041\" height=\"586\" src=\"https:\/\/www.youtube.com\/embed\/dkegSMZWf0U?feature=oembed\" frameborder=\"0\" allow=\"accelerometer; autoplay; clipboard-write; encrypted-media; gyroscope; picture-in-picture; web-share\" referrerpolicy=\"strict-origin-when-cross-origin\" allowfullscreen><\/iframe>\n<\/div><\/figure>\n\n\n\n<p><em>\u00a1Vaya mi eterna gratitud a los generosos habitantes del suelo chileno!<\/em><\/p>\n","protected":false},"excerpt":{"rendered":"<p>Rese\u00f1a de mi paso por las secciones 14 a 19 del Sendero Gran Patagonia, entre la Laguna Icalma, en la Regi\u00f3n de la Araucan\u00eda, y Anticura, en la Regi\u00f3n del Lagos. Con esto termina mi caminata del verano 2018-2019.<\/p>\n","protected":false},"author":2,"featured_media":1902,"comment_status":"open","ping_status":"open","sticky":false,"template":"","format":"standard","meta":{"om_disable_all_campaigns":false,"_monsterinsights_skip_tracking":false,"_monsterinsights_sitenote_active":false,"_monsterinsights_sitenote_note":"","_monsterinsights_sitenote_category":0,"_uf_show_specific_survey":0,"_uf_disable_surveys":false,"cybocfi_hide_featured_image":"","footnotes":""},"categories":[6,1,2],"tags":[14,21,22,32,39],"class_list":["post-1185","post","type-post","status-publish","format-standard","has-post-thumbnail","hentry","category-sendero-gran-patagonia-gpt","category-sin-categoria","category-travesias","tag-chile","tag-gpt","tag-greater-patagonian-trail","tag-patagonia","tag-sendero-gran-patagonia"],"aioseo_notices":[],"_links":{"self":[{"href":"https:\/\/homotheoreticus.com\/index.php\/wp-json\/wp\/v2\/posts\/1185","targetHints":{"allow":["GET"]}}],"collection":[{"href":"https:\/\/homotheoreticus.com\/index.php\/wp-json\/wp\/v2\/posts"}],"about":[{"href":"https:\/\/homotheoreticus.com\/index.php\/wp-json\/wp\/v2\/types\/post"}],"author":[{"embeddable":true,"href":"https:\/\/homotheoreticus.com\/index.php\/wp-json\/wp\/v2\/users\/2"}],"replies":[{"embeddable":true,"href":"https:\/\/homotheoreticus.com\/index.php\/wp-json\/wp\/v2\/comments?post=1185"}],"version-history":[{"count":4,"href":"https:\/\/homotheoreticus.com\/index.php\/wp-json\/wp\/v2\/posts\/1185\/revisions"}],"predecessor-version":[{"id":1905,"href":"https:\/\/homotheoreticus.com\/index.php\/wp-json\/wp\/v2\/posts\/1185\/revisions\/1905"}],"wp:featuredmedia":[{"embeddable":true,"href":"https:\/\/homotheoreticus.com\/index.php\/wp-json\/wp\/v2\/media\/1902"}],"wp:attachment":[{"href":"https:\/\/homotheoreticus.com\/index.php\/wp-json\/wp\/v2\/media?parent=1185"}],"wp:term":[{"taxonomy":"category","embeddable":true,"href":"https:\/\/homotheoreticus.com\/index.php\/wp-json\/wp\/v2\/categories?post=1185"},{"taxonomy":"post_tag","embeddable":true,"href":"https:\/\/homotheoreticus.com\/index.php\/wp-json\/wp\/v2\/tags?post=1185"}],"curies":[{"name":"wp","href":"https:\/\/api.w.org\/{rel}","templated":true}]}}