{"id":136,"date":"2017-12-28T12:09:16","date_gmt":"2017-12-28T15:09:16","guid":{"rendered":"https:\/\/homotheoreticus.wordpress.com\/?p=136"},"modified":"2017-12-28T12:09:16","modified_gmt":"2017-12-28T15:09:16","slug":"testimonio-de-la-huella-andina-segunda-parte","status":"publish","type":"post","link":"https:\/\/homotheoreticus.com\/index.php\/2017\/12\/28\/testimonio-de-la-huella-andina-segunda-parte\/","title":{"rendered":"Testimonio de la Huella Andina:   Segunda Parte"},"content":{"rendered":"<h1 style=\"text-align:center;\"><b>DE PUERTO CANOA A SAN MART\u00cdN DE LOS ANDES<\/b><\/h1>\n<p style=\"text-align:justify;\"><i> <\/i><i>Comparto con ustedes esta segunda parte de mi experiencia por la Huella Andina. Se trata de un relato sobre la parte m\u00e1s concurrida y mejor se\u00f1alizada, una de las m\u00e1s hermosas y con la ventaja de que puede ser caminada en su totalidad, sin conexiones vehiculares.<\/i><\/p>\n<p><strong><i>D\u00eda 7 y 8: Conexi\u00f3n a Puerto Canoa<\/i><\/strong><\/p>\n<p style=\"text-align:right;\"><i>10 y 11 de Enero de 2017<\/i><\/p>\n<p style=\"text-align:justify;\">Ya mejorado el clima, nos despedimos de la familia de Do\u00f1a Rosa. No tengo palabras suficientes para agradecer la hospitalidad que nos brindaron aquellos d\u00edas de lluvia. Hicimos dedo hasta Alumin\u00e9. Tal como hab\u00edamos acordado, una vez en la YPF, nos dividimos: mis compa\u00f1eros se quedaron y yo decid\u00ed seguir hasta Puerto Canoa para continuar la Huella. Hice dedo hasta Jun\u00edn de los Andes, pasando la noche en el camping municipal.<\/p>\n<p style=\"text-align:justify;\">Al otro d\u00eda, luego de lavar la ropa y comprar bastantes v\u00edveres, tom\u00e9 el micro hasta Puerto Canoa. El volc\u00e1n Lanin se dej\u00f3 ver desde la ventana por primera vez en su cara sur. Hacia all\u00ed dirig\u00eda mi pr\u00f3ximo objetivo. Acamp\u00e9 junto a un grupo de scouts, a orillas del lago Huechuafquen. Los caiquenes paseaban alrededor de la carpa, mientas cocinaba una polenta en mi ollita personal.<\/p>\n<p><strong>D\u00eda 8: Puerto Canoa \u2013 Base del Volc\u00e1n Lanin \u2013 Aila (30,2 km)<\/strong><\/p>\n<p style=\"text-align:right;\"><i>12 de Enero de 2017<\/i><\/p>\n<p style=\"text-align:justify;\"><i> <\/i>Me despert\u00e9 e inmediatamente levant\u00e9 campamento. Dej\u00e9 secando la carpa un rato, debido a la humedad de la condensaci\u00f3n, rutina que se repitir\u00eda cada d\u00eda en adelante.<\/p>\n<p><img loading=\"lazy\" decoding=\"async\" class=\"alignnone size-full wp-image-150\" src=\"https:\/\/homotheoreticus.files.wordpress.com\/2017\/12\/dsc09614.jpg\" alt=\"DSC09614.JPG\" width=\"3072\" height=\"2304\"><\/p>\n<p style=\"text-align:justify;\">Me recomendaron en informes que no tomara el agua de los arroyos aquel d\u00eda, ya que el volc\u00e1n Lan\u00edn estaba emanando cenizas desde su interior. El agua por lo tanto ca\u00eda turbia y tuve que comprar agua mineral. Ese d\u00eda escuch\u00e9 por la radio de la sede guardaparques, que hab\u00eda habido un muerto y tres heridos en el volc\u00e1n, durante un entrenamiento militar el d\u00eda anterior.<\/p>\n<p style=\"text-align:justify;\">El cielo estuvo nublado y ca\u00edan algunos chaparrones. A las 10 hs ya me encontraba en el sendero, que por suerte estaba muy bien mantenido y se\u00f1alizado. Una vez en la base del volc\u00e1n, a 1700 metros, las nube imped\u00edan ver la cumbre. A\u00fan as\u00ed el escenario era hechizante: envuelto en una manta de neblina que se mov\u00eda a mi alrededor, pude observar la ladera del volc\u00e1n, carente de vegetaci\u00f3n, con sus piedras y saltos de agua, descendiendo hacia el valle del Huechulafquen.<\/p>\n<p><img loading=\"lazy\" decoding=\"async\" class=\"alignnone size-full wp-image-157\" src=\"https:\/\/homotheoreticus.files.wordpress.com\/2017\/12\/dsc09654.jpg\" alt=\"DSC09654.JPG\" width=\"3072\" height=\"2304\"><\/p>\n<p style=\"text-align:justify;\">A las 15 hs estaba de regreso y notifiqu\u00e9 de mi llegada a informes. Mientras almorzaba en un reparador descanso, me llev\u00e9 una gran sorpresa: mis amigos llegaban a Puerto Canoa para continuar la Huella Andina. El equipo se reun\u00eda de vuelta. As\u00ed fue que a las 18 hs, partimos a la siguiente etapa: Aila.<\/p>\n<p style=\"text-align:justify;\">El cielo se despej\u00f3 y sali\u00f3 el sol. Nos dirigimos caminando hacia la angostura del lago, donde un muchacho nos condujo en canoa a remo hacia la orilla de enfrente. Desde all\u00ed comenzamos a caminar la siguiente etapa. Hab\u00eda mucha gente acampando y caminando por esta zona, a diferencia de los tramos anteriores.<\/p>\n<p style=\"text-align:justify;\">Rodeados de bosque, tras subidas y bajadas constantes, llegamos a Aila. Una vivienda r\u00fastica sobre lo alto de una colina boscosa nos daba la vivienvenida. Abajo, se encontraba el lago y la zona de acampe, agreste y sin servicios. El lugar, era un aut\u00e9ntico retiro, totalmente apartado de la civilizaci\u00f3n, en medio de los cohiues, rodeado del apacible lago Paim\u00fan y coronado por el Lan\u00edn en todo su esplendor. All\u00ed compartimos fog\u00f3n y entablamos amistad con un grupo de j\u00f3venes mendozinos.<\/p>\n<p><img loading=\"lazy\" decoding=\"async\" class=\"alignnone size-full wp-image-137\" src=\"https:\/\/homotheoreticus.files.wordpress.com\/2017\/12\/dsc09699.jpg\" alt=\"DSC09699\" width=\"3072\" height=\"2304\"><\/p>\n<p><strong>D\u00eda 9: Aila &#8211; Termas del Epulafquen (15,1 km)<\/strong><\/p>\n<p style=\"text-align:right;\"><i>13 de Enero de 2017<\/i><\/p>\n<p style=\"text-align:justify;\"><i> <\/i>El camino a las termas es un sendero angosto que pasa por bosque cerrado y&nbsp; partes de ca\u00f1averal. En algunas lugares hay presencia de ganado, lo que dificulta encontrar el sendero entre las m\u00fatliples pisadas. No logr\u00e9 ver la famosa m\u00e1quina a vapor apodada \u201cel locomovil\u201d. Cuando menos lo esperaba, tras horas de caminata, levant\u00e9 la cabeza y estaba parado sobre la ruta 62, cerca del paso Carirri\u00f1e. Segu\u00ed la ruta hasta llegar a las Termas del Epulafquen, llegando a las 13:30 hs.<\/p>\n<p style=\"text-align:justify;\">En el camping de las termas arm\u00e9 campamento, cocin\u00e9 una polenta y me dirig\u00ed a los piletones de barro. Mientrsa conversaba con la gente que acud\u00eda al mismo lugar, puse los pies sobre las piletas agrestes, sin saber a ciencia cierta lo que hab\u00eda en el fondo. Ya sentado sent\u00eda que flotaba suspendido. Fue una experiencia interesante, aunque tengo mis dudas sobre qu\u00e9 sea m\u00e1s beneficioso, si estas aguas o un chapuz\u00f3n en el lago fr\u00edo. Una vez afuera me ba\u00f1\u00e9 con ducha y lav\u00e9 la ropa.<\/p>\n<div id='gallery-1' class='gallery galleryid-136 gallery-columns-3 gallery-size-thumbnail'><figure class='gallery-item'>\n\t\t\t<div class='gallery-icon landscape'>\n\t\t\t\t<a href='https:\/\/homotheoreticus.com\/dsc09719\/'><img loading=\"lazy\" decoding=\"async\" width=\"150\" height=\"150\" src=\"https:\/\/homotheoreticus.com\/wp-content\/uploads\/2017\/12\/dsc09719-150x150.jpg\" class=\"attachment-thumbnail size-thumbnail\" alt=\"\" \/><\/a>\n\t\t\t<\/div><\/figure><figure class='gallery-item'>\n\t\t\t<div class='gallery-icon landscape'>\n\t\t\t\t<a href='https:\/\/homotheoreticus.com\/dsc09730-2\/'><img loading=\"lazy\" decoding=\"async\" width=\"150\" height=\"150\" src=\"https:\/\/homotheoreticus.com\/wp-content\/uploads\/2017\/12\/dsc097301-150x150.jpg\" class=\"attachment-thumbnail size-thumbnail\" alt=\"\" \/><\/a>\n\t\t\t<\/div><\/figure>\n\t\t<\/div>\n\n<p style=\"text-align:justify;\">M\u00e1s tarde lleg\u00f3 el grupo de amigos mendozinos. All\u00ed vi que ven\u00edan s\u00famamente cargados, con guitarra, abundante comida, ca\u00f1a de pescar, todo en sus enormes mochilas. Hac\u00edan pan casero y hasta hab\u00edan llevado un cancionero para entonar por la noche. Volvimos a compartir el fog\u00f3n, \u201cpayando\u201d y guitarreando. La radio anunci\u00f3 por aquellos d\u00edas que un grupo de j\u00f3venes hab\u00eda \u201cusurpado\u201d una sede de guardaparques junto al Huechulafquen: eran los pobres mendocinos, perseguidos por la tormenta, que se hab\u00edan metido bajo el primer techo que encontrar. Me contaron esta an\u00e9cdota que a\u00fan me provoca risa.<\/p>\n<p style=\"text-align:justify;\">El grupo de mendocinos me impresion\u00f3 por su amable alegr\u00eda, su esp\u00edritu de compa\u00f1erismo, la confianza que pusieron en nosotros desde que nos vieron, y un aspecto no menos importante: la vida sana que llevaban, no tan com\u00fan entre los mochileros, pero s\u00ed acorde con la actividad del senderismo.<\/p>\n<p><strong>D\u00eda 10: Termas del Epulafquen &#8211; Laguna verde (13 km)<\/strong><\/p>\n<p style=\"text-align:right;\"><em>14 de Enero de 2017<\/em><\/p>\n<p style=\"text-align:justify;\">La etapa siguientes es una ruta vehicular, no por eso sin belleza.&nbsp; Hace su primera aparici\u00f3n el escorial del volc\u00e1n Achen \u00d1iyeu, un gran valle de lava petrificada que desciende de la monta\u00f1a y se interna en las aguas heladas del Epulafquen. M\u00e1s adelante se suceden los espejos de agua hasta llegar a Laguna Verde, un peque\u00f1o para\u00edso perdido con playas de arena negra.<\/p>\n<p><img loading=\"lazy\" decoding=\"async\" class=\"alignnone size-full wp-image-152\" src=\"https:\/\/homotheoreticus.files.wordpress.com\/2017\/12\/dsc09748.jpg\" alt=\"DSC09748.JPG\" width=\"3072\" height=\"2304\"><\/p>\n<p style=\"text-align:justify;\">Podr\u00eda decirse que reci\u00e9n en la laguna me normaliz\u00e9 del est\u00f3mago. Hice una prueba comiendo tortas fritas y tomando mate. No se si fue la mejor idea, pero pas\u00e9 la prueba. En el camping ofrec\u00edan hamburguesas y tambi\u00e9n hice el sacrificio.<\/p>\n<p style=\"text-align:justify;\">Empec\u00e9 a meditar una idea. Si lograba apurar el paso, abarcando m\u00e1s kil\u00f3metros por d\u00eda, podr\u00eda llegar a tiempo para regresar a \u00d1orquinco, retomar los tramos pendientes y terminar la Huella Andina en su totalidad para Febrero. Para eso tendr\u00eda que caminar lo m\u00e1s r\u00e1pido posible hasta San Mart\u00edn de los Andes, la ciudad m\u00e1s pr\u00f3xima, que estaba a 70 km, y desde all\u00ed volver en micro hasta Alumin\u00e9.<\/p>\n<p style=\"text-align:justify;\">Aquella noche fue la \u00faltima con el equipo completo.&nbsp; Un joven sanjuanino se hab\u00eda sumado y comimos todos juntos. Planti\u00e9 al grupo que la ma\u00f1ana siguiente har\u00eda algo arriesgado: empezar a meter varias etapas de Huella Andina por d\u00eda. Si bien no era nada f\u00e1cil, era la \u00fanica manera de completar la traves\u00eda a tiempo. Mis amigos, en cambio, tendr\u00edan como meta llegar a San Mart\u00edn de los Andes. Lo har\u00edan sin apuro, por su cuenta. As\u00ed nos despedimos.<\/p>\n<p><img loading=\"lazy\" decoding=\"async\" class=\"alignnone size-full wp-image-153\" src=\"https:\/\/homotheoreticus.files.wordpress.com\/2017\/12\/dsc09761.jpg\" alt=\"DSC09761.JPG\" width=\"3072\" height=\"2304\"><\/p>\n<p><strong>D\u00eda 11: Laguna verde &#8211; Rinc\u00f3n de los Pinos &#8211; Auquinco &#8211; Puerto Arturo (40,3 km)<\/strong><\/p>\n<p style=\"text-align:right;\"><i>15 de Enero de 2017<\/i><\/p>\n<p style=\"text-align:justify;\">El primer d\u00eda de la Huella Andina estaba cansado. Para el cuarto d\u00eda en \u00d1orquinco estaba extenuado. No solo cansado de las piernas, sino que la lluvia y el hambre me hab\u00edan arruinado: me dol\u00edan los brazos por usar los bastones, los hombros por cargar la mochila, los pies por las ampollas y las piernas de tanto caminar. Sin embargo, diez d\u00edas despu\u00e9s, mi cuerpo se hab\u00eda transofrmado: se recuperaba cada noche, ayudado por el sue\u00f1o, la elongaci\u00f3n y, sobre todo, la alimentaci\u00f3n (las veces que com\u00ed carne, sent\u00ed que me cargaban el tanque de nafta). Tambi\u00e9n aprend\u00eda de a poco a mejorar la forma de caminar, con mayor velocidad, menor fatiga y usando mejor los bastones. Las ampollas se transformaron en cayos. El cuerpo cambiaba su metabolismo y me estaba poniendo realmente en forma. Creo que reci\u00e9n entonces logr\u00e9 entrar en sinton\u00eda con el sendero, perd\u00ed los temores y empec\u00e9 a moverme con facilidad por la Huella Andina. Llevaba onces d\u00edas caminando y reci\u00e9n empezaba.<\/p>\n<p><img loading=\"lazy\" decoding=\"async\" class=\"alignnone size-full wp-image-154\" src=\"https:\/\/homotheoreticus.files.wordpress.com\/2017\/12\/dsc09762.jpg\" alt=\"DSC09762.JPG\" width=\"3072\" height=\"2304\"><\/p>\n<p style=\"text-align:justify;\">Luego de secar la carpa por la condensaci\u00f3n, part\u00ed a las 10 de la ma\u00f1ana por el sendero a refugio de los pinos. Comenc\u00e9 en un bosque de cohiues oscuros, de tama\u00f1o gigante, que custodiaban el lago. A medida que ascend\u00eda por la ladera de la monta\u00f1a llegu\u00e9 a las piedras volc\u00e1nicas que ca\u00edan del Achen \u00d1iyeu. A las pocas horas parec\u00eda que estaba en otro planeta: era un inmenso valle volc\u00e1nico, custodiado por el imponente Lan\u00edn por detr\u00e1s. Este paisaje, desolado, abismal y silencioso, fue sin duda uno de los escenarios m\u00e1s incre\u00edbles de toda la Huella Andina.<\/p>\n<p><img loading=\"lazy\" decoding=\"async\" class=\"alignnone size-full wp-image-160\" src=\"https:\/\/homotheoreticus.files.wordpress.com\/2017\/12\/dsc09767.jpg\" alt=\"DSC09767.JPG\" width=\"3072\" height=\"2304\"><\/p>\n<p>&nbsp;<\/p>\n<p>&nbsp;<\/p>\n<p><img loading=\"lazy\" decoding=\"async\" class=\"alignnone size-full wp-image-161\" src=\"https:\/\/homotheoreticus.files.wordpress.com\/2017\/12\/dsc09769.jpg\" alt=\"DSC09769.JPG\" width=\"3072\" height=\"2304\"><\/p>\n<p style=\"text-align:justify;\">Descendiendo por el bosque de lengas y siguiendo el cauce de un arroyo dej\u00e9 atr\u00e1s el valle volc\u00e1nico. De pronto, estaba parado en medio de una pampa de pastos amarillentos. Una pampa totalmente virgen, sin una sola huella de ganado\u2026 inmensa y rodeada de monta\u00f1as. Fue dif\u00edcil no perderse, ya que por momentos el camino se confund\u00eda en el pastizal. La br\u00fajula fue de una utilidad invaluable. As\u00ed llegu\u00e9 a Rinc\u00f3n de los Pinos, un peque\u00f1o refugio en el ca\u00f1ad\u00f3n de Auquinco. Unos chicos de La Plata estaban acampando all\u00ed desde hace dos d\u00edas. Mientras almorzaba un sandwich de at\u00fan conversamos un poco. Eran las 14 hs.<\/p>\n<p>&nbsp;<\/p>\n<p><img loading=\"lazy\" decoding=\"async\" class=\"alignnone size-full wp-image-162\" src=\"https:\/\/homotheoreticus.files.wordpress.com\/2017\/12\/dsc09781.jpg\" alt=\"DSC09781.JPG\" width=\"3072\" height=\"2304\"><\/p>\n<p style=\"text-align:justify;\">A las 15:30 sal\u00ed para Auquinco. El camino alternaba entre pampa y bosque bajo, cruzando varios arroyos. Al principio vadeaba descalzo, luego aparecieron los puentes. Cuando menos lo esperaba, encuentro una edificaci\u00f3n incendiada. Un muchacho surge del bosque. Lo saludo y me confirma que estoy en Auquinco. A unos metros, detr\u00e1s de los cohiues, estaba el Lago Lolog, gigante, profundo y turbulento.<\/p>\n<p>Luego de conversar un rato con algunos caminatnes, decid\u00ed hacer el \u00fatlimo desaf\u00edo del d\u00eda: llegar a Puerto Arturo para el anochecer. Eran las 19 hs y me quedaban 12,6 km de caminata por la monta\u00f1a. Com\u00ed unas galletitas, cargu\u00e9 de nuevo la mochila, los bastones y sal\u00ed a caminar.<\/p>\n<p><img loading=\"lazy\" decoding=\"async\" class=\"alignnone size-full wp-image-163\" src=\"https:\/\/homotheoreticus.files.wordpress.com\/2017\/12\/dsc09793.jpg\" alt=\"DSC09793.JPG\" width=\"3072\" height=\"2304\"><\/p>\n<p>&nbsp;<\/p>\n<p style=\"text-align:justify;\">Tras subidas y bajadas, entre bosque de cohiues y ca\u00f1averal, llegu\u00e9 a las 22 hs, ya sin luz, a Puerto Arturo. El guardaparques me dijo que no estaba bien caminar de noche&#8230; es cierto y ten\u00eda raz\u00f3n. Pero cumpl\u00ed con mi objetivo: adelant\u00e9 etapas de la Huella Andina.<\/p>\n<p><strong>D\u00eda 12: Puerto Arturo &#8211; Laguna Rosales &#8211; San Mart\u00edn de los Andes (29 km)<\/strong><\/p>\n<p style=\"text-align:right;\"><i>16 de Enero de 2017<\/i><\/p>\n<p style=\"text-align:justify;\">Ese d\u00eda no madrugu\u00e9. A mi tiempo lav\u00e9 la ropa y la puse a secar. Qu\u00e9 mala suerte que empeor\u00f3 el clima y entre vientos y chubascos me fue muy dif\u00edcil secarla. Muy demorado, sal\u00ed a las 16:30 hs, content\u00e1ndome con llegar a Laguna Rosales. Varias camionetas pasaban por la ruta y me tentaban para llevarme\u2026 pero eleg\u00ed seguir caminando.<\/p>\n<p>&nbsp;<\/p>\n<p style=\"text-align:justify;\">Hasta Laguna Rosales el camino es una ruta. El paisaje tiene su belleza, aunque me extra\u00f1\u00f3 que el trazado del sendero no pasara bordeando el lago en lugar de ir por ruta. Ya que estaba a tiempo, a las 19:30, comienzo el sendero de Laguna Rosales hasta San Mart\u00edn de los Andes. Empec\u00e9 a cruzarme varios corredores de \u00abtrail running\u00bb, que sub\u00edan y bajaban los caminos, seguramente prepar\u00e1ndose para la competencia del \u201cCruce\u201d, tan famosa en la Patagonia.<\/p>\n<p><img loading=\"lazy\" decoding=\"async\" class=\"alignnone size-full wp-image-165\" src=\"https:\/\/homotheoreticus.files.wordpress.com\/2017\/12\/dsc09849.jpg\" alt=\"DSC09849.JPG\" width=\"3072\" height=\"2304\"><\/p>\n<p style=\"text-align:justify;\">Cuando anochec\u00eda pude vislumbrar desde lo alto las luces de San Mart\u00edn de los Andes. Conc\u00ed as\u00ed la ciudad, a las 22 hs, buscando alojamiento. Me gui\u00e9 por los consejos de la gente. Como los alojamientos estaban repletos, ya planificaba tirar mi bolsa de dormir en alguna plaza. Finalmente encontr\u00e9 el \u201cArte Hostel\u201d, con un lugar dispoible. Asegurado el pernocte, sal\u00ed disparado a comprar comida (carne). Cen\u00e9 conversando con un grupo de j\u00f3venes, que planeaban escalar el volc\u00e1n Lan\u00edn.<\/p>\n<p><img loading=\"lazy\" decoding=\"async\" class=\"alignnone size-full wp-image-164\" src=\"https:\/\/homotheoreticus.files.wordpress.com\/2017\/12\/dsc09855.jpg\" alt=\"DSC09855.JPG\" width=\"3072\" height=\"2304\"><\/p>\n<p>&nbsp;<\/p>\n<p><strong>D\u00eda 13: Regreso a Alumin\u00e9<\/strong><\/p>\n<p style=\"text-align:right;\"><i>17 de Enero de 2017<\/i><\/p>\n<p style=\"text-align:justify;\">A la ma\u00f1ana despert\u00e9 en una cama, cosa a la cual me hab\u00eda desacostumbrado. Estaba contento de haber logrado mi objetivo de adelantar etapas de la Huella. Lav\u00e9 la ropa y la puse a secar en el tendedero. Mientras, me dirig\u00ed a la terminal de micros para sacar pasaje.<\/p>\n<p style=\"text-align:justify;\">Una an\u00e9cdota: ya sin noci\u00f3n del tiempo, me entretuve conversando en el hostel. Result\u00f3 que se hizo la hora del viaje, cargu\u00e9 la mochila y sal\u00ed corriendo para la terminal. Vi c\u00f3mo el micro se iba, absolutamente puntual, a metros de mi presencia. Inemdiatamente tom\u00e9 un taxi y como si fuera una pel\u00edcula de acci\u00f3n, le ped\u00ed al taxista que interceptara el micro. Efectivamente, experto el taxista, se adelant\u00f3 a la polic\u00eda caminera y fren\u00f3 delante del micro, impidi\u00e9ndole avanzar hasta que logr\u00e9 ingresar por la puerta, mostrando mi pasaje en mano.<\/p>\n<p style=\"text-align:justify;\">A las 20 hs llegu\u00e9 a Alumin\u00e9 y acamp\u00e9 en la camping municipal junto al r\u00edo. As\u00ed culminaba una larga etapa de la Huella Andina.<\/p>\n<p><i>(Continua en: <a href=\"https:\/\/homotheoreticus.wordpress.com\/2018\/01\/12\/testimonio-de-la-huella-andina-tercera-parte\/\">Testimonio de la Huella Andina: Tercera Parte<\/a>)<\/i><\/p>\n<p>Parte anterior:&nbsp;<a href=\"https:\/\/homotheoreticus.wordpress.com\/2017\/03\/23\/testimonio-de-la-huella-andina-2017\/\">Testimonio de la Huella Andina: Primera parte<\/a><\/p>\n<p>Equipo:&nbsp;<a href=\"https:\/\/homotheoreticus.wordpress.com\/2017\/03\/22\/primera-entrada-del-blog\/\">C\u00f3mo armar una mochila liviana para la Huella Andina (5,43 kg)<\/a><\/p>\n","protected":false},"excerpt":{"rendered":"<p>DE PUERTO CANOA A SAN MART\u00cdN DE LOS ANDES Comparto con ustedes esta segunda parte de mi experiencia por la Huella Andina. Se trata de (\u2026)<\/p>\n","protected":false},"author":2,"featured_media":143,"comment_status":"open","ping_status":"open","sticky":false,"template":"","format":"standard","meta":{"om_disable_all_campaigns":false,"_monsterinsights_skip_tracking":false,"_monsterinsights_sitenote_active":false,"_monsterinsights_sitenote_note":"","_monsterinsights_sitenote_category":0,"_uf_show_specific_survey":0,"_uf_disable_surveys":false,"cybocfi_hide_featured_image":"","footnotes":""},"categories":[4,2],"tags":[23,32,36,38],"class_list":["post-136","post","type-post","status-publish","format-standard","has-post-thumbnail","hentry","category-huella-andina-ha","category-travesias","tag-huella-andina","tag-patagonia","tag-relato","tag-segunda-parte"],"aioseo_notices":[],"_links":{"self":[{"href":"https:\/\/homotheoreticus.com\/index.php\/wp-json\/wp\/v2\/posts\/136","targetHints":{"allow":["GET"]}}],"collection":[{"href":"https:\/\/homotheoreticus.com\/index.php\/wp-json\/wp\/v2\/posts"}],"about":[{"href":"https:\/\/homotheoreticus.com\/index.php\/wp-json\/wp\/v2\/types\/post"}],"author":[{"embeddable":true,"href":"https:\/\/homotheoreticus.com\/index.php\/wp-json\/wp\/v2\/users\/2"}],"replies":[{"embeddable":true,"href":"https:\/\/homotheoreticus.com\/index.php\/wp-json\/wp\/v2\/comments?post=136"}],"version-history":[{"count":0,"href":"https:\/\/homotheoreticus.com\/index.php\/wp-json\/wp\/v2\/posts\/136\/revisions"}],"wp:featuredmedia":[{"embeddable":true,"href":"https:\/\/homotheoreticus.com\/index.php\/wp-json\/wp\/v2\/media\/143"}],"wp:attachment":[{"href":"https:\/\/homotheoreticus.com\/index.php\/wp-json\/wp\/v2\/media?parent=136"}],"wp:term":[{"taxonomy":"category","embeddable":true,"href":"https:\/\/homotheoreticus.com\/index.php\/wp-json\/wp\/v2\/categories?post=136"},{"taxonomy":"post_tag","embeddable":true,"href":"https:\/\/homotheoreticus.com\/index.php\/wp-json\/wp\/v2\/tags?post=136"}],"curies":[{"name":"wp","href":"https:\/\/api.w.org\/{rel}","templated":true}]}}