{"id":177,"date":"2018-01-12T04:53:20","date_gmt":"2018-01-12T07:53:20","guid":{"rendered":"https:\/\/homotheoreticus.wordpress.com\/?p=177"},"modified":"2023-12-08T12:44:25","modified_gmt":"2023-12-08T12:44:25","slug":"testimonio-de-la-huella-andina-tercera-parte","status":"publish","type":"post","link":"https:\/\/homotheoreticus.com\/index.php\/2018\/01\/12\/testimonio-de-la-huella-andina-tercera-parte\/","title":{"rendered":"Testimonio de la Huella Andina: Tercera Parte"},"content":{"rendered":"<h1 style=\"text-align: center;\">DE QUILA QUINA A PUERTO PATRIADA<\/h1>\n<p><em>Esta parte de la Huella Andina se podr\u00eda dividir en dos: por un lado, los primeros tramos que requieren conexiones vehiculares entre s\u00ed, llegando hasta Villa La Angostura; y por otro lado, el camino que une de manera continua Bariloche con el Lago Epuyen, pasando por la comarca del Bols\u00f3n.<\/em><\/p>\n<p><strong>D\u00eda 19: conexi\u00f3n a Quila Quina\u00a0<\/strong><\/p>\n<p style=\"text-align: right;\"><em>21 de Enero de 2017<\/em><\/p>\n<p style=\"text-align: justify;\">Cumplidas las etapas de \u00d1orquinco-Rucachoroy-Quill\u00e9n, regres\u00e9 a Alumin\u00e9 a dedo y desde all\u00ed tom\u00e9 el micro hasta San Mart\u00edn de los Andes. En San Mart\u00edn de los Andes investigu\u00e9 las alternativas para llegar a Quila Quina, que se encuentra a 18 km de la ciudad, en la costa sur del lago Lacar. Opt\u00e9 por ir embarcado, ya que el viaje era accesible y ten\u00eda su atractivo adicional.<\/p>\n<p>Quila Quina es un lugar paradis\u00edaco. Las piedras caen en picada sobre el Lacar, la playa tiene agua cristalina, apacible, los bosques son selvas misteriosos que envuelven todo, los caiquenes deambulan sin temor con sus crias. Pero lo mejor es cuando se han ido los turistas a sus casas, de lo contrario Quila Quina est\u00e1 repleto de gente.<\/p>\n<p><img loading=\"lazy\" decoding=\"async\" class=\"alignnone size-full wp-image-179\" src=\"https:\/\/homotheoreticus.files.wordpress.com\/2018\/01\/dsc00003.jpg\" alt=\"DSC00003.JPG\" width=\"3072\" height=\"2304\" \/><\/p>\n<p>Al rato de llegar sub\u00ed por una huella vehicular y di varias vueltas buscando el sendero, pero no pude encontrar la marca de Huella Andina. As\u00ed que regres\u00e9 y aprovech\u00e9 para descansar un poco y ba\u00f1arme en el lago antes que cayera el fr\u00edo repentino. Acamp\u00e9 y esper\u00e9 a seguir la Huella el d\u00eda siguiente<\/p>\n<p><strong>D\u00eda 20: Quila Quina &#8211; Puesto Casanova &#8211; Ruca \u00d1ire (40 km)<\/strong><\/p>\n<p style=\"text-align: right;\"><em>22 de Enero de 2017<\/em><\/p>\n<p>Me levant\u00e9 temprano y me dirig\u00ed a la sede de guardaparque para consultar sobre el sendero. El guardaparque me explic\u00f3 amablemente que los pobladores, disconformes por alg\u00fan motivo, retiraban la se\u00f1alizaci\u00f3n. Incluso hab\u00eda un cartel de Huella Andina sin colocar a\u00fan, por tal motivo.<\/p>\n<p>A las 10:30 comenc\u00e9 a ascender de nuevo en direcci\u00f3n a la ruta, hasta que un muchacho me confirm\u00f3 d\u00f3nde doblar para encontrar el camino. Luego de un rato comenzaron a aparecer algunas marcas de Huella Andina, todav\u00eda poco claras, hasta que ya en Puesto Casanova, el sendero se encontraba bien se\u00f1alizado. Desde all\u00ed todo consisti\u00f3 en seguir las marcas y bordear el Lago L\u00e1car. Estas etapas de Huella Andina fueron preciosas, caminando siempre dentro del bosque cerrado y saliendo cada tanto a las playas que ofrece el lago. Hay un poco de selva valdiviana, con helechos grandes y peque\u00f1os hilos de luz que atraviezan la espesura.<\/p>\n<p>Aqu\u00ed vi el primer array\u00e1n en mi vida y qued\u00e9 desconcertado, al punto que lo fotografi\u00e9 para averiguar de qu\u00e9 especie se trataba. Mi ignorancia sobre la Patagonia Norte era grande.<\/p>\n<p><img loading=\"lazy\" decoding=\"async\" class=\"alignnone wp-image-180 size-full\" src=\"https:\/\/homotheoreticus.files.wordpress.com\/2018\/01\/dsc00020.jpg\" alt=\"DSC00020.JPG\" width=\"3072\" height=\"2304\" \/><\/p>\n<p>Encontr\u00e9 poqu\u00edsima gente en el camino hasta llegar a Ruca \u00d1ire, donde comenzaron a sucederse campings con servicios: en Pucar\u00e1, Chach\u00edn y Hua Hum. El sendero va en esta parte alternando con huella vehicular y pasa por diversos arroyos que desembocan en el lago. Una extra\u00f1a neblina o nube de polvo suave flotaba de vez en cuando y pod\u00eda verse sobre los cuerpos de agua cuando la luz era tenue. Pregunt\u00e9 por el fen\u00f3meno y me dijeron que podr\u00eda tratarse de restos de cenizas volc\u00e1nicas en suspensi\u00f3n, pero no lo se con seguridad.<\/p>\n<p><img loading=\"lazy\" decoding=\"async\" class=\"alignnone size-full wp-image-181\" src=\"https:\/\/homotheoreticus.files.wordpress.com\/2018\/01\/dsc00048.jpg\" alt=\"DSC00048.JPG\" width=\"3072\" height=\"2304\" \/><\/p>\n<p>Llegu\u00e9 a Hua Hum a las 20:30 hs. Para recuperar los d\u00edas perdidos de conexi\u00f3n hab\u00eda caminado 40 km&#8230; \u00a1un mont\u00f3n! Inmediatamente hice dedo en la ruta y una pareja me alcanz\u00f3 hasta San Mart\u00edn de los Andes, donde pas\u00e9 la noche.<\/p>\n<p><strong>D\u00eda 21: Conexi\u00f3n a Villa Traful<\/strong><\/p>\n<p style=\"text-align: right;\"><em>23 de Enero de 2017<\/em><\/p>\n<p>Mi primo, Pedro de La Plata, estaba en camino a San Mart\u00edn en auto. Ven\u00eda a conocer el sur, as\u00ed que me comuniqu\u00e9 con \u00e9l y le propuse ir juntos a Villa Traful, donde continuaba la Huella. Pasamos en auto por el camino de los \u00abSiete Lagos\u00bb, actualmente ruta 40. Era un camino muy transitado, parec\u00eda una autopista; los ciclistas y mochileros a pie, pr\u00e1cticamente rozaban los autos que iban a gran velocidad. Me desilucion\u00f3 esta parte tan famosa de la Patagonia.<\/p>\n<p>Una vez en Villa Traful, cambi\u00f3 la cuesti\u00f3n. El pueblo era muy peque\u00f1o, ubicado a orillas de un hermoso lago. Abundaban los campings, as\u00ed que luego de elegir y armar la carpa, salimos a comprar carne. Nos dimos una buena panzada de asado. Al otro d\u00eda cada cual sigui\u00f3 su camino: mi primo escalar\u00eda un cerro y yo seguir\u00eda la Huella Andina. Quedamos en encontrarnos en Villa la Angostura.<\/p>\n<p><img loading=\"lazy\" decoding=\"async\" class=\"alignnone size-full wp-image-183\" src=\"https:\/\/homotheoreticus.files.wordpress.com\/2018\/01\/dsc00068.jpg\" alt=\"DSC00068.JPG\" width=\"3072\" height=\"2304\" \/><\/p>\n<p><strong>D\u00eda 22: Villa la Angostura &#8211; Camping Cataratas &#8211; Vivac Tapera de Lagos (23,2)<\/strong><\/p>\n<p style=\"text-align: right;\"><em>24 de Enero de 2017<\/em><\/p>\n<p>La primera parte de este tramo consisti\u00f3 en ir caminando por ruta hasta el camping Cataratas, nada especial. Una vez all\u00ed almorc\u00e9 fiambre y me dirig\u00ed a comenzar uno de los senderos m\u00e1s hermosos y solitarios de la Huella: el paso que conduce a Villa la Angostura.<\/p>\n<p><img loading=\"lazy\" decoding=\"async\" class=\"alignnone size-full wp-image-184\" src=\"https:\/\/homotheoreticus.files.wordpress.com\/2018\/01\/dsc00076.jpg\" alt=\"DSC00076.JPG\" width=\"3072\" height=\"2304\" \/><\/p>\n<p>Esta etapa se caracteriza por un gran n\u00famero de vadeos, si mal no recuerdo un total de quince. No hay mucho desnivel en esta etapa, pero lleva tiempo cruzar los arroyos. Me tom\u00e9 el tiempo de quitarme el calzado en cada oportunidad, para no andar con los pies mojados y evitar las ampollas.<\/p>\n<p>De a poco fue disminuyendo el sotobosque, surgi\u00f3 el lenguero y finalmente, a las 20:30 hs, estaba en Tapera de Lagos: un lugar encantador, elevado, solitario, cerca de las cumbres descubiertas de los cerros, junto a un antiguo refugio de lona destruido.<\/p>\n<p><img loading=\"lazy\" decoding=\"async\" class=\"alignnone size-full wp-image-185\" src=\"https:\/\/homotheoreticus.files.wordpress.com\/2018\/01\/dsc00086.jpg\" alt=\"DSC00086.JPG\" width=\"3072\" height=\"2304\" \/><\/p>\n<p>Pas\u00e9 la noche totalmente solo. No encontr\u00e9 ninguna persona en toda la etapa. Mi compa\u00f1\u00eda fue el fuego, mientras me cocinaba una polenta para cenar. Cuando me acost\u00e9 a las 21:30 hs, a\u00fan era de d\u00eda.<\/p>\n<p><strong>D\u00eda 23: Vivac Tapera de Lagos &#8211; Cerro Bayo (12 km)<\/strong><\/p>\n<p style=\"text-align: right;\"><em>25 de Enero de 2017<\/em><\/p>\n<p>Al poco de salir de la zona de acampe, se accede a un valle elevado sin \u00e1rboles, el paso que conduce a Villa la Angostura, con vista espectacular. Para mi sorpresa, hab\u00eda bastante ganado pastando, por lo que tuve que esquivar a los toros y sus \u00abfamilias\u00bb, que me miraban a reojo.<\/p>\n<p><img loading=\"lazy\" decoding=\"async\" class=\"alignnone size-full wp-image-186\" src=\"https:\/\/homotheoreticus.files.wordpress.com\/2018\/01\/dsc00092.jpg\" alt=\"DSC00092.JPG\" width=\"3072\" height=\"2304\" \/><\/p>\n<p>A medida que descend\u00eda me sorprendi\u00f3 la gran cantidad de peque\u00f1as moscas que zumbaban en determinados lugares del sendero; el buff me sirvi\u00f3 aqu\u00ed de mosquitero&#8230; cosa rara. Otro detalle fue que aparecieron pisadas de puma cerca de los cauces de los arroyos&#8230; pero por m\u00e1s que los busqu\u00e9, ninguno se dej\u00f3 ver.<\/p>\n<p><img loading=\"lazy\" decoding=\"async\" class=\"alignnone size-full wp-image-188\" src=\"https:\/\/homotheoreticus.files.wordpress.com\/2018\/01\/dsc00107.jpg\" alt=\"DSC00107.JPG\" width=\"3072\" height=\"2304\" \/><\/p>\n<p>Luego de varias horas de descender por el valle, llegu\u00e9 al complejo de invierno Cerro Bayo. Un matrimonio se detuvo a conversar conmigo, muy interesado en la Huella Andina, ya que al d\u00eda siguiente realizar\u00edan el mismo recorrido. Para mi sorpresa, me invitaron a comer unas truchas reci\u00e9n pescadas. Fue una tarde muy divertida, con charlas sobre an\u00e9cdotas de senderos, pesca, viajes, un poco de guitarreada y buena comida. Al final se sum\u00f3 tambi\u00e9n mi primo.<\/p>\n<p><img loading=\"lazy\" decoding=\"async\" class=\"alignnone wp-image-187 size-full\" src=\"https:\/\/homotheoreticus.files.wordpress.com\/2018\/01\/dsc00119.jpg\" alt=\"DSC00119.JPG\" width=\"3072\" height=\"2304\" \/><\/p>\n<p>Tras despedirnos, nos dirigimos con mi primo a buscar camping en Villa la Angostura. El camping que encontramos junto al Lago Correntoso estaba repleto de gente, hab\u00eda m\u00fasica fuerte y se perd\u00eda el encanto natural del lugar, pero no tuvimos muchas opciones.<\/p>\n<p><strong>D\u00eda 24: Angostura &#8211; \u00a0Bosque de Arrayanes (11,5km de ida + 11,5km de vuelta= 23km)<\/strong><\/p>\n<p style=\"text-align: right;\"><em>26 de Enero de 2017<\/em><\/p>\n<p>Este fue el tramo m\u00e1s concurrido de toda la Huella Andina. Llegamos a la pen\u00ednsula de Quetrihu\u00e9 sobre el l\u00edmite del horario permitido. El sendero estaba perfectamente mantenido, siendo transitado por decenas (sino cientos) de ciclistas y caminantes diarios. Al final el sendero se convert\u00eda en una pasarela de madera, que recorr\u00eda el bosque de Arrayanes con carteles informativos. Se trat\u00f3 de un recorrido muy particular, sin dejar de ser atractivo, aunque muy distinto a los entornos agrestes que caracterizan otras etapas. A las 20:30 hs est\u00e1bamos de regreso. Comimos algo afuera con mi primo y nos despedimos.<\/p>\n<p><img loading=\"lazy\" decoding=\"async\" class=\"alignnone size-full wp-image-189\" src=\"https:\/\/homotheoreticus.files.wordpress.com\/2018\/01\/dsc00142.jpg\" alt=\"DSC00142.JPG\" width=\"3072\" height=\"2304\" \/><\/p>\n<p><strong>D\u00eda 25: Lago Pto. Moreno &#8211; Tambo de Baez &#8211; Refugio Jakob (19 km)<\/strong><\/p>\n<p style=\"text-align: right;\"><em>27 de Enero de 2017<\/em><\/p>\n<p>Tom\u00e9 un micro hasta Bariloche y una chica me explic\u00f3 durante el viaje c\u00f3mo llegar al Tambo de Baez. All\u00ed tom\u00e9 un micro de linea hasta las cercan\u00edas del lago Perito Moreno. Bordi\u00e9 la costa y segu\u00ed la ruta en direcci\u00f3n contraria a Colonia Suiza.<\/p>\n<p><img loading=\"lazy\" decoding=\"async\" class=\"alignnone size-full wp-image-190\" src=\"https:\/\/homotheoreticus.files.wordpress.com\/2018\/01\/dsc00161.jpg\" alt=\"DSC00161.JPG\" width=\"3072\" height=\"2304\" \/><\/p>\n<p>Una huella vehicular se deviaba a la derecha. La segu\u00ed por instinto hasta que aparecieron un par de casas con la inscripci\u00f3n \u00abTambo de Baez\u00bb. Sin nadie a quien preguntar en el lugar, continu\u00e9 por el sendero. Para mi alegr\u00eda reapareci\u00f3 la marca de Huella Andina y supe que iba por buen camino.<\/p>\n<p>Era un d\u00eda seco, caluroso y soleado, ideal para los t\u00e1banos. A medida que ascend\u00eda por el empolvado sendero, fue apareciendo gente que iba o volv\u00eda del refugio Jakob. Me di cuenta que era un sendero tambi\u00e9n muy transitado. La vegetaci\u00f3n evolucionaba como de costumbre: del \u00f1iratal al bosque de cohiues, luego las lengas.<\/p>\n<p>Salud\u00e9 a un grupo de scouts que regresaba del refugio: los chicos \u00a0ven\u00eda saltando y cantando (no pod\u00eda ser de otra manera), los dirigentes jadeando atr\u00e1s y extenuados (\u00a1todo sea por los pibes!).<\/p>\n<p><img loading=\"lazy\" decoding=\"async\" class=\"alignnone size-full wp-image-191\" src=\"https:\/\/homotheoreticus.files.wordpress.com\/2018\/01\/dsc00178.jpg\" alt=\"DSC00178.JPG\" width=\"3072\" height=\"2304\" \/><\/p>\n<p>El recorrido en su totalidad val\u00eda la pena. Las \u00faltimas partes crec\u00edan bastante en dificultad, con una pendiente muy pronunciada. En determinado momento iba agarrado de las piedras, a gatas. Finalmente llegu\u00e9 al refugio Jakob, tras tres horas y media de caminata. Un grupo de europeos me dio la bienvenida y nos pusimos a conversar. Me registr\u00e9 y arm\u00e9 carpa en la zona habilitada. A la noche no falt\u00f3 la guitarra y circul\u00f3 el mate.<\/p>\n<p>El refugio del Club Andino, en realidad llamado \u00abSan Mart\u00edn\u00bb, estaba muy bien mantenido. Era un aut\u00e9ntico museo con su galer\u00eda de fotos hist\u00f3ricas de pioneros en blanco y negro, aut\u00e9nticos titanes que hace 50 a\u00f1os caminaban estos cerros con abrigo de lana, bermudas de algod\u00f3n y bast\u00f3n de colig\u00fce. Un patrimonio m\u00edstico, orgullo de los barilochenses.<\/p>\n<p><img loading=\"lazy\" decoding=\"async\" class=\"alignnone size-full wp-image-192\" src=\"https:\/\/homotheoreticus.files.wordpress.com\/2018\/01\/dsc00183.jpg\" alt=\"DSC00183.JPG\" width=\"3072\" height=\"2304\" \/><\/p>\n<p><strong>D\u00eda 26: Refugio Jakob &#8211; Los C\u00e9sares (19 km)<\/strong><\/p>\n<p style=\"text-align: right;\"><em>28 de Enero de 2017<\/em><\/p>\n<p>Al otro d\u00eda hicimos este tramo juntos con el grupo de europeos.. ven\u00edan de Francia, Suiza y Escocia; el idioma que todos manejaban era el ingl\u00e9s, as\u00ed que me vino ideal para practicar. A las 10 hs est\u00e1bamos caminando en ascenso hacia la Laguna de los T\u00e9mpanos. Todo el paisaje sobre roca, con manchas de nieve y chorrillos de agua, nada ten\u00eda desperdicio&#8230; cada momento era digno de sentarse a contemplar.<\/p>\n<p><img loading=\"lazy\" decoding=\"async\" class=\"alignnone size-full wp-image-193\" src=\"https:\/\/homotheoreticus.files.wordpress.com\/2018\/01\/dsc00202.jpg\" alt=\"DSC00202.JPG\" width=\"3072\" height=\"2304\" \/><\/p>\n<p>Luego de realizar el paso Schweitzer, descendimos por unas piedras empinadas, sin duda una de las partes m\u00e1s espectaculares y dif\u00edciles de toda la Huella Andina. Hab\u00eda un gran riesgo si se perd\u00eda la mirada atenta del suelo. All\u00ed, en medio de las piedras filosas, mis zapatillas de trekking comenzaron a romperse y apareci\u00f3 el primer gran agujero.<\/p>\n<p><img loading=\"lazy\" decoding=\"async\" class=\"alignnone wp-image-194 size-full\" src=\"https:\/\/homotheoreticus.files.wordpress.com\/2018\/01\/dsc00209.jpg\" alt=\"DSC00209.JPG\" width=\"3072\" height=\"2304\" \/><\/p>\n<p>Ya en el bosque todo consist\u00eda en continuar descendiendo por el valle, en direcci\u00f3n al lago Mascardi. Este tramo, inmenso y con algunos vadeos, fue muy especial. La sensaci\u00f3n de inmensidad y soledad fue la m\u00e1s espectacular de toda la Huella. Fuimos las \u00fanicas personas en todo el valle. Una vez en el Lago, el silencio me produc\u00eda cierto escalofr\u00edo. Pude ver por primera vez el Cerro Tronador, nuevo guardi\u00e1n en reemplazo del Lan\u00edn.<\/p>\n<p><img loading=\"lazy\" decoding=\"async\" class=\"alignnone size-full wp-image-195\" src=\"https:\/\/homotheoreticus.files.wordpress.com\/2018\/01\/dsc00216.jpg\" alt=\"DSC00216.JPG\" width=\"3072\" height=\"2304\" \/><\/p>\n<p>El \u00e1rea \u00abLos C\u00e9sares\u00bb no era un camping, ni ten\u00eda servicios, como esper\u00e1bamos. Por tal motivo, los europeos propusieron continuar hasta un hotel que se ve\u00eda a la distancia, en la orilla de enfrente. Tras cruzar por un puente colgante un r\u00edo lechoso y profundo, nos dirigimos hasta el hotel y llamamos un remis para que ellos pudieran regresar a Bariloche, donde paraban con sus pertenencias. De paso, me facilitaron la conexi\u00f3n al camping La Querencia, siguiente etapa de la Huella Andina. Fue triste despedirme de mis nuevos amigos, pero sent\u00ed el llamado de la Huella como un deber&#8230;<\/p>\n<p><strong>D\u00eda 27: Lago Mascardi &#8211; Lago Steffen (19,5 km)<\/strong><\/p>\n<p><em>29 de Enero de 2017<\/em><\/p>\n<p>El camino al siguiente lago pasa por un valle seco, cubierto de \u00f1ires de baja altura. Abundan los arbustos espinosos y el polvo. Al final reaparecen los cohiues, indicando presencia de mayor humedad.<\/p>\n<p>El lago tiene un camping muy concurrido, manteniendo a la vez una bella rusticidad. Hab\u00eda caballos amigables y ganzos que se acercaban a pedir comida. Esa noche intent\u00e9 pescar sin \u00e9xito y me acost\u00e9 temprano. El tramo entero es bell\u00edsimo, sin pendientes pronunciadas, bien se\u00f1alizado y muy solitario.<\/p>\n<p><img loading=\"lazy\" decoding=\"async\" class=\"alignnone size-full wp-image-198\" src=\"https:\/\/homotheoreticus.files.wordpress.com\/2018\/01\/dsc00245.jpg\" alt=\"DSC00245.JPG\" width=\"3072\" height=\"2304\" \/><\/p>\n<p><strong>D\u00eda 28: Lago Steffen &#8211; Villegas &#8211; Camping Kaleuche &#8211; Chacra Santa Luc\u00eda (30,5 km)<\/strong><\/p>\n<p><em>30 de Enero de 2017<\/em><\/p>\n<p>El sendero continuaba bordeando el R\u00edo Manso, de agua turquesa y muy profunda. Desde arriba se pod\u00edan ver unas fosas pintorezcas sumergidas.<\/p>\n<p><img loading=\"lazy\" decoding=\"async\" class=\"alignnone wp-image-199 size-full\" src=\"https:\/\/homotheoreticus.files.wordpress.com\/2018\/01\/dsc00266.jpg\" alt=\"DSC00266.JPG\" width=\"3072\" height=\"2304\" \/><\/p>\n<p>Segu\u00ed hasta la ruta 40. Luego de caminarla un rato llegu\u00e9 al desv\u00edo que conduce a la localidad de R\u00edo Villegas. Com\u00ed unas ricas empanadas lugare\u00f1as antes de continuar hasta el camping Kaleuche. A continuaci\u00f3n, el sendero pasa por caminos vecinales poco transitados, en paisaje predominante de estepa.<\/p>\n<p>Un bosque de pinos con su aroma caracter\u00edstico anunciaba la llegada a Chacra Santa Luc\u00eda. All\u00ed me recibi\u00f3 c\u00e1lidamente la familia Soriani. Cen\u00e9 con ellos un delicioso pollo, escuchando las historias de Miguel. Me cont\u00f3 cuando lleg\u00f3 Estefan\u00eda por primera vez a trazar aquel sendero&#8230; era un honor para ellos ser parte de la Huella Andina.<\/p>\n<p><img loading=\"lazy\" decoding=\"async\" class=\"alignnone wp-image-200 size-full\" src=\"https:\/\/homotheoreticus.files.wordpress.com\/2018\/01\/dsc00293.jpg\" alt=\"DSC00293.JPG\" width=\"3072\" height=\"2304\" \/><\/p>\n<p><strong>D\u00eda 29: Chacra Santa Luc\u00eda &#8211; Perito Moreno &#8211; Wharton (27,7 km)<\/strong><\/p>\n<p><em>31 de Enero de 2017<\/em><\/p>\n<p>Levant\u00e9 campamento bien temprano, desayun\u00e9 y sal\u00ed a continuar la Huella. Como siempre, me cost\u00f3 despedirme.<\/p>\n<p>El sendero continua por camino vecinal hasta cruzar el R\u00edo Foyel, ancho pero poco profundo. Luego empieza a ascender suavemente por una loma de vegetaci\u00f3n \u00e1rida y espinosa.<\/p>\n<p><img loading=\"lazy\" decoding=\"async\" class=\"alignnone wp-image-201 size-full\" src=\"https:\/\/homotheoreticus.files.wordpress.com\/2018\/01\/dsc00301.jpg\" alt=\"DSC00301.JPG\" width=\"3072\" height=\"2304\" \/><\/p>\n<p>Llegu\u00e9 a una peque\u00f1a represa y a un cauce artificial que nutr\u00eda a los pobladores con el agua cristalina de la monta\u00f1a. All\u00ed almorc\u00e9 unos ricos huevos duros que tra\u00eda de la chacra&#8230; \u00a1qu\u00e9 manjares austeros se da uno en la Huella!<\/p>\n<p>Pronto estuve cerca del refugio Perito Moreno. Me desvi\u00e9 casi 2 km para conocerlo. Para mi desilusi\u00f3n se trataba de un centro invernal, obviamente cerrado en verano. En lugar de acampar all\u00ed, regres\u00e9 al camino y segu\u00ed hasta Wharton por ruta.<\/p>\n<p>Posteriormente le\u00ed en una gu\u00eda m\u00e1s reciente que la Huella Andina hab\u00eda cambiado su trazado y pasaba ahora por la senda que conduce al refugio Encanto Blanco.<\/p>\n<p><img loading=\"lazy\" decoding=\"async\" class=\"alignnone wp-image-202 size-full\" src=\"https:\/\/homotheoreticus.files.wordpress.com\/2018\/01\/dsc00316.jpg\" alt=\"DSC00316.JPG\" width=\"3072\" height=\"2304\" \/><\/p>\n<p><strong>D\u00eda 30: Descanso en El Bols\u00f3n<\/strong><\/p>\n<p><em>1 de Febrero de 2017<\/em><\/p>\n<p>Empec\u00e9 febrero con un descanso. \u201cZero day\u201d le dicen en ingl\u00e9s. Aprovech\u00e9 para comunicarme por tel\u00e9fono con mi familia y conectarme a Internet en un ciber (ya que mi celular era muy primitivo).<\/p>\n<p>De casualidad me reencontr\u00e9 con mi amiga de Escocia aquel d\u00eda. Tambi\u00e9n prob\u00e9 las famosas cervezas del Bols\u00f3n.<\/p>\n<p>Vali\u00f3 la pena el descanso&#8230; mis pies lo ven\u00edan pidiendo.<\/p>\n<p><img loading=\"lazy\" decoding=\"async\" class=\"alignnone wp-image-204 size-full\" src=\"https:\/\/homotheoreticus.files.wordpress.com\/2018\/01\/dsc00320.jpg\" alt=\"DSC00320.JPG\" width=\"3072\" height=\"2304\" \/><\/p>\n<p><strong>D\u00eda 31: Wharton &#8211; Camping R\u00edo Azul (16 km)<\/strong><\/p>\n<p><em>2 de Febrero de 2017<\/em><\/p>\n<p>Mala noticia: me informaron que el tramo de Wharton hasta el camping R\u00edo Puelo era peligroso en la zona de cabeza de Indio a causa de&#8230; los robos. No sab\u00eda qu\u00e9 tan cierto era esto, pero ante la duda, dej\u00e9 mis pertenencias en el camping, incluyendo la c\u00e1mara de fotos.<\/p>\n<p>Al llegar a Cabeza de Indio el sendero era confuso y se bifurcaba constantemente en el bosque tupido. De pronto llegu\u00e9 por casualidad a un puesto de informes y me volvieron a advertir del peligro, ahora oficialmente. Me informaron que el sendero iba a parar a un asentamiento, por lo que hab\u00eda sido redise\u00f1ado para que bordeara el r\u00edo Azul. As\u00ed que desvi\u00e9 el rumbo y termin\u00e9 llegando por ruta hasta el final.<\/p>\n<p><strong>D\u00eda 32: Camping R\u00edo Azul &#8211; PN Lago Puelo (14,9 km)<\/strong><\/p>\n<p><em>3 de Febrero de 2017<\/em><\/p>\n<p>Una vez que volv\u00ed por mis pertenecias, regres\u00e9 al r\u00edo Azul y prosegu\u00ed la Huella hasta la localidad de Lago Puelo. La se\u00f1alizaci\u00f3n era escasa y por momentos el sendero se confund\u00eda con huella vehicular hasta finalmente perderse en el pueblo. Acamp\u00e9 en el Huill\u00edn, donde me recontr\u00e9 con su due\u00f1o luego de un par de a\u00f1os, amigo y gran pescador.<\/p>\n<p><img loading=\"lazy\" decoding=\"async\" class=\"alignnone size-full wp-image-205\" src=\"https:\/\/homotheoreticus.files.wordpress.com\/2018\/01\/dsc003271.jpg\" alt=\"DSC00327.JPG\" width=\"3072\" height=\"2304\" \/><\/p>\n<p>Ya en Puelo compr\u00e9 v\u00edveres y prepar\u00e9 carne a la parrilla.<\/p>\n<p>Pregunt\u00e9 y me dijeron que la senda al Desemboque se hab\u00eda incendiado hace dos a\u00f1os atr\u00e1s y que posiblemente fuera intransitable. Sin perder las esperanzas, decid\u00ed madrugar y encarar aquel tramo de la Huella Andina al d\u00eda siguiente.<\/p>\n<p><strong>D\u00eda 33: Intento de senda al Desemboque (8 km)<\/strong><\/p>\n<p><em>4 de Febrero de 2017<\/em><\/p>\n<p>Sal\u00ed en direcci\u00f3n al lago y un pueblerino generoso me levant\u00f3 con su auto. Ya con los bastones en mano me dirig\u00ed r\u00e1pidamente al comienzo de la senda, donde un cartel en pie a\u00fan me daba esperanzas de que fuera transitable.<\/p>\n<p><img loading=\"lazy\" decoding=\"async\" class=\"alignnone size-full wp-image-206\" src=\"https:\/\/homotheoreticus.files.wordpress.com\/2018\/01\/dsc00338.jpg\" alt=\"DSC00338.JPG\" width=\"3072\" height=\"2304\" \/><\/p>\n<p>Sin perder su belleza \u00fanica el Lago Puelo no pod\u00eda esconder las cicatrices del incendio: la margen sur negra gris\u00e1cea, en oposici\u00f3n al verde pleno de enfrente. Afortunadamente las monta\u00f1as del fondo conservaban su esplendor inmune, con las nieves eternas custodiando las nacientes del R\u00edo Turbio.<\/p>\n<p><img loading=\"lazy\" decoding=\"async\" class=\"alignnone wp-image-207 size-full\" src=\"https:\/\/homotheoreticus.files.wordpress.com\/2018\/01\/dsc00346.jpg\" alt=\"DSC00346.JPG\" width=\"3072\" height=\"2304\" \/><\/p>\n<p>La primera hora de caminata era un bosque intacto, un sendero estrecho y marcas claras de Huella Andina, en ascenso pronunciado. En determinado momento se bifurcaba y sal\u00eda la senda al Desemboque, apareciendo lentamente los rastros del incendio. Las marcas eran cada vez m\u00e1s escasas, cubiertas por vegetaci\u00f3n, derretidas o carbonizadas.<\/p>\n<p><img loading=\"lazy\" decoding=\"async\" class=\"alignnone wp-image-209 size-full\" src=\"https:\/\/homotheoreticus.files.wordpress.com\/2018\/01\/dsc00380.jpg\" alt=\"DSC00380.JPG\" width=\"3072\" height=\"2304\" \/><\/p>\n<p>Luego me fue muy dif\u00edcil encontrar el sendero, que se perd\u00eda en un escenario desolador de hondas cenizas, lengas carbonizadas y rosedales muy dif\u00edciles. Estuve caminando en direcci\u00f3n al desemboque hasta que aproximadamente a las 18 hs desist\u00ed. Me hab\u00eda quedado sin agua y mi ritmo de caminata era extremadamente lento entre los arbustos y los \u00e1rboles ca\u00eddos. Para colmo, aumentaban los barrancos y las piedras se desmoronaban con facilidad. Me pregunt\u00e9: \u00bfY si el Desemboque estaba en las mismas condiciones? \u00bfC\u00f3mo iba a hacer para volver?<\/p>\n<p>Ten\u00eda dos opciones: volver a intentar esta etapa con m\u00e1s agua y provisiones al otro d\u00eda o llegar al Desemboque caminando por ruta. Regres\u00e9 a pensarlo tranquilo. Pero estaba frustrado y desilucionado con la administraci\u00f3n del Parque&#8230; se traba de un sendero hist\u00f3rico totalmente abandonado.<\/p>\n<p>Llegu\u00e9 al pueblo con la camiseta agujereada, ropa, cara y manos te\u00f1idas de carb\u00f3n. Hab\u00eda sido una jornada dif\u00edcil.<\/p>\n<p><img loading=\"lazy\" decoding=\"async\" class=\"alignnone wp-image-208 size-full\" src=\"https:\/\/homotheoreticus.files.wordpress.com\/2018\/01\/dsc00372.jpg\" alt=\"DSC00372.JPG\" width=\"3072\" height=\"2304\" \/><\/p>\n<p><strong>D\u00eda 34: Lago Puelo &#8211; El Hoyo &#8211; El Desemboque caminando por ruta (40 km)<\/strong><\/p>\n<p><em>5 de Febrero de 2017<\/em><\/p>\n<p>Al d\u00eda siguiente present\u00e9 mis quejas en el Parque y en informes de la localidad: primero por el desinter\u00e9s en mantener el sendero; y segundo porque la folleter\u00eda y el cartel de entrada&#8230; \u00a1lo segu\u00edan promocionando!<\/p>\n<p>Luego de almorzar, prepar\u00e9 unas viandas y sal\u00ed a la ruta. Mantuve mi terquedad de hacer la Huella a pie y llegu\u00e9 a destino para el anochecer, pasando por la localidad del Hoyo.<\/p>\n<p><img loading=\"lazy\" decoding=\"async\" class=\"alignnone size-full wp-image-210\" src=\"https:\/\/homotheoreticus.files.wordpress.com\/2018\/01\/dsc00387.jpg\" alt=\"DSC00387.JPG\" width=\"3072\" height=\"2304\" \/><\/p>\n<p>Buena noticia: el valle del Desemboque se hab\u00eda salvado casi milagrosamente del incendio. Funcionaba un camping con servicios y el lago manten\u00eda su belleza intacta. Para mi alegr\u00eda me informaron que la senda a Epuyen estaba en buen estado y era transitada a diario.<\/p>\n<p><img loading=\"lazy\" decoding=\"async\" class=\"alignnone wp-image-211 size-full\" src=\"https:\/\/homotheoreticus.files.wordpress.com\/2018\/01\/dsc00397.jpg\" alt=\"DSC00397.JPG\" width=\"3072\" height=\"2304\" \/><\/p>\n<p><strong>D\u00eda 35: El Desemboque &#8211; Puerto Patriada (12,3 km)<\/strong><\/p>\n<p><em>6 de Febrero de 2017<\/em><\/p>\n<p>Lo siguiente demuestra que no se necesitan millones de pesos ni contratos de Naci\u00f3n para mantener la Huella Andina. Tras el incendio, los pobladores locales hab\u00edan rehabilitado la senda a Puerto Patriada, camin\u00e1ndola a caballo y limpi\u00e1ndola de los \u00e1rboles ca\u00eddos con paciencia. Pude comprobarlo con alegr\u00eda y aunque el bosque incendiado la convert\u00eda en una etapa triste, pronto reaparec\u00eda el verde de los cohiues y la vista al Puelo segu\u00eda siendo majestuosa. Los pobladores cumplieron su trabajo de manera excelente y el tramo vali\u00f3 realmente la pena: un ejemplo para la continuidad futura de la Huella Andina.<\/p>\n<p><img loading=\"lazy\" decoding=\"async\" class=\"alignnone size-full wp-image-212\" src=\"https:\/\/homotheoreticus.files.wordpress.com\/2018\/01\/dsc00417.jpg\" alt=\"DSC00417.JPG\" width=\"3072\" height=\"2304\" \/><\/p>\n<p>A media caminata se encontraba la laguna de los Alerces. Yo pensaba que eran de los grandes, pero se trataba de espec\u00edmenes j\u00f3venes. Hab\u00edan includo algunas mesas para estar y lugar para armar carpa. Tras un breve descanso continu\u00e9 hasta el Lago Epuyen.<\/p>\n<p>El lago es una zona extremadamente concurrida, administrada por una junta vecinal de la localidad de Epuy\u00e9n. Cuenta con campings con todos los servicios (\u00a1incluyendo chorip\u00e1n y helado!). Si bien esto puede no combinar con la Huella Andina, le viene bien al caminante un poco de civilizaci\u00f3n de vez en cuando&#8230;<\/p>\n<p><img loading=\"lazy\" decoding=\"async\" class=\"alignnone wp-image-213 size-full\" src=\"https:\/\/homotheoreticus.files.wordpress.com\/2018\/01\/dsc00422.jpg\" alt=\"DSC00422.JPG\" width=\"3072\" height=\"2304\" \/><\/p>\n<p>Una familia me vio y con curiosidad me pregunt\u00f3 por mi recorrido. Todos ellos eran m\u00fasicos y expertos baqueanos de la zona. Me invitaron a su ronda de asado. \u00abEl verdadero asado se come as\u00ed, con la mano\u00bb, me ense\u00f1aron. Yo no pod\u00eda estar m\u00e1s agradecido.<\/p>\n<p><img loading=\"lazy\" decoding=\"async\" class=\"alignnone size-full wp-image-214\" src=\"https:\/\/homotheoreticus.files.wordpress.com\/2018\/01\/dsc00426.jpg\" alt=\"DSC00426.JPG\" width=\"3072\" height=\"2304\" \/><\/p>\n<p>Hecha una nueva amistad me desped\u00ed y fui a dormir para continuar la Huella Andina al d\u00eda siguiente.<\/p>\n<p><strong>D\u00eda 36: Conexi\u00f3n a Villa lago Rivadavia<\/strong><\/p>\n<p><em>7 de Febero de 2017<\/em><\/p>\n<p>El due\u00f1o del camping me acerc\u00f3 en auto hasta la localidad del Hoyo. All\u00ed, en informes, la mujer que atend\u00eda se sorprendi\u00f3 por mi libreta de Huella Andina. Le ped\u00ed que me la firmara y admiti\u00f3 que era la primera vez que utilizaba el sello.<\/p>\n<p>Tom\u00e9 el micro a Cholila por ser el que sal\u00eda m\u00e1s temprano. Desde all\u00ed hice dedo hasta Villa Lago Rivadavia, donde continuaba el itinerario.<\/p>\n<p><img loading=\"lazy\" decoding=\"async\" class=\"alignnone size-full wp-image-215\" src=\"https:\/\/homotheoreticus.files.wordpress.com\/2018\/01\/dsc00429.jpg\" alt=\"DSC00429.JPG\" width=\"3072\" height=\"2304\" \/><\/p>\n<p>Para no perder tiempo, quise continuar la siguiente etapa apurado el mismo d\u00eda pero me perd\u00ed entre caminos vecinales y huellas de ganado. Regres\u00e9 para dormir en el camping del Abuelo y al otro d\u00eda, descansado, poder continuar.<\/p>\n<p>Hab\u00eda culminado con satisfacci\u00f3n la mayor parte de la Huella Andina. El resto era cuenta regresiva&#8230;<\/p>\n<p><em>(Contin\u00faa en: <a href=\"https:\/\/homotheoreticus.wordpress.com\/2018\/02\/28\/testimonio-de-la-huella-andina-cuarta-parte-final\/\">Testimonio de la Huella Andina: Cuarta parte (final)<\/a>)<\/em><\/p>\n<p>Parte anterior:\u00a0<a href=\"https:\/\/homotheoreticus.wordpress.com\/2017\/12\/28\/testimonio-de-la-huella-andina-segunda-parte\/\">Testimonio de la Huella Andina: Segunda Parte<\/a><\/p>\n<p>Equipo:\u00a0<a href=\"https:\/\/homotheoreticus.wordpress.com\/2017\/03\/22\/primera-entrada-del-blog\/\">C\u00f3mo armar una mochila liviana para la Huella Andina (5,43 kg)<\/a><\/p>\n","protected":false},"excerpt":{"rendered":"<p>DE QUILA QUINA A PUERTO PATRIADA Esta parte de la Huella Andina se podr\u00eda dividir en dos: por un lado, los primeros tramos que requieren (\u2026)<\/p>\n","protected":false},"author":2,"featured_media":178,"comment_status":"open","ping_status":"open","sticky":false,"template":"","format":"standard","meta":{"om_disable_all_campaigns":false,"_monsterinsights_skip_tracking":false,"_monsterinsights_sitenote_active":false,"_monsterinsights_sitenote_note":"","_monsterinsights_sitenote_category":0,"_uf_show_specific_survey":0,"_uf_disable_surveys":false,"cybocfi_hide_featured_image":"","footnotes":""},"categories":[4,1,2],"tags":[23,32],"class_list":["post-177","post","type-post","status-publish","format-standard","has-post-thumbnail","hentry","category-huella-andina-ha","category-sin-categoria","category-travesias","tag-huella-andina","tag-patagonia"],"aioseo_notices":[],"_links":{"self":[{"href":"https:\/\/homotheoreticus.com\/index.php\/wp-json\/wp\/v2\/posts\/177","targetHints":{"allow":["GET"]}}],"collection":[{"href":"https:\/\/homotheoreticus.com\/index.php\/wp-json\/wp\/v2\/posts"}],"about":[{"href":"https:\/\/homotheoreticus.com\/index.php\/wp-json\/wp\/v2\/types\/post"}],"author":[{"embeddable":true,"href":"https:\/\/homotheoreticus.com\/index.php\/wp-json\/wp\/v2\/users\/2"}],"replies":[{"embeddable":true,"href":"https:\/\/homotheoreticus.com\/index.php\/wp-json\/wp\/v2\/comments?post=177"}],"version-history":[{"count":3,"href":"https:\/\/homotheoreticus.com\/index.php\/wp-json\/wp\/v2\/posts\/177\/revisions"}],"predecessor-version":[{"id":2615,"href":"https:\/\/homotheoreticus.com\/index.php\/wp-json\/wp\/v2\/posts\/177\/revisions\/2615"}],"wp:featuredmedia":[{"embeddable":true,"href":"https:\/\/homotheoreticus.com\/index.php\/wp-json\/wp\/v2\/media\/178"}],"wp:attachment":[{"href":"https:\/\/homotheoreticus.com\/index.php\/wp-json\/wp\/v2\/media?parent=177"}],"wp:term":[{"taxonomy":"category","embeddable":true,"href":"https:\/\/homotheoreticus.com\/index.php\/wp-json\/wp\/v2\/categories?post=177"},{"taxonomy":"post_tag","embeddable":true,"href":"https:\/\/homotheoreticus.com\/index.php\/wp-json\/wp\/v2\/tags?post=177"}],"curies":[{"name":"wp","href":"https:\/\/api.w.org\/{rel}","templated":true}]}}