{"id":235,"date":"2018-02-28T16:14:35","date_gmt":"2018-02-28T19:14:35","guid":{"rendered":"https:\/\/homotheoreticus.wordpress.com\/?p=235"},"modified":"2018-02-28T16:14:35","modified_gmt":"2018-02-28T19:14:35","slug":"testimonio-de-la-huella-andina-cuarta-parte-final","status":"publish","type":"post","link":"https:\/\/homotheoreticus.com\/index.php\/2018\/02\/28\/testimonio-de-la-huella-andina-cuarta-parte-final\/","title":{"rendered":"Testimonio de la Huella Andina: Cuarta  parte (final)"},"content":{"rendered":"<p><i>Luego de una conexi\u00f3n vehicular sencilla, la Huella Andina reaparece en las puertas del Parque Nacional Los Alerces, dando al caminante una despedida esplendorosa de m\u00e1s de 140 km, entre r\u00edos verdosos, playas de arrayanes y lagos remotos. Tras compartir algunas reflexiones personales, termino aqu\u00ed de relatar mi experiencia por la Huella Andina.<\/i><\/p>\n<p><b>D\u00eda 37: De Villa Rivadavia a Bah\u00eda Sol\u00eds (11 + 8,8 = 19,8 km)<\/b><\/p>\n<p style=\"text-align:right;\"><i>8 de Febrero de 2017<\/i><\/p>\n<p>Hab\u00eda poqu\u00edsima gente en las calles de la villa, contrastando mucho con otras poblaciones tur\u00edsticas de la Patagonia. El camping \u00abEl Abuelo\u00bb, casi vac\u00edo, estaba a poco m\u00e1s de 1 km del inicio del sendero. Desayun\u00e9 unas galletitas con mate como de costumbre y armada la mochila, a las 11 hs estaba ya caminando. Hab\u00eda visto el d\u00eda anterior un cartel indicando que la etapa estaba \u201ccerrada\u201d, por lo que consult\u00e9 al respecto a la gente del lugar. Me aconsejaron hacer el camino de todos modos, ya que &nbsp;se encontraba en buen estado y era transitado a diario.<\/p>\n<p>El sendero comienza ascendiendo en altura entre el bosque de cipreses y las casas de algunos pobladores rurales.&nbsp;Algunos jinetes se cruzan con sus perros. Desde distintos puntos se puede contemplar la belleza del valle del Carrileuf\u00fa. M\u00e1s adelante, el sendero se estrecha y me gu\u00edan con claridad las marcas amarillas que ha puesto la comunidad. Los ni\u00f1os de la escuela han constru\u00eddo bancos para descansar, notable ejemplo de contribuci\u00f3n a la Huella Andinda. En determinado punto se abre una senda que conduce al bell\u00edsimo cerro La Momia, de tipo precordillerano; la Huella Andinda sigue por la derecha.<\/p>\n<figure id=\"attachment_239\" aria-describedby=\"caption-attachment-239\" style=\"width: 3072px\" class=\"wp-caption alignnone\"><img loading=\"lazy\" decoding=\"async\" class=\"alignnone size-full wp-image-239\" src=\"https:\/\/homotheoreticus.files.wordpress.com\/2018\/02\/dsc00436.jpg\" alt=\"DSC00436\" width=\"3072\" height=\"2304\"><figcaption id=\"caption-attachment-239\" class=\"wp-caption-text\">Cerro \u00abLa Momia\u00bb, en el paisaje precordillerano de Villa Rivadavia<\/figcaption><\/figure>\n<p>A medida que me acerco al Parque Nacional, va haciendo aparici\u00f3n el bosque de gigantescos cohiues. Las rocas glaciares, inmensas, sobresalen entre los arboles ca\u00eddos y el sendero diminuto zigzaguea en la oscuridad. En cada mirador, se deja ver de a poco el Lago Rivadavia.<\/p>\n<p>Al final de la etapa llegu\u00e9 a un corral y las marcas de Huella Andina desaparec\u00edan. Un poco desconcertado, segu\u00ed una picada de animal bastante ancha que descend\u00eda hacia el lago. As\u00ed llegu\u00e9, un poco intuitivamente, a la Portada Norte, para las 13:45 hs.<\/p>\n<p>Al ingresar formalmente al parque me llev\u00e9 una primera desiluci\u00f3n. Lo primero que me dijeron es que la Huella Andina \u201cno exist\u00eda m\u00e1s\u201d. Sin embargo, yo ven\u00eda caminando desde Villa Pehuenia&#8230; \u00a1no me la iban a contar! Le coment\u00e9 al guardaparques que la senda de Villa Rivadavia era sencilla y estaba en buen estado, inculso teniendo en cuenta que era mantenida por la poblaci\u00f3n local y no por el parque.<\/p>\n<p>Mientras conversaba y hac\u00eda amigos huelleros, com\u00ed un aperitivo; pronto sal\u00ed para el sendero a Bah\u00eda Sol\u00eds. Tras pasar por un mirador incre\u00edble,&nbsp;el camino desciende, cruza la ruta y costea el lago hasta llegar a su cabecera sur.<\/p>\n<figure id=\"attachment_240\" aria-describedby=\"caption-attachment-240\" style=\"width: 3072px\" class=\"wp-caption alignnone\"><img loading=\"lazy\" decoding=\"async\" class=\"alignnone size-full wp-image-240\" src=\"https:\/\/homotheoreticus.files.wordpress.com\/2018\/02\/dsc00443.jpg\" alt=\"DSC00443\" width=\"3072\" height=\"2304\"><figcaption id=\"caption-attachment-240\" class=\"wp-caption-text\">Vista del Lago Rivadavia<\/figcaption><\/figure>\n<p>A las 15:45 hs hago campamento, me pego un ba\u00f1o y lavo la ropa. Tengo toda la tarde para recorrer la orilla y buscar el R\u00edo Rivadavia&#8230; hasta me doy el lujo de pescar un poco, aunque todav\u00eda sin \u00e9xito.<\/p>\n<figure id=\"attachment_241\" aria-describedby=\"caption-attachment-241\" style=\"width: 3072px\" class=\"wp-caption alignnone\"><img loading=\"lazy\" decoding=\"async\" class=\"alignnone size-full wp-image-241\" src=\"https:\/\/homotheoreticus.files.wordpress.com\/2018\/02\/dsc00457.jpg\" alt=\"DSC00457\" width=\"3072\" height=\"2304\"><figcaption id=\"caption-attachment-241\" class=\"wp-caption-text\">Pesca con mosca en Bah\u00eda Sol\u00eds<\/figcaption><\/figure>\n<p><b>D\u00eda 38: De Bah\u00eda Sol\u00eds a Seccional Arrayanes (15,2 km)<\/b><\/p>\n<p style=\"text-align:right;\"><i>9 de Febrero de 2017<\/i><\/p>\n<p>El sendero del d\u00eda siguiente comienza bordeando el R\u00edo Rivadavia y luego vuelve para cruzarse con la ruta en varias oportunidades.<\/p>\n<p>En medio camino se llega al Lago Verde, encerrado entre monta\u00f1as. La senda va faldeando la monta\u00f1a a medida que nos acercamos al R\u00edo Arrayanes, gran protagonista del d\u00eda. Este&nbsp;r\u00edo es un espect\u00e1culo, casi misterioso\u2026 hond\u00edsimo, de colorido verdoso y transparente al mismo tiempo, arrastraba figuras que se dibujaban lentamente sobre la superficie . En determinados momentos se levantaba una&nbsp; neblina sobre el agua, movi\u00e9ndose como part\u00edculas que daban un aire m\u00e1gico al paisaje.<\/p>\n<figure id=\"attachment_242\" aria-describedby=\"caption-attachment-242\" style=\"width: 3072px\" class=\"wp-caption alignnone\"><img loading=\"lazy\" decoding=\"async\" class=\"alignnone size-full wp-image-242\" src=\"https:\/\/homotheoreticus.files.wordpress.com\/2018\/02\/dsc00477.jpg\" alt=\"DSC00477\" width=\"3072\" height=\"2304\"><figcaption id=\"caption-attachment-242\" class=\"wp-caption-text\">El R\u00edo Arrayanes, apacible y adornado con part\u00edculas flotantes<\/figcaption><\/figure>\n<p>Y los graciosos arrayanes, vivos, silvestres, en todas partes\u2026 embellecen el paisaje con su contraste. Y eso que cre\u00eda haber visto muchos en Quetrihu\u00e9\u2026 pero esto superaba todo lo anterior.<\/p>\n<figure id=\"attachment_244\" aria-describedby=\"caption-attachment-244\" style=\"width: 3072px\" class=\"wp-caption alignnone\"><img loading=\"lazy\" decoding=\"async\" class=\"alignnone size-full wp-image-244\" src=\"https:\/\/homotheoreticus.files.wordpress.com\/2018\/02\/dsc00467.jpg\" alt=\"DSC00467\" width=\"3072\" height=\"2304\"><figcaption id=\"caption-attachment-244\" class=\"wp-caption-text\">Arrayanes por doquier<\/figcaption><\/figure>\n<p>Ese d\u00eda me hice amigo de una pareja rumanesa, que viajaba por el mundo con su hijito beb\u00e9. Ten\u00edan una mochila donde lo llevaban sentado durante las caminatas. Se entusiasmaron con el hecho de que hab\u00eda tra\u00eddo la ca\u00f1a, as\u00ed que les propuse salir juntos a pescar. A eso de las 19 hs tuve un pique de pel\u00edcula: la trucha clav\u00f3, colete\u00f3 con alboroto y se desplaz\u00f3 hacia dentro del ancho r\u00edo, llev\u00e1ndose m\u00e1s de media l\u00ednea. Caracter\u00edstico de las truchas marrones es luchar y\u00e9ndose al fondo y esconderse entre los troncos sumergidos. Era un ejemplar muy pesado y la clave en estos casos es cansarlo, ya que tirando \u201cseco\u201d de la l\u00ednea esta simplemente no soporta y se rompe. En determinado momento la trucha se \u201cclav\u00f3\u201d en el fondo del r\u00edo y no quer\u00eda moverse. Mi nuevo amigo ruman\u00e9s se tir\u00f3 a nadar para moverla un poco, pero tras 40 minutos de lucha, el pez cort\u00f3 l\u00ednea.<\/p>\n<p>Como nos quedamos con ganas de comer pescado a la parrilla, compramos una trucha en el camping. &nbsp;Fue una jornada muy completa y divertida.<\/p>\n<p><b>D\u00eda 39: De Seccional Arrayanes a Villa Futalaufquen (11,3 + 4 = 15,3 km)<\/b><\/p>\n<p style=\"text-align:right;\"><i>10 de Febrero de 2017<\/i><\/p>\n<p>Dedique la ma\u00f1ana a pescar con mi amigo ruman\u00e9s, con quien nos turnabamos para lanzar con mosca. Para \u00e9l era un gran privilegio usar mi ca\u00f1a, ya que no contaba con equipo y los permisos son excesivamente caros para extranjeros.<\/p>\n<p>Luego de almorzar sal\u00ed a la senda que conduc\u00eda a primera instancia a la Laguna Escondida. A poco comenzar se llega a uno de los mejores miradores de todo el Parque: contempl\u00e9 \u00aben vivo\u00bb el mapa de la gu\u00eda que llevaba en mis manos\u2026 el Lago Verde, el r\u00edo Arrayanes, a lo lejos el Lago Men\u00e9ndez y adelante un brazo del Futalaufquen.<\/p>\n<figure id=\"attachment_243\" aria-describedby=\"caption-attachment-243\" style=\"width: 3072px\" class=\"wp-caption alignnone\"><img loading=\"lazy\" decoding=\"async\" class=\"alignnone size-full wp-image-243\" src=\"https:\/\/homotheoreticus.files.wordpress.com\/2018\/02\/dsc004881.jpg\" alt=\"DSC00488\" width=\"3072\" height=\"2304\"><figcaption id=\"caption-attachment-243\" class=\"wp-caption-text\">Vista del Lago Men\u00e9ndez y R\u00edo Arrayanes, desde el mirador camino a Laguna Escondida<\/figcaption><\/figure>\n<p>Al llegar a la Laguna Escondida, lugar de descanso obligado, encontr\u00e9 dos chicos haciendo la Huella Andina y conversamos un rato. Lamentablemente perd\u00ed el contacto.&nbsp;A continuaci\u00f3n se descienda, para cruzar nuevamente la ruta.<\/p>\n<p>La segunda mitad de la senda continua bordeando el Lago Futalaufquen hasta Punta Mattos. Es muy sencilla en cuanto a la pendiente, lo que la hace una caminata poco desgastante, pasando por bosque, arena y sorteando algunos \u00e1rboles ca\u00eddos.<\/p>\n<figure id=\"attachment_263\" aria-describedby=\"caption-attachment-263\" style=\"width: 3072px\" class=\"wp-caption alignnone\"><img loading=\"lazy\" decoding=\"async\" class=\"alignnone size-full wp-image-263\" src=\"https:\/\/homotheoreticus.files.wordpress.com\/2018\/02\/dsc00493.jpg\" alt=\"DSC00493\" width=\"3072\" height=\"2304\"><figcaption id=\"caption-attachment-263\" class=\"wp-caption-text\">Senda costero hacia Punta Mattos<\/figcaption><\/figure>\n<p>Finalmente llegu\u00e9 a Punta Mattos, un \u00e1rea de acampe libre con un paisaje amplio, la angostura del Lago Futalaufquen&#8230; \u00a1tan compleja es la belleza de estas aguas que permiten redescubrirlas siempre desde distintas miradas! Me entretuve un rato, mapa en mano, sentado sobre la playa, tratando identificar los cerros y el itinerario del d\u00eda siguiente a la distancia.<\/p>\n<p>Seg\u00fan la gu\u00eda de Huella Andina, la etapa siguiente requer\u00eda una conexi\u00f3n lacustre hasta el Lago Kr\u00fcgger. Sab\u00eda que no hab\u00eda servicio de lancha regular hasta all\u00ed, por lo tanto era necesario realizar el itinerario totalmente a pie, ida y vuelta.<\/p>\n<p>Otro dato llamativo: el cartel de fin de etapa ten\u00eda la inscripci\u00f3n: \u201ccerrado\u201d (no as\u00ed el de comienzo de etapa). El guardaparques me inform\u00f3 que el tramo efectivamente estaba&nbsp; deshabilitado, todo lo contrario a lo que me hab\u00edan informado en la seccional anterior. Le expliqu\u00e9 que sin embargo el camino fue muy sencillo, ya que las marcas de Huella Andina se encontraban bien visibles. Hab\u00eda algunos troncos ca\u00eddos, pero ning\u00fan riesgo o complejidad excesiva. Sea como fuere, logr\u00e9 cumplir con la etapa y vali\u00f3 la pena todo el recorrido.<\/p>\n<p>A fin de continuar la siguiente etapa el d\u00eda siguiente, hice dedo hasta Villa Futalaufquen. Volv\u00ed a encontrarme despu\u00e9s de varios a\u00f1os con aquel querido lugar. Hab\u00eda estado all\u00ed en el 2015, justo antes de los incendios\u2026 los carteles segu\u00edan en el mismo lugar y el Cerro Dedal me saludaba con su ladera quemada. El reencuentro lo sent\u00ed con melancol\u00eda.<\/p>\n<figure id=\"attachment_248\" aria-describedby=\"caption-attachment-248\" style=\"width: 3072px\" class=\"wp-caption alignnone\"><img loading=\"lazy\" decoding=\"async\" class=\"alignnone size-full wp-image-248\" src=\"https:\/\/homotheoreticus.files.wordpress.com\/2018\/02\/dsc00575.jpg\" alt=\"DSC00575\" width=\"3072\" height=\"2304\"><figcaption id=\"caption-attachment-248\" class=\"wp-caption-text\">Capilla en Villa Futalaufquen<\/figcaption><\/figure>\n<p>Una buena noticia: la senda a Kr\u00fcgger estaba habilitada, as\u00ed que arm\u00e9 campamento r\u00e1pido, listo para madrugar y seguir caminando al d\u00eda siguiente. En las inmediaciones de la Villa hab\u00eda se\u00f1al de celular, as\u00ed que aprovech\u00e9 para comunicarme con mi familia con mi primitivo celular Nokia.<\/p>\n<p><b>D\u00eda 40: De Villa Futalaufquen a Lago Kr\u00fcgger (18,6 km)<\/b><\/p>\n<p style=\"text-align:right;\"><i>11 de Febrero de 2017<\/i><\/p>\n<p>Me levant\u00e9 temprano para realizar el registro de trekking en la central de guardaparques. Estaba por emprender una de las etapas m\u00e1s fant\u00e1sticas de toda la Huella Andina. Tras un desayuno op\u00edparo en la villa, a las 10:10 hs estaba con los bastones en mano sobre el sendero.<\/p>\n<p>La primera parte es un recorrido autoguiado, con carteles que indican las distintas especies de &nbsp;plantas. Al poco tiempo comienza el bosque quemado y aparece el antiguo cementerio del Puesto \u201cRozas\u201d. Pasando por cenizas, el sendero en restauraci\u00f3n zigzaguea y va ganando altura. Transcurre entre ca\u00f1averales, algunos verdes, otros secos, otros quemados; y a medida que se gana altura, el bosque quemado desaparece y sede paso a la vegetaci\u00f3n de altura.<\/p>\n<figure id=\"attachment_249\" aria-describedby=\"caption-attachment-249\" style=\"width: 3072px\" class=\"wp-caption alignnone\"><img loading=\"lazy\" decoding=\"async\" class=\"alignnone size-full wp-image-249\" src=\"https:\/\/homotheoreticus.files.wordpress.com\/2018\/02\/dsc00511.jpg\" alt=\"DSC00511\" width=\"3072\" height=\"2304\"><figcaption id=\"caption-attachment-249\" class=\"wp-caption-text\">Bosque quemado a poco comenzar la senda a Lago Kr\u00fcgger<\/figcaption><\/figure>\n<p>Sent\u00eda el viento helado de la cordillera, a medida que descubr\u00eda la otra cara de la monta\u00f1a, por encima del reparo del bosque. Por suerte la zona no fue tocada por el fuego&#8230; as\u00ed se accede al punto m\u00e1s elevado de toda la caminata: el \u00abPortezuelo\u00bb. La vista, una de las mejores de todo el parque, permite contemplar todo el Lago Futalaufquen con sus distintos brazos, Punta Mattos, a lo lejos el Lago Men\u00e9ndez y en frente, la frondoza zona intangible, coronada de nieve.<\/p>\n<figure id=\"attachment_247\" aria-describedby=\"caption-attachment-247\" style=\"width: 3072px\" class=\"wp-caption alignnone\"><img loading=\"lazy\" decoding=\"async\" class=\"alignnone size-full wp-image-247\" src=\"https:\/\/homotheoreticus.files.wordpress.com\/2018\/02\/dsc00521.jpg\" alt=\"DSC00521\" width=\"3072\" height=\"2304\"><figcaption id=\"caption-attachment-247\" class=\"wp-caption-text\">El viento golpea fuerte desde el Portezuelo<\/figcaption><\/figure>\n<p>La siguiente parte tiene un largo descenso muy empinado. Me pegu\u00e9 algunas patinadas por apurado. De pronto se llega al nivel del lago y aparece Playa Blanca: un para\u00edso oculto, remoto, adornado con&nbsp; arenas finas, aguas mansas, enormes piedras glaciares y arrayanes coloridos.<\/p>\n<p>Tentado a disfrutar un rato de la vista, realic\u00e9 un descanso t\u00edpico de Huella Andina: 10 minutos de elongaci\u00f3n, hidrataci\u00f3n y una barrita cal\u00f3rica como aparetitivo.<\/p>\n<figure id=\"attachment_251\" aria-describedby=\"caption-attachment-251\" style=\"width: 3072px\" class=\"wp-caption alignnone\"><img loading=\"lazy\" decoding=\"async\" class=\"alignnone size-full wp-image-251\" src=\"https:\/\/homotheoreticus.files.wordpress.com\/2018\/02\/dsc00523.jpg\" alt=\"DSC00523\" width=\"3072\" height=\"2304\"><figcaption id=\"caption-attachment-251\" class=\"wp-caption-text\">La remota Playa Blanca, ideal para un descanso<\/figcaption><\/figure>\n<p>El sendero vuelve a internarse en el bosque y a la hora de caminata se descubre el hasta entonces invisible Lago Kr\u00fcgger. A las 16:45 llego a la cabecera del lago y el guardaparque me da la bienvenida.<\/p>\n<p>El lugar, apartad\u00edsimo se prestaba a una larga estad\u00eda. Y para lujo de lujos\u2026 un refugio vac\u00edo, ex hoster\u00eda, da techo gratuito a los caminantes.<\/p>\n<figure id=\"attachment_264\" aria-describedby=\"caption-attachment-264\" style=\"width: 3072px\" class=\"wp-caption alignnone\"><img loading=\"lazy\" decoding=\"async\" class=\"alignnone size-full wp-image-264\" src=\"https:\/\/homotheoreticus.files.wordpress.com\/2018\/02\/dsc00558.jpg\" alt=\"DSC00558\" width=\"3072\" height=\"2304\"><figcaption id=\"caption-attachment-264\" class=\"wp-caption-text\">La ex hoster\u00eda del lago Kr\u00fcgger funcionando como refugio gratuito<\/figcaption><\/figure>\n<p>Pero como soy de esp\u00edritu inquieto, el refugio y su enorme comodidad quedaban opacados para mi, frente a los misteriosos paisajes que rodeaban el Kr\u00fcgger\u2026 todo alrededor me generaba deseos de&nbsp; seguir explorando. Un r\u00edo profundo, de color verdoso, surg\u00eda del lago y se internaba por los bosques en direcci\u00f3n sur. A su margen derecha nac\u00eda la senda a \u201cLas Palanganas\u201d. No lo pens\u00e9 m\u00e1s&#8230; \u00a1suficiente descanso! Arm\u00e9 la ca\u00f1a y me largu\u00e9 caminar, entre colig\u00fces y cohiues, hasta los enormes pozones del r\u00edo.&nbsp;A mi regreso de la peque\u00f1a excursi\u00f3n saqu\u00e9 una hermosa trucha, que pude degustar a la parrilla. Fue una jornada sin desperdicios.<\/p>\n<figure id=\"attachment_246\" aria-describedby=\"caption-attachment-246\" style=\"width: 3072px\" class=\"wp-caption alignnone\"><img loading=\"lazy\" decoding=\"async\" class=\"alignnone size-full wp-image-246\" src=\"https:\/\/homotheoreticus.files.wordpress.com\/2018\/02\/dsc00542.jpg\" alt=\"DSC00542\" width=\"3072\" height=\"2304\"><figcaption id=\"caption-attachment-246\" class=\"wp-caption-text\">La cena<\/figcaption><\/figure>\n<p><b>D\u00eda 41: Regreso de Lago Kr\u00fcgger (18,6 km)<\/b><\/p>\n<p style=\"text-align:right;\"><i>12 de Febrero de 2017<\/i><\/p>\n<p>No tengo mucho que decir respecto al camino de regreso. El lago por la ma\u00f1ana helada se convirti\u00f3 en un espejo quiet\u00edsimo, con peces que saltaban de a ratos sobre la superficie.<\/p>\n<figure id=\"attachment_245\" aria-describedby=\"caption-attachment-245\" style=\"width: 3072px\" class=\"wp-caption alignnone\"><img loading=\"lazy\" decoding=\"async\" class=\"alignnone size-full wp-image-245\" src=\"https:\/\/homotheoreticus.files.wordpress.com\/2018\/02\/dsc00557.jpg\" alt=\"DSC00557\" width=\"3072\" height=\"2304\"><figcaption id=\"caption-attachment-245\" class=\"wp-caption-text\">El deshabitado Kr\u00fcgger por la ma\u00f1ana<\/figcaption><\/figure>\n<p>La bajada del d\u00eda anterior ahora se convirti\u00f3 en una subida empinada de una hora, muy desgastante. Finalmente llegu\u00e9 a la Villa, todav\u00eda con el calor del d\u00eda, para darme un buena ducha y descansar.<\/p>\n<p><b>D\u00eda 42: De Villa Futalaufquen a Trevelin (11,4 km)<\/b><\/p>\n<p style=\"text-align:right;\"><i>13 de Febrero de 2017<\/i><\/p>\n<p>El d\u00eda siguiente fue una historia aparte. Comenc\u00e9 con otra decepci\u00f3n: la senda a Portada Centro estaba \u201ccerrada\u201d. Dudando sobre c\u00f3mo continuar con la Huella, decid\u00ed hacer aquella etapa caminando por la ruta y una vez conclu\u00eddo el recorrido, hacer dedo hasta Trevelin, ya que esta ciudad era paso obligado para continuar en Aldea Escolar.<\/p>\n<p>Comenc\u00e9 siguiendo las marcas celestes y blancas que recorr\u00edan la villa y en determinado momento me adentr\u00e9 en el bosque por una huella vehicular. Segu\u00ed un peque\u00f1o tramo de sendero bien marcado, bordeando un alambrado para luego vadear un peque\u00f1o arroyo.<\/p>\n<figure id=\"attachment_252\" aria-describedby=\"caption-attachment-252\" style=\"width: 3072px\" class=\"wp-caption alignnone\"><img loading=\"lazy\" decoding=\"async\" class=\"alignnone size-full wp-image-252\" src=\"https:\/\/homotheoreticus.files.wordpress.com\/2018\/02\/dsc00582.jpg\" alt=\"DSC00582\" width=\"3072\" height=\"2304\"><figcaption id=\"caption-attachment-252\" class=\"wp-caption-text\">Primera parte de la senda a Portada Centro<\/figcaption><\/figure>\n<p>De pronto apareci\u00f3 el bosque quemado. Mi intenci\u00f3n era seguir la huella vehicular hasta lograr salir por la ruta, pero la cuesti\u00f3n es que termin\u00e9 haciendo la etapa entera. Me explico: la Huella Andina pasa aqu\u00ed por huella de auto, en medio del bosque quemado. Sin embargo, las marcas se conservaron a pesar del incendio. En determinado momento, no vi m\u00e1s marcas y deduje que ten\u00eda que bajar a la ruta. En unos pocos minutos ya estaba en la portada del parque. Me llev\u00f3 apenas 2&nbsp; horas el recorrido y al igual que en los casos anteriores, no me explico como pod\u00eda estar \u201ccerrado\u201d, siendo tan sencillo. \u00bfC\u00f3mo puede ser que una etapa tan dif\u00edcil como la del Kr\u00fcgger haya sido abierta despu\u00e9s del incendio, mientras que otras etapas mucho m\u00e1s f\u00e1ciles, bien se\u00f1alizadas, estaban cerradas? Dejar\u00e9 el tema aqu\u00ed, pero lamento que esto pueda deberse m\u00e1s bien a una falta de inter\u00e9s y no de presupuesto, como argumentan algunos.<\/p>\n<figure id=\"attachment_253\" aria-describedby=\"caption-attachment-253\" style=\"width: 3072px\" class=\"wp-caption alignnone\"><img loading=\"lazy\" decoding=\"async\" class=\"alignnone size-full wp-image-253\" src=\"https:\/\/homotheoreticus.files.wordpress.com\/2018\/02\/dsc00586.jpg\" alt=\"DSC00586\" width=\"3072\" height=\"2304\"><figcaption id=\"caption-attachment-253\" class=\"wp-caption-text\">Tramo vehicular afectado por el incendio<\/figcaption><\/figure>\n<p>Ya en la portada hice dedo a Trevelin. Arm\u00e9 la carpa en el camping de la polic\u00eda y sal\u00ed disparado a comprar v\u00edveres en el supermercado. Parar en una poblaci\u00f3n tiene esta ventaja: mayor variedad y mejores precios. As\u00ed que compr\u00e9 yerba, queso, una garrafa nueva, galletitas, un salam\u00edn, en fin, lo mismo de de siempre. Y a la noche sal\u00ed a recorrer un poco el pueblo, mientras meditaba un poco sobre lo inevitable: al d\u00eda siguiente se acababa la Huella Andina.<\/p>\n<p><b>D\u00eda 42: De Trevelin a Lago Baguilt (11,7 + 16 + 4 = 31,7 km)<\/b><\/p>\n<p style=\"text-align:right;\"><i>14 de Febrero de 2017<\/i><\/p>\n<p>A las 8:45 tom\u00e9 el micro de l\u00ednea a Aldea Escolar. El ambiente me era familiar, super cargado de estudiantes con sus mochilas al hombro. En la escuela bajamos todos. Un cartel con la inscripci\u00f3n \u201crecorra la Huella Andina\u201d me dio la bienvenida.<\/p>\n<figure id=\"attachment_254\" aria-describedby=\"caption-attachment-254\" style=\"width: 3072px\" class=\"wp-caption alignnone\"><img loading=\"lazy\" decoding=\"async\" class=\"alignnone size-full wp-image-254\" src=\"https:\/\/homotheoreticus.files.wordpress.com\/2018\/02\/dsc00605.jpg\" alt=\"DSC00605\" width=\"3072\" height=\"2304\"><figcaption id=\"caption-attachment-254\" class=\"wp-caption-text\">Parada en Aldea Escolar: comienzo de etapa<\/figcaption><\/figure>\n<p>Los tramos siguientes estaban mantenidos, ya no por un parque, sino por la misma comunidad local. El pasiaje, con su&nbsp; belleza singular, resaltaba por el contraste entre ambientes: por un lado la estepa, el cauce de alg\u00fan r\u00edo adornado con sauces, algunos \u00e1lamos plantados, a mediana distancia la precordillera con \u00f1ires y cipreses, y a los lejos, los bosques oscurecidos de perenne cohiue. La ruta se convert\u00eda en sendero y luego pasaba por varios puentes, algunos muy deteriorados.<\/p>\n<figure id=\"attachment_265\" aria-describedby=\"caption-attachment-265\" style=\"width: 3072px\" class=\"wp-caption alignnone\"><img loading=\"lazy\" decoding=\"async\" class=\"alignnone size-full wp-image-265\" src=\"https:\/\/homotheoreticus.files.wordpress.com\/2018\/02\/dsc00609.jpg\" alt=\"DSC00609\" width=\"3072\" height=\"2304\"><figcaption id=\"caption-attachment-265\" class=\"wp-caption-text\">Paisaje de estepa y precordillera, camino a Ruca Nehu\u00e9n<\/figcaption><\/figure>\n<p>Luego de casi dos horas de caminata llegu\u00e9 a Ruca Nehu\u00e9n, junto a un antiguo almac\u00e9n atendido por sus due\u00f1os. All\u00ed, un cartel daba inicio a la siguiente etapa. Almorc\u00e9 y a las 12:30 hs empec\u00e9 la caminata final al Lago Baguilt.<\/p>\n<p>Toda esta etapa va por una huella vehicular poco transitada. El camino va en constante ascenso gradual, desde los 300 msnm. hasta los 1100 m aprox., partiendo en el bosque precordillerano de transici\u00f3n, con hermosas vistas al \u00e1rea de la represa de Futaleuf\u00fa.<\/p>\n<figure id=\"attachment_256\" aria-describedby=\"caption-attachment-256\" style=\"width: 3072px\" class=\"wp-caption alignnone\"><img loading=\"lazy\" decoding=\"async\" class=\"alignnone size-full wp-image-256\" src=\"https:\/\/homotheoreticus.files.wordpress.com\/2018\/02\/dsc00686.jpg\" alt=\"DSC00686\" width=\"3072\" height=\"2304\"><figcaption id=\"caption-attachment-256\" class=\"wp-caption-text\">Vista de la represa de Futaleuf\u00fa, desde el camino a Lago Baguilt<\/figcaption><\/figure>\n<p>Hac\u00eda mucho calor y la huella vehicular no daba reparo alguno. Por suerte, a medio camino se empiezan a cruzar varios arroyos que me permit\u00edan recoger agua, aunque anduve un poco \u00abjusto\u00bb con la hidrataci\u00f3n.&nbsp;Al final del recorrido, el paisaje cambia totalmente: las ca\u00f1as, cipreses y \u00f1ires dan lugar a un bosque de lengas y cohiues.<\/p>\n<figure id=\"attachment_260\" aria-describedby=\"caption-attachment-260\" style=\"width: 3072px\" class=\"wp-caption alignnone\"><img loading=\"lazy\" decoding=\"async\" class=\"alignnone size-full wp-image-260\" src=\"https:\/\/homotheoreticus.files.wordpress.com\/2018\/02\/dsc00627.jpg\" alt=\"DSC00627\" width=\"3072\" height=\"2304\"><figcaption id=\"caption-attachment-260\" class=\"wp-caption-text\">Bosque de lenga y cohiue en la Reserva Natural Lago Baguilt<\/figcaption><\/figure>\n<p>Y por fin, a las 15:30 hs, aparece de golpe el Lago Baguilt, totalmente escondido entre el bosque cordillerano.&nbsp;De agua cristalina y poca profundidad, el lago est\u00e1 rodeado de impresionantes monta\u00f1as rocosas, con cimas puntiagudas y nieves eternas.&nbsp;Encontr\u00e9 un muchacho que me tom\u00f3 una foto, justo en el momento antes de irse.<\/p>\n<figure id=\"attachment_257\" aria-describedby=\"caption-attachment-257\" style=\"width: 3072px\" class=\"wp-caption alignnone\"><img loading=\"lazy\" decoding=\"async\" class=\"alignnone size-full wp-image-257\" src=\"https:\/\/homotheoreticus.files.wordpress.com\/2018\/02\/dsc00633.jpg\" alt=\"DSC00633\" width=\"3072\" height=\"2304\"><figcaption id=\"caption-attachment-257\" class=\"wp-caption-text\">Fin de la Huella Andina<\/figcaption><\/figure>\n<p>Me costaba creerlo, pero hab\u00eda conclu\u00eddo la \u00faltima etapa de la Huella Andina.&nbsp;Bes\u00e9 el suelo. \u00a1Que sensaci\u00f3n \u00fanica! Una mezcla de alegr\u00eda, satisfacci\u00f3n y rara tristeza&#8230;<\/p>\n<p>Puede ser dif\u00edcil de explicar, pero tard\u00f3 un par de horas en \u201ccaerme la ficha\u201d, como se dice. No hab\u00eda ning\u00fan cartel que dijera: \u00abfin de la Huella Andinda\u00bb; tampoco hab\u00eda un guardaparque o alguien a quien preguntarle del tema. Un sendero segu\u00eda bordeando el lago y pens\u00e9: \u201c\u00bfy si la Huella sigue por ac\u00e1? Ya que no hay ning\u00fan cartel, tal vez la Huella termina m\u00e1s adelante\u201d. As\u00ed que segu\u00ed caminando.&nbsp;Sab\u00eda que arriba de un cerro hab\u00eda un refugio, como figuraba en el mapa\u2026 llegu\u00e9 a decirme: \u201ctengo que seguir explorando, subir hasta arriba de todo\u201d. Era tal mi deseo de continuar.<\/p>\n<p>As\u00ed que camin\u00e9 varias horas m\u00e1s. Pas\u00e9 primero por una casa vac\u00eda de guardafauna, luego el sendero me llev\u00f3 en ascenso por el bosque, entre piedras gigantes y algunos barrancos.&nbsp;Llegu\u00e9 a la cabecera norte del lago, donde desembocaba un arroyo. Me embarr\u00e9 en una playa, totalmente solo en la inmensidad de la monta\u00f1a. Y cuando quise continuar ascendiendo, me tropec\u00e9. Hice un alto. En ese momento me di cuenta que estaba agotado y me fallaba el equlibrio. Mi cuerpo y mi mente estaban muy cansados. Entonces dije: \u201cbasta, hasta ac\u00e1 llegu\u00e9.\u201d Reci\u00e9n a partir de ese momento, tom\u00e9 conciencia de que hab\u00eda terminado la Huella Andina.<\/p>\n<figure id=\"attachment_259\" aria-describedby=\"caption-attachment-259\" style=\"width: 3072px\" class=\"wp-caption alignnone\"><img loading=\"lazy\" decoding=\"async\" class=\"alignnone size-full wp-image-259\" src=\"https:\/\/homotheoreticus.files.wordpress.com\/2018\/02\/dsc00638.jpg\" alt=\"DSC00638\" width=\"3072\" height=\"2304\"><figcaption id=\"caption-attachment-259\" class=\"wp-caption-text\">Cabecera este del Lago Baguilt<\/figcaption><\/figure>\n<p>Volv\u00ed a paso lento a la entrada del lago, donde arm\u00e9 la carpa.&nbsp;Mientras tomaba unos mates empec\u00e9 a recordar todos los lugares por los que hab\u00eda caminado desde Villa Pehuenia: pens\u00e9 en los momentos dif\u00edciles, empezando por Moquehue, donde no encontraba el sendero; pens\u00e9 en los amigos que hab\u00eda hecho en el camino. Mucha gente me hab\u00eda dicho: \u201cno vas a poder hacer la Huella Andina\u201d, o peor: \u201cla Huella no existe m\u00e1s\u201d y sin embargo&#8230; la voluntad lo hizo posible.<\/p>\n<p>Me re\u00eda solo con mis recuerdos, pero tambi\u00e9n sent\u00ed un poco de tristeza\u2026 no hab\u00eda m\u00e1s Huella Andina que caminar, no hab\u00eda m\u00e1s marcas celestes y blancas por descubrir. Pens\u00e9: \u201csi fuera posible, seguir\u00eda caminando la Huella toda la vida\u201d.<\/p>\n<p>Esa noche la pas\u00e9 solo junto al lago, jugando con el eco de la monta\u00f1a. Me acompa\u00f1aba el crujido de las lengas y las truchas que saltaban sobre el agua. El fr\u00edo repentino de la noche cordillerana me hizo entrar a la carpa.<\/p>\n<p><b>D\u00ed\u00ada 43: Regreso (16 km) y conclusiones<\/b><\/p>\n<p style=\"text-align:right;\"><i>15 de Febrero de 2017<\/i><\/p>\n<p>Desarm\u00e9 campamento sin apuro, mientras tomaba unos mates al son de mis meditaciones.&nbsp;En cuanto a la log\u00edstico, el regreso fue un t\u00edpico itinerario mochilero: regres\u00e9 caminando por donde vine hasta Ruca Nehu\u00e9n, donde hice dedo hasta Trevelin. All\u00ed tom\u00e9 un micro a Esquel y el mismo d\u00eda saqu\u00e9 pasaje para La Plata. Mirando por la ventanilla, cada bandera celeste y blanca me recordaba al sendero&#8230;<\/p>\n<p>Pas\u00e9 a visitar a una amiga scout, Pato, y tomamos unos mates. La noche la pas\u00e9 en un hostel barato; por fin me reencontraba con una cama, pero ya no era la misma comodidad&#8230; \u00a1me hab\u00eda desacostumbrado! Un mes despu\u00e9s todav\u00eda me despertaba pensando que estaba dentro de la carpa. Fue dif\u00edcil abandonar la vida austera del sendero, una vez que le hab\u00eda agarrado el gusto.<\/p>\n<p>&nbsp;<\/p>\n<p>Quiero terminar el relato con algunas reflexiones personales. Para mi fue suficiente incentivo para emprender la Huella Andina que me permitiera hacer lo que m\u00e1s me gusta: caminar la monta\u00f1a. Pero adem\u00e1s de la actividad f\u00edsica y la naturaleza tangible, la Huella Andina fue una experiencia que brill\u00f3 por sus aspectos inmateriales.<\/p>\n<figure id=\"attachment_258\" aria-describedby=\"caption-attachment-258\" style=\"width: 3072px\" class=\"wp-caption alignnone\"><img loading=\"lazy\" decoding=\"async\" class=\"alignnone size-full wp-image-258\" src=\"https:\/\/homotheoreticus.files.wordpress.com\/2018\/02\/dsc00666.jpg\" alt=\"DSC00666\" width=\"3072\" height=\"2304\"><figcaption id=\"caption-attachment-258\" class=\"wp-caption-text\">Mi compa\u00f1era inseparable de ruta<\/figcaption><\/figure>\n<p>Quiero comenzar diciendo que con la Huella Andinda venc\u00ed uno de mis principales temores recientes: el impedimento f\u00edsico. Dos a\u00f1os atr\u00e1s hab\u00eda sufrido una tendinitis muy fuerte que me impidi\u00f3 realizar actividades en la monta\u00f1a. Llegu\u00e9 al punto de temer no poder volver a hacer trekking. As\u00ed fue que un a\u00f1o antes comenc\u00e9 a prepararme: realic\u00e9 rehabilitaci\u00f3n y comenc\u00e9 el gimnasio. Sal\u00eda d\u00eda por medio a caminar con la mochila cargada. Estudi\u00e9 detenidamente cuestiones que antes subestimaba, como el calzado apropiado y &nbsp;el peso de la mochila. Leyendo art\u00edculos en Internet, aprend\u00ed a disminuir el peso de la carga e incorpor\u00e9 equipo m\u00e1s moderno, como los bastones de trekking. Todo esto contribuy\u00f3 a tomarme el asunto con mayor seriedad.<\/p>\n<p>Al principio pens\u00e9: \u00abvoy a intentar hacer la Huella Andina, pero llegar\u00e9 hasta donde Dios quiera\u00bb. Ten\u00eda mucho miedo de c\u00f3mo iba a reaccionar mi organismo, pero a medida que superaba cada etapa, fui ganando confianza y me puse como meta viable terminar la Huella Andinda de un tir\u00f3n para Febrero. No fue nada f\u00e1cil: en oportunidades tuve que adelantar varias etapas por d\u00eda; si me sentaba a descansar, luego ten\u00eda que compensar caminando el doble. As\u00ed logr\u00e9 superar muchos de mis temores y aprend\u00ed la importancia de llevar una vida mucho m\u00e1s sana, sin descuidar el ejercicio.<\/p>\n<figure id=\"attachment_266\" aria-describedby=\"caption-attachment-266\" style=\"width: 3072px\" class=\"wp-caption alignnone\"><img loading=\"lazy\" decoding=\"async\" class=\"alignnone size-full wp-image-266\" src=\"https:\/\/homotheoreticus.files.wordpress.com\/2018\/02\/dsc09528.jpg\" alt=\"DSC09528\" width=\"3072\" height=\"2304\"><figcaption id=\"caption-attachment-266\" class=\"wp-caption-text\">Caminar la Huella Andina de un tir\u00f3n fue un enorme desaf\u00edo, tanto f\u00edsico como mental.<\/figcaption><\/figure>\n<p>Dejando de lado esta an\u00e9cdota personal, quiero tocar un tema que a menudo se presta a confusi\u00f3n: apartarse a la monta\u00f1a, contemplar bosques y lagos remotos, permite a uno distanciarse de la rutina pesada de la ciudad. Esto es cierto e indispensable, pero ello no implica abandonar un compromiso, ni nada por el estilo. Al contrario, considero que esta distancia es lo que nos permite repensar muchas de nuestras acciones cotidianas, que ennublecidas por el desgaste de la rutina, se convierten a menudo en actos torpes y vac\u00edos. Creo que retirarnos a caminar en la monta\u00f1a permite mirar nuestra vida un poco \u00abdesde afuera\u00bb para analizarla mejor; en otras palabras, \u00abdetener el reloj\u00bb para recordar, dar gracias y proyectar con mayor lucidez sobre el futuro.<\/p>\n<p>Otro aspecto importante e inseperable de lo anterior: con la Huella Andina uno aprende a valorar cada momento, cada acto sencillo. Un paisaje gratuito se vuelve una recompenza para el caminante agotado, por el simple hecho de ser bello y estar all\u00ed. Peque\u00f1os hechos como sentarse a descansar los pies, comer un humilde aperitivo, calentarse junto al fuego, intercambiar an\u00e9cdotas con otros caminantes, todas estas cosas son los mayores placeres de la Huella Andina. Creo que para que la experiencia valga realmente la pena, deber\u00edamos aprender a transportar esta gratitud sencilla a nuestro regreso: aprender a valorar mejor cada hecho cotidiano, como si estuvi\u00e9ramos siempre haciendo la Huella Andina.<\/p>\n<figure id=\"attachment_267\" aria-describedby=\"caption-attachment-267\" style=\"width: 3072px\" class=\"wp-caption alignnone\"><img loading=\"lazy\" decoding=\"async\" class=\"alignnone size-full wp-image-267\" src=\"https:\/\/homotheoreticus.files.wordpress.com\/2018\/02\/dsc00306.jpg\" alt=\"DSC00306\" width=\"3072\" height=\"2304\"><figcaption id=\"caption-attachment-267\" class=\"wp-caption-text\">Aprendiendo a disfrutar de todas las comidas<\/figcaption><\/figure>\n<p>Aprovecho para dejar una advertencia a los futuros caminantes. En la gu\u00eda oficial, p\u00e1ginas de internet, centros de informes, etc, siempre nos hablan de las precauciones t\u00e9cnicas del trekking: distancia, hora de regreso, vestimenta, equipo, alimentaci\u00f3n adecuada, etc. Pero no nos dicen nada sobre los <strong>desaf\u00edos mentales<\/strong> que constituyen el principal desaf\u00edo de la Huella Andina.<\/p>\n<p>La Huella Andina es un ejercicio de temple, mucho m\u00e1s que de esfuerzo f\u00edsico: la desmoralizaci\u00f3n puede paralizarnos al punto de llevarnos a abandonar todo el proyecto. Una&nbsp;lluvia constante puede entorpecernos y minar nuestros deseos de continuar; lo mismo una alergia, una fiebre o una descompostura; peor a\u00fan: caer en la incertidumbre total por perder el sendero, como me pas\u00f3 en Moquehue; todo esto exige una fuerza de voluntad, luchar contra la tentaci\u00f3n que a veces se presenta, de abandonar la Huella Andina. Otro de los principales des\u00e1nimos es la desinformaci\u00f3n, o mejor dicho, la \u00abmala informaci\u00f3n\u00bb del tipo: \u00abla Huella Andinda no existe m\u00e1s\u00bb o \u00abno vas a poder hacer la Huella Andina\u00bb. Ante todos estos obst\u00e1culos, lo decisivo es la fuerza de voluntad y tener en claro los objetivos. Si un tramo es impasable (por clima o lo que fuere), hay que buscar una ruta alternativa; si no hay informaci\u00f3n, seguir preguntando. Y sobre todo: investiguen con anticipaci\u00f3n, preguntando a aquellas personas que conocen la Huella Andinda personalmente y que realmente se embarraron caminando el sendero. De los empleados de cuello blanco se llevar\u00e1n muchas decepciones&#8230;<\/p>\n<p>Quiero terminar con algo que vine meditando los \u00faltimos d\u00edas de caminata: el compromiso con la Huella Andina. Quien haya recorrido este fant\u00e1stico sendero, seguro se habr\u00e1 preguntado: \u00ab\u00bfc\u00f3mo puedo contribuir yo a su desarrollo?\u00bb; en otras palabas: de qu\u00e9 manera los caminantes comunes, sin recursos ni influencia, podemos evitar que la Huella Andinda se paralice o caiga en el olvido. Esto viene a tema porque hace rato que Naci\u00f3n abandon\u00f3 el proyecto y no todas las entidades implicadas tienen inter\u00e9s en su continuidad.<\/p>\n<p><img loading=\"lazy\" decoding=\"async\" class=\"alignnone size-full wp-image-343\" src=\"https:\/\/homotheoreticus.files.wordpress.com\/2018\/02\/dsc00052.jpg\" alt=\"DSC00052.JPG\" width=\"3072\" height=\"2304\"><\/p>\n<p>Creo que los caminantes de la Huella Andina podemos establecer un compromiso informal, aportando de alguna manera a su mantenimiento: ya sea contribuyendo a la limpieza de una etapa, colocando se\u00f1alizaci\u00f3n, difundi\u00e9ndola, etc. Sobre esto no me extender\u00e9 m\u00e1s, ya que escrib\u00ed un art\u00edculo aparte sobre el tema. Pero dejo sentadas mis esperanzas de que la Huella Andinda recaer\u00e1 en el futuro empuje de la gente. Sea cual fuera la entidad que se encargue de dirigir el proyecto, hoy es decisivo el empuje del caminante com\u00fan y sobre todo, de la comunidad activa que crece cada d\u00eda, facilitada por Internet y las redes sociales. Ante este panorama no hay que desalentarse: la Huella Andina es joven, por lo tanto reci\u00e9n comienza.<\/p>\n<p>Saludos a todos mis amigos huelleros y que tengan buenas caminatas.<\/p>\n<figure id=\"attachment_261\" aria-describedby=\"caption-attachment-261\" style=\"width: 1544px\" class=\"wp-caption alignnone\"><img loading=\"lazy\" decoding=\"async\" class=\"alignnone size-full wp-image-261\" src=\"https:\/\/homotheoreticus.files.wordpress.com\/2018\/02\/antes-y-despuc3a9s.jpg\" alt=\"Antes y despu\u00e9s\" width=\"1544\" height=\"1864\" srcset=\"https:\/\/homotheoreticus.com\/wp-content\/uploads\/2018\/02\/antes-y-despuc3a9s.jpg 1544w, https:\/\/homotheoreticus.com\/wp-content\/uploads\/2018\/02\/antes-y-despuc3a9s-248x300.jpg 248w, https:\/\/homotheoreticus.com\/wp-content\/uploads\/2018\/02\/antes-y-despuc3a9s-848x1024.jpg 848w, https:\/\/homotheoreticus.com\/wp-content\/uploads\/2018\/02\/antes-y-despuc3a9s-768x927.jpg 768w, https:\/\/homotheoreticus.com\/wp-content\/uploads\/2018\/02\/antes-y-despuc3a9s-1272x1536.jpg 1272w\" sizes=\"auto, (max-width: 1544px) 100vw, 1544px\" \/><figcaption id=\"caption-attachment-261\" class=\"wp-caption-text\">Con unos kilitos menos termin\u00e9 la Huella Andina.<\/figcaption><\/figure>\n","protected":false},"excerpt":{"rendered":"<p>Luego de una conexi\u00f3n vehicular sencilla, la Huella Andina reaparece en las puertas del Parque Nacional Los Alerces, dando al caminante una despedida esplendorosa de (\u2026)<\/p>\n","protected":false},"author":2,"featured_media":238,"comment_status":"open","ping_status":"open","sticky":false,"template":"","format":"standard","meta":{"om_disable_all_campaigns":false,"_monsterinsights_skip_tracking":false,"_monsterinsights_sitenote_active":false,"_monsterinsights_sitenote_note":"","_monsterinsights_sitenote_category":0,"_uf_show_specific_survey":0,"_uf_disable_surveys":false,"cybocfi_hide_featured_image":"","footnotes":""},"categories":[4,2],"tags":[16,23,36],"class_list":["post-235","post","type-post","status-publish","format-standard","has-post-thumbnail","hentry","category-huella-andina-ha","category-travesias","tag-cuarta-parte","tag-huella-andina","tag-relato"],"aioseo_notices":[],"_links":{"self":[{"href":"https:\/\/homotheoreticus.com\/index.php\/wp-json\/wp\/v2\/posts\/235","targetHints":{"allow":["GET"]}}],"collection":[{"href":"https:\/\/homotheoreticus.com\/index.php\/wp-json\/wp\/v2\/posts"}],"about":[{"href":"https:\/\/homotheoreticus.com\/index.php\/wp-json\/wp\/v2\/types\/post"}],"author":[{"embeddable":true,"href":"https:\/\/homotheoreticus.com\/index.php\/wp-json\/wp\/v2\/users\/2"}],"replies":[{"embeddable":true,"href":"https:\/\/homotheoreticus.com\/index.php\/wp-json\/wp\/v2\/comments?post=235"}],"version-history":[{"count":0,"href":"https:\/\/homotheoreticus.com\/index.php\/wp-json\/wp\/v2\/posts\/235\/revisions"}],"wp:featuredmedia":[{"embeddable":true,"href":"https:\/\/homotheoreticus.com\/index.php\/wp-json\/wp\/v2\/media\/238"}],"wp:attachment":[{"href":"https:\/\/homotheoreticus.com\/index.php\/wp-json\/wp\/v2\/media?parent=235"}],"wp:term":[{"taxonomy":"category","embeddable":true,"href":"https:\/\/homotheoreticus.com\/index.php\/wp-json\/wp\/v2\/categories?post=235"},{"taxonomy":"post_tag","embeddable":true,"href":"https:\/\/homotheoreticus.com\/index.php\/wp-json\/wp\/v2\/tags?post=235"}],"curies":[{"name":"wp","href":"https:\/\/api.w.org\/{rel}","templated":true}]}}