{"id":360,"date":"2018-08-19T16:51:55","date_gmt":"2018-08-19T19:51:55","guid":{"rendered":"https:\/\/homotheoreticus.wordpress.com\/?p=360"},"modified":"2018-08-19T16:51:55","modified_gmt":"2018-08-19T19:51:55","slug":"la-vuelta-del-zorro-de-la-estepa-patagonica-al-oceano-pacifico","status":"publish","type":"post","link":"https:\/\/homotheoreticus.com\/index.php\/2018\/08\/19\/la-vuelta-del-zorro-de-la-estepa-patagonica-al-oceano-pacifico\/","title":{"rendered":"La Vuelta del Zorro: de la Estepa Patag\u00f3nica al Oc\u00e9ano Pac\u00edfico"},"content":{"rendered":"<p><em>A continuaci\u00f3n me propongo describir el recorrido de trekking que hice entre los d\u00edas 14 de Enero y 12 de Febrero de 2018. Durante ese tiempo mi objetivo fue sumergirme en los variados ambientes comprendidos entre la Estepa Patag\u00f3nica argentina y el Oc\u00e9ano Pac\u00edfico de Chile. El itinerario cruza la Cordillera de los Andes, pasa por las cumbres nevadas del lago Nahuel Huapi, se interna en la selva valdiviana y alcanza las aguas del Estuario de Reloncav\u00ed, Oc\u00e9ano Pac\u00edfico. Regresa a la Argentina por el Paso Puelo, transitando bosques de alerces para culminar en el cerro Roca del Tiempo. A los caminantes deseos de desaf\u00edos, ofrezco esta propuesta nueva que titul\u00e9 \u00abVuelta del Zorro\u00bb.<\/em><\/p>\n<h2>Introducci\u00f3n<\/h2>\n<figure id=\"attachment_363\" aria-describedby=\"caption-attachment-363\" style=\"width: 2106px\" class=\"wp-caption alignnone\"><img loading=\"lazy\" decoding=\"async\" class=\"alignnone size-full wp-image-363\" src=\"https:\/\/homotheoreticus.files.wordpress.com\/2018\/08\/screen-shot-2018-08-18-at-17-42-40.png\" alt=\"Screen Shot 2018-08-18 at 17.42.40\" width=\"2106\" height=\"1518\" srcset=\"https:\/\/homotheoreticus.com\/wp-content\/uploads\/2018\/08\/screen-shot-2018-08-18-at-17-42-40.png 2106w, https:\/\/homotheoreticus.com\/wp-content\/uploads\/2018\/08\/screen-shot-2018-08-18-at-17-42-40-300x216.png 300w, https:\/\/homotheoreticus.com\/wp-content\/uploads\/2018\/08\/screen-shot-2018-08-18-at-17-42-40-1024x738.png 1024w, https:\/\/homotheoreticus.com\/wp-content\/uploads\/2018\/08\/screen-shot-2018-08-18-at-17-42-40-768x554.png 768w, https:\/\/homotheoreticus.com\/wp-content\/uploads\/2018\/08\/screen-shot-2018-08-18-at-17-42-40-1536x1107.png 1536w\" sizes=\"auto, (max-width: 2106px) 100vw, 2106px\" \/><figcaption id=\"caption-attachment-363\" class=\"wp-caption-text\">Mapa de ruta de la Vuelta del Zorro. Comienza al sur de Bariloche, en la poblaci\u00f3n rural de \u00d1irihuau Arriba. Culmina en el Cerro Roca del Tiempo, cerca de la localidad de Lago Puelo.<\/figcaption><\/figure>\n<p>Esta traves\u00eda fue posible gracias a una planificaci\u00f3n minuciosa. Durante seis meses me dediqu\u00e9 a reunir informaci\u00f3n a partir de mapas y archivos de GPS disponibles en la web. Me serv\u00ed de Google Earth, caltopo.com y wikiloc.com. Seleccionado el material, fui conectando &nbsp;distintas rutas, llen\u00e9 algunos espacios vac\u00edos (con los riesgos que conlleva lo desconocido), hasta que fue adquiriendo forma un <em>sendero de largo recorrido<\/em>, que denomin\u00e9 \u00abVuelta del Zorro\u00bb.&nbsp;El nombre hace referencia a la silueta que se forma al observar la ruta en un mapa: un canino de cola larga enroscada, volteando la cabeza.<\/p>\n<figure id=\"attachment_364\" aria-describedby=\"caption-attachment-364\" style=\"width: 4000px\" class=\"wp-caption alignnone\"><img loading=\"lazy\" decoding=\"async\" class=\"alignnone size-full wp-image-364\" src=\"https:\/\/homotheoreticus.files.wordpress.com\/2018\/08\/planificando.jpg\" alt=\"Planificando\" width=\"4000\" height=\"2666\"><figcaption id=\"caption-attachment-364\" class=\"wp-caption-text\">Trazando la ruta en Google Earth. Utilic\u00e9 mapas f\u00edsicos y tracks de GPS disponibles en Wikiloc.<\/figcaption><\/figure>\n<p>Si uno tiene el tiempo disponible y le gusta hacer trekking, la experiencia de un <em>sendero de largo recorrido<\/em> vale realmente la pena: sumergirse durante semanas en tierras remotas, fortalecerse caminando cientos de kil\u00f3metros, disfrutar de lo m\u00ednimo indispensable, pasando a ser un habitante n\u00f3mada de la naturaleza; todo esto constituye una experiencia intensa y personal\u00edsima.<\/p>\n<p>Existe un <em>sendero de largo recorrido<\/em> en la Argentina: la Huella Andina. Sus creadores, Estefan\u00eda Chereguini y Walter Oszust en 2008, emprendieron la tarea de unir distintos senderos preexistentes y dar forma a una ruta continua. Cuando descubr\u00ed la Huella Andina, qued\u00e9 fascinado con esta idea y tuve la oportunidad de recorrerla \u00edntegramente. Con ganas de emprender otra caminata similar, busqu\u00e9 alternativas y encontr\u00e9 el Greater Patagonian Trail: una red de senderos que pasa mayormente por Chile, cuyo autor Jan Dudeck, cre\u00f3 a partir de la exploraci\u00f3n personal y la ayuda de mapas satelitales. Estos antecedentes me incentivaron a crear un itinerario propio, dentro del concepto de&nbsp;<em>sendero de largo recorrido<\/em>.<\/p>\n<p>Con la \u00abVuelta del Zorro\u00bb no invent\u00e9 nada nuevo. Los senderos estaban all\u00ed de antemano. Algunos son conocidos y muy visitados en la temporada de verano. Unos pocos est\u00e1n fuera de mantenimiento y una peque\u00f1a porci\u00f3n del recorrido pasa por campo traviesa. Mi tarea apenas consisti\u00f3 en reunir la informaci\u00f3n disponible y conectar los distintos senderos. Ahora comparto esta experiencia con ustedes.<\/p>\n<p>Ofrezco los tracks de GPS de la Vuelta del Zorro a todo caminante interesado. El recorrido que yo hice no es exactamente el mismo que propongo ahora, ya que con la experiencia en el terreno fui conociendo alternativas mejores. Estoy trabajando en una gu\u00eda m\u00e1s detallada, que quiero publicar en un futuro.<\/p>\n<h3><strong>Log\u00edstica<\/strong><\/h3>\n<p>En la mochila cargaba siempre comida para una semana. Con eso me alcanzaba y me sobraba para llegar hasta el siguiente punto de abastecimiento. El agua potable abunda en los arroyos de monta\u00f1a, as\u00ed que una botella de 750cc es suficiente para toda la traves\u00eda.<\/p>\n<p>Un elemento a tener en cuenta es el efectivo chileno si se procede de Argentina. \u00danicamente en Puerto Montt se puede recurrir a un cajero autom\u00e1tico. Lo recomendable es concurrir con d\u00f3lares (cosa que yo no hice).<\/p>\n<p>En todo el recorrido pas\u00e9 por siete localidades para comprar v\u00edveres (1):<\/p>\n<ol>\n<li><strong>Bariloche <\/strong>(Argentina).&nbsp;Punto de partida con supermercado y cajero autom\u00e1tico disponible. Acceso en rem\u00eds hasta las inmediaciones de \u00d1irihuau Arriba.<\/li>\n<li><strong>Colonia Suiza<\/strong> (Argentina).&nbsp;Almac\u00e9n y micro regular disponible. De all\u00ed se puede hacer un desv\u00edo en micro hasta el kil\u00f3metro 13, donde hay supermercados y cajero autom\u00e1tico.<\/li>\n<li><strong>Pampa Linda<\/strong>&nbsp;(Argentina).&nbsp;Cuenta con almac\u00e9n caro. No hay supermercado ni cajero autom\u00e1tico.&nbsp;Micro regular disponible.<\/li>\n<li><strong>Puerto Montt<\/strong> (Chile). Ciudad indispensable para adquirir efectivo chileno en una casa de cambio o cajero autom\u00e1tico. Para acceder hay que realizar un desv\u00edo por ruta, a dedo o tomando el micro en la poblaci\u00f3n de Ral\u00fan (Chile).<\/li>\n<li><strong>Cocham\u00f3<\/strong> (Chile). Cuenta con almac\u00e9n. Micro regular.<\/li>\n<li><strong>Llanada Grande<\/strong> (Chile). Cuenta con supermercado. Micro regular.<\/li>\n<li><strong>Lago Puelo<\/strong> (Argentina)<strong>.<\/strong>&nbsp;Cuenta con cajero autom\u00e1tico y supermercado. Final del recorrido. Micro regular.<\/li>\n<\/ol>\n<p><em>NOTA 1: No menciono poblaciones rurales menores, donde es posible solicitar comida y servicios m\u00ednimos: \u00d1irihuau Arriba (Argentina), Ral\u00fan (Chile), Primer Corral (Chile), Segundo Corral (Chile).<\/em><\/p>\n<h3>Equipo<\/h3>\n<p>Como para todo recorrido largo con mochila, siempre voy a recomendar llevar lo m\u00ednimo indispensable. Si el objetivo es disfrutar plenamente de toda la caminata (y no solo del momento de llegada), hay que priorizar caminar c\u00f3modamente. Mi equipo fue casi id\u00e9ntico al que utilic\u00e9 en Diciembre de 2017 en Tierra del Fuego, con menos abrigo:&nbsp;<a href=\"https:\/\/homotheoreticus.wordpress.com\/2017\/12\/10\/equipo-ultra-liviano-para-la-patagonia-norte-26-kg\/\">Equipo ultra liviano para la Patagonia Norte \u2013 2,6 kg<\/a><\/p>\n<p>Para cocinar utilic\u00e9 un calentador a alcohol casero, por ser una opci\u00f3n liviana y el combustible f\u00e1cil de conseguir.<\/p>\n<p>Ya que no siempre hay se\u00f1alizaci\u00f3n, contar con un sistema fiable de orientaci\u00f3n es imprescindible. Mi herramienta fundamental fue la aplicaci\u00f3n de celular Gaia GPS (disponible para iOS y Android). En modo avi\u00f3n el celular puede utilizar el chip GPS sin inconvenientes, mientras que los mapas sean descargados con anterioridad. Utilic\u00e9 una bater\u00eda externa de 10.000 mah para extender la vida del celular a 3,5 cargas. Solo en ca\u00f1adones de frontera, tuve retrasos considerables con la se\u00f1al del GPS, por lo que siempre es recomendable complementar este dispositivo con mapas f\u00edsicos y br\u00fajula. Desde luego, la opci\u00f3n m\u00e1s cara es emplear un Garmin, pero no es condicionante.<\/p>\n<div id='gallery-1' class='gallery galleryid-360 gallery-columns-3 gallery-size-thumbnail'><figure class='gallery-item'>\n\t\t\t<div class='gallery-icon landscape'>\n\t\t\t\t<a href='https:\/\/homotheoreticus.com\/0_vestimenta\/'><img loading=\"lazy\" decoding=\"async\" width=\"150\" height=\"150\" src=\"https:\/\/homotheoreticus.com\/wp-content\/uploads\/2018\/08\/0_vestimenta-150x150.jpg\" class=\"attachment-thumbnail size-thumbnail\" alt=\"\" \/><\/a>\n\t\t\t<\/div><\/figure><figure class='gallery-item'>\n\t\t\t<div class='gallery-icon landscape'>\n\t\t\t\t<a href='https:\/\/homotheoreticus.com\/img_06951\/'><img loading=\"lazy\" decoding=\"async\" width=\"150\" height=\"150\" src=\"https:\/\/homotheoreticus.com\/wp-content\/uploads\/2018\/02\/img_069511-150x150.jpg\" class=\"attachment-thumbnail size-thumbnail\" alt=\"\" aria-describedby=\"gallery-1-281\" \/><\/a>\n\t\t\t<\/div>\n\t\t\t\t<figcaption class='wp-caption-text gallery-caption' id='gallery-1-281'>\n\t\t\t\tEquipo vers\u00e1til para toda la Patagonia, con lo m\u00ednimo indispensable\n\t\t\t\t<\/figcaption><\/figure><figure class='gallery-item'>\n\t\t\t<div class='gallery-icon portrait'>\n\t\t\t\t<a href='https:\/\/homotheoreticus.com\/img_85fb9af1f7a6-1\/'><img loading=\"lazy\" decoding=\"async\" width=\"150\" height=\"150\" src=\"https:\/\/homotheoreticus.com\/wp-content\/uploads\/2018\/08\/img_85fb9af1f7a6-1-150x150.jpeg\" class=\"attachment-thumbnail size-thumbnail\" alt=\"\" \/><\/a>\n\t\t\t<\/div><\/figure>\n\t\t<\/div>\n\n<h2><strong>Relato de viaje: Primera parte<\/strong><\/h2>\n<h3><strong>De \u00d1irihuau Arriba a Colonia Suiza (114,5 km)<\/strong><\/h3>\n<h2><img loading=\"lazy\" decoding=\"async\" class=\"alignnone size-full wp-image-387\" src=\"https:\/\/homotheoreticus.files.wordpress.com\/2018\/08\/screen-shot-2018-08-18-at-21-39-56.png\" alt=\"Screen Shot 2018-08-18 at 21.39.56.png\" width=\"1482\" height=\"1062\" srcset=\"https:\/\/homotheoreticus.com\/wp-content\/uploads\/2018\/08\/screen-shot-2018-08-18-at-21-39-56.png 1482w, https:\/\/homotheoreticus.com\/wp-content\/uploads\/2018\/08\/screen-shot-2018-08-18-at-21-39-56-300x215.png 300w, https:\/\/homotheoreticus.com\/wp-content\/uploads\/2018\/08\/screen-shot-2018-08-18-at-21-39-56-1024x734.png 1024w, https:\/\/homotheoreticus.com\/wp-content\/uploads\/2018\/08\/screen-shot-2018-08-18-at-21-39-56-768x550.png 768w\" sizes=\"auto, (max-width: 1482px) 100vw, 1482px\" \/><\/h2>\n<h3><\/h3>\n<h3><strong>D\u00eda 1: Poblaci\u00f3n de \u00d1irihuau Arriba (15 km)<\/strong><\/h3>\n<p>Mi objetivo inicial era acceder al refugio Velco, en las nacientes del R\u00edo \u00d1irihuau, partiendo de las inmediaciones de Bariloche.&nbsp;Voy a describir con mayor detalle estas primeras etapas, ya que hay poca informaci\u00f3n disponible y pueden ser de utilidad.<\/p>\n<p>Comenc\u00e9 asumiendo el riesgo de lo desconocido: no hab\u00eda informaci\u00f3n sobre la senda ni en el Club Andino ni el Centro de Informes de Bariloche. Figuraba solo en los mapas f\u00edsicos. Seg\u00fan me dijeron, los senderos estaban fuera de mantenimiento y la seccional de guarda parque estaba inhabilitada. Tendr\u00eda que corroborar la ruta por mi mismo. Decid\u00ed tomar un remis y dirigirme hacia el puente del r\u00edo \u00d1irihuau, que se encuentra pasando el aeropuerto de Bariloche. Tras recorrer una huella vehicular por tierra, el rem\u00eds lleg\u00f3 a un gran charco, por el cual era imposible continuar. Me desped\u00ed del chofer y as\u00ed comenc\u00e9 a caminar la Vuelta del Zorro.<\/p>\n<figure id=\"attachment_366\" aria-describedby=\"caption-attachment-366\" style=\"width: 3780px\" class=\"wp-caption alignnone\"><img loading=\"lazy\" decoding=\"async\" class=\"alignnone size-full wp-image-366\" src=\"https:\/\/homotheoreticus.files.wordpress.com\/2018\/08\/0_estepa.jpg\" alt=\"0_estepa.JPG\" width=\"3780\" height=\"3024\"><figcaption id=\"caption-attachment-366\" class=\"wp-caption-text\">En la estepa patag\u00f3nica comienza la Vuelta del Zorro<\/figcaption><\/figure>\n<p>El primer d\u00eda lo dediqu\u00e9 a seguir el \u00d1irihuau r\u00edo arriba, por huella vehicular. Fui dejando atr\u00e1s la estepa baja y empec\u00e9 a verme rodeado de los primeros cerros \u00e1ridos de pre cordillera. Dominaban el paisaje los arbustos, mientras que el r\u00edo se rodeaba de sauces. Cada tanto cargaba agua para refrescarme y palear el castigo del sol. Por esta huella vehicular se accede a la zona conocida como las \u00abbuitreras\u00bb, dado que all\u00ed ponen su nido los c\u00f3ndores.<\/p>\n<p>El recorrido se interna en un valle y se va rodeando de montes cada vez m\u00e1s altos. El humo de algunas chimeneas me indic\u00f3 que estaba en la poblaci\u00f3n rural de \u00d1irihuau Arriba. No se trataba de un aglomerado urbano, si no de algunas viviendas rurales dispersas. Luego de pasar por un bosque plantado de pinos, llegu\u00e9 al edificio abandonado de la ex escuela 351.&nbsp;Comenc\u00e9 a vislumbrar las famosas \u00abpiedras paradas\u00bb y a los pocos kil\u00f3metros encontr\u00e9 un camping llamado \u00abEl Gaucho Pobre\u00bb. Pregunt\u00e9 por el refugio Velco, mi objetivo pr\u00f3ximo, y obtuve la confirmaci\u00f3n de que era posible acceder al mismo siguiendo huellas de ganado.<\/p>\n<figure id=\"attachment_368\" aria-describedby=\"caption-attachment-368\" style=\"width: 4032px\" class=\"wp-caption alignnone\"><img loading=\"lazy\" decoding=\"async\" class=\"alignnone size-full wp-image-368\" src=\"https:\/\/homotheoreticus.files.wordpress.com\/2018\/08\/0_c3b1irihuau-arriba.jpg\" alt=\"0_\u00f1irihuau arriba\" width=\"4032\" height=\"3024\"><figcaption id=\"caption-attachment-368\" class=\"wp-caption-text\">Desde la poblaci\u00f3n rural \u00d1irihuau Arriba, se contemplan las \u00abPiedras Paradas\u00bb<\/figcaption><\/figure>\n<p>Decid\u00ed armar campamento y emprender la caminata hasta el refugio el d\u00eda siguiente. Los due\u00f1os del camping me atendieron con gran amabilidad. Armada la carpa, encend\u00ed fuego y disfrut\u00e9 de unos mates, a orillas del r\u00edo \u00d1irihuau, bajo la sombra de un \u00f1iratal. Recib\u00ed un peque\u00f1o \u00abtour\u00bb por el campo, para conocer a los animales: cabras, cerdos, ovejas. No me canso de observar a estos animales y escuchar c\u00f3mo los habitantes del campo me cuenten sobre su brava vida autosuficiente.<\/p>\n<div id='gallery-2' class='gallery galleryid-360 gallery-columns-3 gallery-size-thumbnail'><figure class='gallery-item'>\n\t\t\t<div class='gallery-icon landscape'>\n\t\t\t\t<a href='https:\/\/homotheoreticus.com\/vlcsnap-2018-08-19-11h13m32s504\/'><img loading=\"lazy\" decoding=\"async\" width=\"150\" height=\"150\" src=\"https:\/\/homotheoreticus.com\/wp-content\/uploads\/2018\/08\/vlcsnap-2018-08-19-11h13m32s504-150x150.png\" class=\"attachment-thumbnail size-thumbnail\" alt=\"\" \/><\/a>\n\t\t\t<\/div><\/figure><figure class='gallery-item'>\n\t\t\t<div class='gallery-icon landscape'>\n\t\t\t\t<a href='https:\/\/homotheoreticus.com\/vlcsnap-2018-08-19-11h14m27s110\/'><img loading=\"lazy\" decoding=\"async\" width=\"150\" height=\"150\" src=\"https:\/\/homotheoreticus.com\/wp-content\/uploads\/2018\/08\/vlcsnap-2018-08-19-11h14m27s110-150x150.png\" class=\"attachment-thumbnail size-thumbnail\" alt=\"\" \/><\/a>\n\t\t\t<\/div><\/figure>\n\t\t<\/div>\n\n<p>En el camping compr\u00e9 \u00abcharqui\u00bb: carne seca y salada, que aprend\u00ed a comer all\u00ed mismo. Se la puede golpear con piedras para ablandarla y comerla fr\u00eda, cocinarla a la parrilla, o hervirla en un guiso. Esta carne me acompa\u00f1\u00f3 dos semanas, dadas sus propiedades de conservaci\u00f3n. Un manjar austero.<\/p>\n<h3><strong>D\u00eda 2: De \u00d1irihuau Arriba al refugio Velco (42,5 km)<\/strong><\/h3>\n<p>A la ma\u00f1ana siguiente emprend\u00ed la larga caminata hasta el Refugio Velco. Me advirtieron que sin GPS era f\u00e1cil perderse por las huellas de ganado. La clave es seguir el r\u00edo hasta sus nacientes y no desviarse por los valles equivocados. A mi me llev\u00f3 todo el d\u00eda a buen ritmo, pero recomiendo hacerlo en dos d\u00edas.<\/p>\n<p>A poco comenzar cruc\u00e9 el r\u00edo \u00d1irihuau por una pasarela r\u00fastica y segu\u00ed la huella vehicular del Parque Nacional en direcci\u00f3n a las nacientes del r\u00edo, esta vez por la margen norte. Pas\u00e9 por las \u00faltimas viviendas rurales hasta un cartel que indicaba el final de la zona habilitada de acampe. La seccional de guarda parques estaba en ruinas, debido a un incendio de hace pocos a\u00f1os.<\/p>\n<p><img loading=\"lazy\" decoding=\"async\" class=\"alignnone size-full wp-image-371\" src=\"https:\/\/homotheoreticus.files.wordpress.com\/2018\/08\/1_camino-al-velco.jpg\" alt=\"1_camino al velco.JPG\" width=\"4032\" height=\"3024\"><\/p>\n<p>Siguiendo la huella vehicular continu\u00e9 adentr\u00e1ndome por los valles cada vez m\u00e1s verdes; el camino se rodeaba de lenguero achaparrado y arbustos, pasando por partes de pampa abierta. Vade\u00e9 el arroyo Botella e ingres\u00e9 al bosque de lengas maduras. All\u00ed la huella muere y nace una picada de ganado, el \u00absendero\u00bb. En determinado momento opt\u00e9 por vadear el r\u00edo (un error), para retomar la margen norte m\u00e1s adelante. Hay que tener cuidado e ir siempre por arriba, ya que las huellas de ganado se bifurcan y descienden al r\u00edo constantemente, seguro porque los animales en invierno bajan a tomar agua.<\/p>\n<p><img loading=\"lazy\" decoding=\"async\" class=\"alignnone size-full wp-image-372\" src=\"https:\/\/homotheoreticus.files.wordpress.com\/2018\/08\/1_senda-al-velco2.jpg\" alt=\"1_senda al velco2.JPG\" width=\"4032\" height=\"3024\"><\/p>\n<p>De vez en cuando se descubren manchas rojas en los \u00e1rboles, antigua se\u00f1alizaci\u00f3n, pero no sistem\u00e1tica. En un momento la picada asciende para evitar un gran bosque de lenga achaparrada. Desde all\u00ed se puede contemplar el valle del arroyo \u00d1irehuco.<\/p>\n<p>Ya atardeciendo la picada pr\u00e1cticamente desaparece: un esqueleto de bovino indicaba el final del sendero. Tuve que atravesar una parte de lenga achaparrada muy cerrada, aunque creo que es evitable. En determinado momento sab\u00eda que estaba cerca del refugio. &nbsp;Cruc\u00e9 el \u00d1irihuau en una parte muy encajonada y que para colmo corr\u00eda con fuerza, por lo que me fue bastante dif\u00edcil. Sub\u00ed al lado de enfrente por una parte empinada, agarrado de las lengas j\u00f3venes y los arbustos. Sugiero que en lugar de cruzar por la parte encajonada se siga caminando paralelo al r\u00edo por la margen norte, tomando altura y evitando el lenguero achaparrado, hasta encontrar el sendero que reaparece m\u00e1s adelante. All\u00ed el \u00d1irihuau se transforma en un inofensivo arroyo. Esto lo desconoc\u00eda yo en aquel momento.<\/p>\n<p>De cualquier manera, y pese a estas dificultades, encontr\u00e9 el refugio. La indicaci\u00f3n natural era un gran mall\u00edn que hab\u00eda visto por imagen satelital. Cruc\u00e9 un umbral de lenguero achaparrado, detr\u00e1s del cual se escond\u00eda un escenario muy particular: &nbsp;un prolijo bosque de lengas bajas, ausencia de sotobosque y el refugio Velco, colorido y en estado impecable. Eran las 20 hs y conclu\u00eda una larga jornada.<\/p>\n<p><img loading=\"lazy\" decoding=\"async\" class=\"alignnone size-full wp-image-373\" src=\"https:\/\/homotheoreticus.files.wordpress.com\/2018\/08\/1_refugio-velco.jpg\" alt=\"1_refugio velco.JPG\" width=\"4032\" height=\"3024\"><\/p>\n<h3>D\u00eda 3: Del refugio Velco al Lago Guti\u00e9rrez (15 km)<\/h3>\n<p>El siguiente objetivo era llegar al Lago Guti\u00e9rrez, cruzando el Cord\u00f3n del Cerro Confluencia. Debido a que se suele acceder al refugio por el otro lado de la monta\u00f1a, el sendero que yo hab\u00eda hecho no ten\u00eda mantenimiento. Pero a partir de aqu\u00ed, estaba en buenas condiciones y se\u00f1alizado con marcas rojas. Fui ascendiendo por el cauce de un arroyo en direcci\u00f3n al cord\u00f3n del Cerro Confluencia y al rato super\u00e9 el l\u00edmite de vegetaci\u00f3n. Una vez all\u00ed estaba cerca de la Laguna Hosseus. El invierno tard\u00edo hab\u00eda dejado restos de nieve que embellec\u00edan todos los paisajes.<\/p>\n<p><img loading=\"lazy\" decoding=\"async\" class=\"alignnone size-full wp-image-374\" src=\"https:\/\/homotheoreticus.files.wordpress.com\/2018\/08\/2_laguna-hosseus.jpg\" alt=\"2_laguna hosseus.JPG\" width=\"4032\" height=\"3024\"><\/p>\n<p>De ah\u00ed en m\u00e1s, continu\u00e9 mi rumbo por el cord\u00f3n del Cerro Confluencia. Ya sin sendero, fui ascendiendo hasta que se dej\u00f3 ver el Lago Guti\u00e9rrez, el Nahuel Huapi y las cumbres distantes. Tambi\u00e9n hizo su primera aparici\u00f3n el imponente Cerro Tronador, todav\u00eda muy lejano, al que me ir\u00eda acercando d\u00eda a d\u00eda.<\/p>\n<p><img loading=\"lazy\" decoding=\"async\" class=\"alignnone size-full wp-image-375\" src=\"https:\/\/homotheoreticus.files.wordpress.com\/2018\/08\/2_vista-del-gutierrez-y-el-huapi.jpg\" alt=\"2_vista del gutierrez y el huapi.JPG\" width=\"4032\" height=\"3024\"><\/p>\n<p>Sin ning\u00fan tipo de se\u00f1alizaci\u00f3n, fui siguiendo el filo del cord\u00f3n monta\u00f1oso. Era un aut\u00e9ntico privilegio contemplar los lagos desde semejante altura y sobre todo los valles ocultos, que pocas veces reciben el ojo del hombre. Ten\u00eda que estar atento para desembocar en una peque\u00f1a pampa, junto al l\u00edmite de vegetaci\u00f3n y de all\u00ed seguir una picada hasta el Lago Guti\u00e9rrez. Esta parte de la traves\u00eda fue realmente \u00ab\u00e9pica\u00bb: entre piedras caedizas, vientos cordilleranos, observando a mi alrededor los contrastes entre la estepa amarillenta y el bosque cordillerano.<\/p>\n<figure id=\"attachment_376\" aria-describedby=\"caption-attachment-376\" style=\"width: 4032px\" class=\"wp-caption alignnone\"><img loading=\"lazy\" decoding=\"async\" class=\"alignnone size-full wp-image-376\" src=\"https:\/\/homotheoreticus.files.wordpress.com\/2018\/08\/img_1277.jpg\" alt=\"IMG_1277.JPG\" width=\"4032\" height=\"3024\"><figcaption id=\"caption-attachment-376\" class=\"wp-caption-text\">Cord\u00f3n del cerro Confluencia<\/figcaption><\/figure>\n<p>Ya dentro del bosque segu\u00ed las huellas de ganado que me condujeron hasta la ruta. A diferencia del bosque de lengas del valle del \u00d1irihuau, del otro lado del &nbsp;Confluencia el bosque predominante era de cohiues, se\u00f1al de que llegaba mayor humedad de los lagos patag\u00f3nicas. Pude disfrutarlo con su sombra, acompa\u00f1ado de claros con vistas al lago y el agradable viento que espantaba un poco los t\u00e1banos. Al cruzar la ruta, una huella me condujo al Camping Baqueanos, junto al Lago Guti\u00e9rrez, donde arm\u00e9 campamento.<\/p>\n<p><img loading=\"lazy\" decoding=\"async\" class=\"alignnone size-full wp-image-391\" src=\"https:\/\/homotheoreticus.files.wordpress.com\/2018\/08\/vlcsnap-2018-08-19-11h15m57s673.png\" alt=\"vlcsnap-2018-08-19-11h15m57s673.png\" width=\"3840\" height=\"2160\" srcset=\"https:\/\/homotheoreticus.com\/wp-content\/uploads\/2018\/08\/vlcsnap-2018-08-19-11h15m57s673.png 3840w, https:\/\/homotheoreticus.com\/wp-content\/uploads\/2018\/08\/vlcsnap-2018-08-19-11h15m57s673-300x169.png 300w, https:\/\/homotheoreticus.com\/wp-content\/uploads\/2018\/08\/vlcsnap-2018-08-19-11h15m57s673-1024x576.png 1024w, https:\/\/homotheoreticus.com\/wp-content\/uploads\/2018\/08\/vlcsnap-2018-08-19-11h15m57s673-768x432.png 768w, https:\/\/homotheoreticus.com\/wp-content\/uploads\/2018\/08\/vlcsnap-2018-08-19-11h15m57s673-1536x864.png 1536w, https:\/\/homotheoreticus.com\/wp-content\/uploads\/2018\/08\/vlcsnap-2018-08-19-11h15m57s673-2048x1152.png 2048w, https:\/\/homotheoreticus.com\/wp-content\/uploads\/2018\/08\/vlcsnap-2018-08-19-11h15m57s673-1568x882.png 1568w\" sizes=\"auto, (max-width: 3840px) 100vw, 3840px\" \/><\/p>\n<h3>D\u00eda 4: De Lago Guti\u00e9rrez al refugio Frey (12,5 km)<\/h3>\n<p>El itinerario continua esta vez por un sendero perfectamente marcado y transitado a diario, dentro del bosque de gigantescos coihues. Bordeando el Lago Guti\u00e9rrez se accede primero a la Playa Mu\u00f1oz, una zona ideal para pasar el d\u00eda. Una vez all\u00ed, se bifurca una picada que asciende hasta cruzarse con el sendero principal que conduce al Refugio Emilio Frey desde Villa Catedral.<\/p>\n<p>El sendero pasa mayormente por bosque de cohiues. Ascendiendo por la ladera del catedral atraviesa algunos ca\u00f1averales y a medida que se interna por el valle del Arroyo Van Titter aparecen las primeras lengas. Los tramos finales pasan entre piedras que obligan el uso de las manos a medida que se va descubriendo el imponente paisaje del Frey.<\/p>\n<h3><img loading=\"lazy\" decoding=\"async\" class=\"alignnone size-full wp-image-379\" src=\"https:\/\/homotheoreticus.files.wordpress.com\/2018\/08\/3_refug-frey.jpg\" alt=\"3_refug.frey\" width=\"4032\" height=\"3024\"><\/h3>\n<p>La zona es hiper concurrida. Se trata de un turismo de aventura, abarcando desde caminantes que retornan en el d\u00eda, hasta escaladores profesionales, cuyo enclave de partida es la atractiva \u00e1rea del Refugio Frey.<\/p>\n<p>El paisaje del Frey no tiene desperdicios. Las formaciones rocosas que parecen una muralla con puntas de lanza; las lagunas ocultas originadas por el deshielo, lo hacen un lugar imponente al alcance de una jornada de caminata. Una gran ladera de piedra estaba adornada con coloridos \u00abmanchones\u00bb: carpas de distintos colores y dise\u00f1os, en lugares ins\u00f3litos, sobre las piedras carentes de vegetaci\u00f3n, rebalsaban la zona de acampe. Todos lugares privilegiados para contemplar el amanecer desde la altura, pero toda esta belleza trae sus inconvenientes. Entre las rocas me fue imposible clavar una estaca; por otra parte, la exposici\u00f3n se volvi\u00f3 cr\u00edtica ya que el viento soplaba muy fuerte. Algunas carpas se volaban, sus due\u00f1os las trababan con piedras enormes y aun as\u00ed no se las pod\u00eda perder de vista.<\/p>\n<figure id=\"attachment_378\" aria-describedby=\"caption-attachment-378\" style=\"width: 4032px\" class=\"wp-caption alignnone\"><img loading=\"lazy\" decoding=\"async\" class=\"alignnone size-full wp-image-378\" src=\"https:\/\/homotheoreticus.files.wordpress.com\/2018\/08\/3_laguna-del-frey.jpg\" alt=\"3_laguna del frey\" width=\"4032\" height=\"3024\"><figcaption id=\"caption-attachment-378\" class=\"wp-caption-text\">Laguna Tonceck<\/figcaption><\/figure>\n<p>Mi carpa no era adecuada para este tipo de escenarios. Eleg\u00ed algo bien liviano y eficiente, con la condici\u00f3n de que sea armado en zonas reparadas. Pero el \u00e1rea del Frey estaba demasiado expuesta. El error me cost\u00f3 un gran susto y una mala noche: en un descuido mi bolsa de dormir vol\u00f3 por los aires, arrebatada por el viento, ya que hab\u00eda dejado el cierre de la carpa abierto. Al percatarme de esta grave ausencia sal\u00ed, linterna en mano, en b\u00fasqueda de la bolsa, sin \u00e9xito. A todo esto mi carpa se hab\u00eda ca\u00eddo dos veces. Era imposible de estaquear y el bast\u00f3n que la sosten\u00eda no pod\u00eda clavarse en la piedra s\u00f3lida. En medio de la ventarrosa noche helada, tom\u00e9 mis cosas y me met\u00ed en el comedor del refugio Frey. Pas\u00e9 acurrucado la noche, pr\u00e1cticamente sin dormir.<\/p>\n<h3>D\u00eda 5: Refugio Frey &#8211; Refugio Jakob (9,5 km)<\/h3>\n<p>A las 7 de la ma\u00f1ana retom\u00e9 la b\u00fasqueda. Por suerte se hab\u00eda calmado bastante el viento. Vislumbr\u00e9 mi bolsa de dormir desde lo alto, atrapada entre la lenga achaparrada. Qued\u00f3 superado el susto, buena raz\u00f3n para no cometer el mismo error.<\/p>\n<figure id=\"attachment_media-51\" aria-describedby=\"caption-attachment-media-51\" style=\"width: 3840px\" class=\"wp-caption alignnone\"><img loading=\"lazy\" decoding=\"async\" class=\"alignnone size-full wp-image-392\" src=\"https:\/\/homotheoreticus.files.wordpress.com\/2018\/08\/vlcsnap-2018-08-19-11h16m45s801.png\" alt=\"vlcsnap-2018-08-19-11h16m45s801.png\" width=\"3840\" height=\"2160\" srcset=\"https:\/\/homotheoreticus.com\/wp-content\/uploads\/2018\/08\/vlcsnap-2018-08-19-11h16m45s801.png 3840w, https:\/\/homotheoreticus.com\/wp-content\/uploads\/2018\/08\/vlcsnap-2018-08-19-11h16m45s801-300x169.png 300w, https:\/\/homotheoreticus.com\/wp-content\/uploads\/2018\/08\/vlcsnap-2018-08-19-11h16m45s801-1024x576.png 1024w, https:\/\/homotheoreticus.com\/wp-content\/uploads\/2018\/08\/vlcsnap-2018-08-19-11h16m45s801-768x432.png 768w, https:\/\/homotheoreticus.com\/wp-content\/uploads\/2018\/08\/vlcsnap-2018-08-19-11h16m45s801-1536x864.png 1536w, https:\/\/homotheoreticus.com\/wp-content\/uploads\/2018\/08\/vlcsnap-2018-08-19-11h16m45s801-2048x1152.png 2048w, https:\/\/homotheoreticus.com\/wp-content\/uploads\/2018\/08\/vlcsnap-2018-08-19-11h16m45s801-1568x882.png 1568w\" sizes=\"auto, (max-width: 3840px) 100vw, 3840px\" \/><figcaption id=\"caption-attachment-media-51\" class=\"wp-caption-text\">La bolsa sobrevivi\u00f3, pero tuve que emparchar un agujero que se hizo al engancharse entre las ramas.<\/figcaption><\/figure>\n<h3><\/h3>\n<p>El siguiente objetivo era acceder al refugio San Mart\u00edn, tambi\u00e9n conocido como refugio Jakob, por la laguna de ese nombre.&nbsp;Partiendo del refugio Frey, borde\u00e9 la laguna Toncek hasta el final del valle, donde unas manchas rojas me condujeron en ascenso hasta llegar a la Laguna Schmoll. All\u00ed la cosa se pon\u00eda m\u00e1s dif\u00edcil: hab\u00eda que gatear y trepar con cuidado por las piedras caedizas. Cuanto mayor riesgo y adrenalina, mejor se pon\u00eda la vista.<\/p>\n<figure id=\"attachment_381\" aria-describedby=\"caption-attachment-381\" style=\"width: 4032px\" class=\"wp-caption alignnone\"><img loading=\"lazy\" decoding=\"async\" class=\"alignnone size-full wp-image-381\" src=\"https:\/\/homotheoreticus.files.wordpress.com\/2018\/08\/4_laguna-scmoll.jpg\" alt=\"4_laguna scmoll\" width=\"4032\" height=\"3024\"><figcaption id=\"caption-attachment-381\" class=\"wp-caption-text\">Vista de la Laguna Schmoll, camino al refugio San Mart\u00edn<\/figcaption><\/figure>\n<p>Desde el punto m\u00e1s alto del Catedral era posible volver a contemplar el Cerro Tronador. Sab\u00eda que en alg\u00fan momento deber\u00eda pasar por all\u00ed y dejarlo atr\u00e1s.<\/p>\n<p>En el mapa todo parec\u00eda m\u00e1s simple: una corta distancia pod\u00eda ser un enorme desaf\u00edo por la pendiente. Superado el cerro catedral, las marcas rojas caen abruptamente hacia el enorme valle de Rucacco: un sitio aislado, en el que algunos aventureros eligen retirarse para disfrutar de la soledad y el aislamiento.<\/p>\n<figure id=\"attachment_382\" aria-describedby=\"caption-attachment-382\" style=\"width: 4032px\" class=\"wp-caption alignnone\"><img loading=\"lazy\" decoding=\"async\" class=\"alignnone size-full wp-image-382\" src=\"https:\/\/homotheoreticus.files.wordpress.com\/2018\/08\/4_yendo-al-jakob.jpg\" alt=\"4_yendo al jakob\" width=\"4032\" height=\"3024\"><figcaption id=\"caption-attachment-382\" class=\"wp-caption-text\">Camino al Refugio Frey. En el fondo se ve el Cerro Tronador, cada d\u00eda m\u00e1s de cerca.<\/figcaption><\/figure>\n<p>Descans\u00e9 un poco entre las columnas de lengas del valle de Rucacco. Uno de los s\u00f3nidos caracter\u00edstico de este bosque es el silbido que producen las lengas al tambalearse con el viento. Con la satisfacci\u00f3n que produce el agua pura de monta\u00f1a y habiendo repuesto fuerzas, volv\u00ed a enfrentar la segunda subida del d\u00eda, esta vez por el Paso Brecha Negra. La bajada a la laguna Jakob era realmente abrupta, en un suelo de piedras caedizas.<\/p>\n<figure id=\"attachment_383\" aria-describedby=\"caption-attachment-383\" style=\"width: 3840px\" class=\"wp-caption alignnone\"><img loading=\"lazy\" decoding=\"async\" class=\"alignnone size-full wp-image-383\" src=\"https:\/\/homotheoreticus.files.wordpress.com\/2018\/08\/4_vista-a-jakob.jpg\" alt=\"4_vista a jakob\" width=\"3840\" height=\"2160\"><figcaption id=\"caption-attachment-383\" class=\"wp-caption-text\">Laguna Jakob desde el Paso Brecha Negra.<\/figcaption><\/figure>\n<p>Ya desde el cord\u00f3n del Cerro Tres Reyes era posible ver la Laguna Jakob. Me dediqu\u00e9 a un merecido almuerzo en las alturas, con vista de 360 grados y un poco de elongaci\u00f3n. Empec\u00e9 a contemplar el itinerario del d\u00eda siguiente: el paso a la Laguna Negra por el Cerro Navidad.<\/p>\n<p>El refugio Jakob hab\u00eda sido incendiado meses atr\u00e1s. Esta triste noticia, sufrida por todos los amantes de la monta\u00f1a y en especial por la comunidad de Bariloche, no detuvo la iniciativa del Club Andino, que inmediatamente emprendi\u00f3 su reconstrucci\u00f3n. En el momento en que lo visit\u00e9 se hab\u00edan establecido domos provisorios. Igual, como de costumbre, dorm\u00ed en carpa.<\/p>\n<p>Abajo muestro los desniveles de la traves\u00eda Frey &#8211; Jakob. Los lugares remotos y elevados hacen este sendero muy recomendable, pero a la vez muy demandante. Una buena opci\u00f3n es acampar en el valle de Rucacco, descansar y emprender el segundo ascenso al d\u00eda siguiente.<\/p>\n<p><img><img loading=\"lazy\" decoding=\"async\" class=\"alignnone size-full wp-image-397\" src=\"https:\/\/homotheoreticus.files.wordpress.com\/2018\/08\/vz-guc3ada-de-trekking1.jpg\" alt=\"VZ Gu\u00eda de trekking.jpg\" width=\"5783\" height=\"1404\"><\/p>\n<h3>D\u00eda 6: Del Refugio Jakob a Colonia Suiza (20 km)<\/h3>\n<p>La ruta que conectaba el Refugio Jakob con la Laguna Negra era peligrosa. A todas las personas que pregunt\u00e9, sencillamente me recomendaron no hacerla sin equipo de escalada. En el refugio Jakob me confirmaron que el paso estaba cerrado, debido a otra dificultad: el invierno se hab\u00eda postergado y todav\u00eda quedaban restos de nieve en zonas cr\u00edticas. &nbsp;Como muchos sabr\u00e1n, pisar la nieve compactada sin grampones implica resbalarse y en estos casos una resbalada es una ca\u00edda libre. Conocida la situaci\u00f3n, decid\u00ed modificar la ruta, descender por Tambo de Baez e ir hasta Colonia Suiza. Me di el gusto de explorar la zona del Jakob hasta donde era posible, sin mochila.<\/p>\n<figure id=\"attachment_385\" aria-describedby=\"caption-attachment-385\" style=\"width: 4032px\" class=\"wp-caption alignnone\"><img loading=\"lazy\" decoding=\"async\" class=\"alignnone size-full wp-image-385\" src=\"https:\/\/homotheoreticus.files.wordpress.com\/2018\/08\/5_intentando-paso-a-lag-negra2.jpg\" alt=\"5_intentando paso a lag.negra2\" width=\"4032\" height=\"3024\"><figcaption id=\"caption-attachment-385\" class=\"wp-caption-text\">Explorando el paso cerrado de refugio Jakob a Laguna Negra<\/figcaption><\/figure>\n<p>Luego del almuerzo, comenc\u00e9 el descenso por el largo valle del Arroyo Casa de Piedra. Primero el famoso \u00abcaracol\u00bb, zigzagueando entre las piedras; pasando por lenguero, ca\u00f1averal, bosque de cohiues y muchos t\u00e1banos, el camino conduce hasta el Tambo de Baez. All\u00ed se estaba construyendo un \u00e1rea de servicios. El camino era largo y me llev\u00f3 m\u00e1s de 3 horas. Desde el Tambo acced\u00ed a la ruta y caminando unos kil\u00f3metros m\u00e1s llegu\u00e9 a Colonia Suiza.<\/p>\n<figure id=\"attachment_384\" aria-describedby=\"caption-attachment-384\" style=\"width: 4032px\" class=\"wp-caption alignnone\"><img loading=\"lazy\" decoding=\"async\" class=\"alignnone size-full wp-image-384\" src=\"https:\/\/homotheoreticus.files.wordpress.com\/2018\/08\/5_bajando-del-jakob.jpg\" alt=\"5_bajando del jakob\" width=\"4032\" height=\"3024\"><figcaption id=\"caption-attachment-384\" class=\"wp-caption-text\">Descenso del Jakob en direcci\u00f3n a Colonia Suiza. Me reencontr\u00e9 con la Huella Andina.<\/figcaption><\/figure>\n<p>Llegar a una localidad luego de casi una semana de monta\u00f1a es un peque\u00f1o incentivo psicol\u00f3gico. Una sensaci\u00f3n de que se va a reponer fuerzas y descansar mejor, aunque segu\u00ed durmiendo en carpa. El pueblo de Colonia Suiza aloja en verano a miles de turistas; se ven autos deambulando, puestos de artesan\u00edas y campings colapsando con una carpa pegada al lado de la otra. No es lo que un caminante de monta\u00f1a prefiere, pero en definitiva, el contacto con la civilizaci\u00f3n tambi\u00e9n inyecta un poco de motivaci\u00f3n para retomar el sendero. Sobre todo, es una buena oportunidad para comprar comida y darse algunos gustos.<\/p>\n<p>Mi objetivo siguiente ser\u00eda la Traves\u00eda de las Cinco Lagunas, para llegar al pie del Cerro Tronador, punto lim\u00edtrofe con Chile.<\/p>\n<p><em>Contin\u00faa en la segunda parte<\/em><\/p>\n","protected":false},"excerpt":{"rendered":"<p>A continuaci\u00f3n me propongo describir el recorrido de trekking que hice entre los d\u00edas 14 de Enero y 12 de Febrero de 2018. Durante ese (\u2026)<\/p>\n","protected":false},"author":2,"featured_media":420,"comment_status":"open","ping_status":"open","sticky":false,"template":"","format":"standard","meta":{"om_disable_all_campaigns":false,"_monsterinsights_skip_tracking":false,"_monsterinsights_sitenote_active":false,"_monsterinsights_sitenote_note":"","_monsterinsights_sitenote_category":0,"_uf_show_specific_survey":0,"_uf_disable_surveys":false,"cybocfi_hide_featured_image":"","footnotes":""},"categories":[2,8],"tags":[14,25,26,32,45,46],"class_list":["post-360","post","type-post","status-publish","format-standard","has-post-thumbnail","hentry","category-travesias","category-vuelta-del-zorro-vzt","tag-chile","tag-largo-recorrido","tag-light","tag-patagonia","tag-viaje","tag-vuelta-del-zorro"],"aioseo_notices":[],"_links":{"self":[{"href":"https:\/\/homotheoreticus.com\/index.php\/wp-json\/wp\/v2\/posts\/360","targetHints":{"allow":["GET"]}}],"collection":[{"href":"https:\/\/homotheoreticus.com\/index.php\/wp-json\/wp\/v2\/posts"}],"about":[{"href":"https:\/\/homotheoreticus.com\/index.php\/wp-json\/wp\/v2\/types\/post"}],"author":[{"embeddable":true,"href":"https:\/\/homotheoreticus.com\/index.php\/wp-json\/wp\/v2\/users\/2"}],"replies":[{"embeddable":true,"href":"https:\/\/homotheoreticus.com\/index.php\/wp-json\/wp\/v2\/comments?post=360"}],"version-history":[{"count":0,"href":"https:\/\/homotheoreticus.com\/index.php\/wp-json\/wp\/v2\/posts\/360\/revisions"}],"wp:featuredmedia":[{"embeddable":true,"href":"https:\/\/homotheoreticus.com\/index.php\/wp-json\/wp\/v2\/media\/420"}],"wp:attachment":[{"href":"https:\/\/homotheoreticus.com\/index.php\/wp-json\/wp\/v2\/media?parent=360"}],"wp:term":[{"taxonomy":"category","embeddable":true,"href":"https:\/\/homotheoreticus.com\/index.php\/wp-json\/wp\/v2\/categories?post=360"},{"taxonomy":"post_tag","embeddable":true,"href":"https:\/\/homotheoreticus.com\/index.php\/wp-json\/wp\/v2\/tags?post=360"}],"curies":[{"name":"wp","href":"https:\/\/api.w.org\/{rel}","templated":true}]}}