{"id":3690,"date":"2024-09-29T21:27:10","date_gmt":"2024-09-29T21:27:10","guid":{"rendered":"https:\/\/homotheoreticus.com\/?p=3690"},"modified":"2025-04-09T17:24:42","modified_gmt":"2025-04-09T17:24:42","slug":"conferencias-del-mes-de-octubre","status":"publish","type":"post","link":"https:\/\/homotheoreticus.com\/index.php\/2024\/09\/29\/conferencias-del-mes-de-octubre\/","title":{"rendered":"Conferencias del mes de Octubre"},"content":{"rendered":"\n<p>Presentamos el ciclo de conferencias del mes de Octubre de 2024. Para poder participar se lanzar\u00e1 la inscripci\u00f3n semanalmente. Tambi\u00e9n est\u00e1 la posibilidad de inscribirse a <strong>todas las charlas<\/strong> por \u00fanica vez adquiriendo una membres\u00eda mensual o anual en el blog.<\/p>\n\n\n\n<div class=\"wp-block-buttons is-layout-flex wp-block-buttons-is-layout-flex\">\n<div class=\"wp-block-button\"><a class=\"wp-block-button__link wp-element-button\" href=\"https:\/\/homotheoreticus.com\/index.php\/membership-join\/\">Suscribirme<\/a><\/div>\n<\/div>\n\n\n\n<div style=\"height:47px\" aria-hidden=\"true\" class=\"wp-block-spacer\"><\/div>\n\n\n\n<figure class=\"wp-block-image size-large\"><img loading=\"lazy\" decoding=\"async\" width=\"1024\" height=\"1024\" src=\"https:\/\/homotheoreticus.com\/wp-content\/uploads\/2024\/09\/Octubre-2024-2-1024x1024.jpg\" alt=\"\" class=\"wp-image-3693\" srcset=\"https:\/\/homotheoreticus.com\/wp-content\/uploads\/2024\/09\/Octubre-2024-2-1024x1024.jpg 1024w, https:\/\/homotheoreticus.com\/wp-content\/uploads\/2024\/09\/Octubre-2024-2-300x300.jpg 300w, https:\/\/homotheoreticus.com\/wp-content\/uploads\/2024\/09\/Octubre-2024-2-150x150.jpg 150w, https:\/\/homotheoreticus.com\/wp-content\/uploads\/2024\/09\/Octubre-2024-2-768x768.jpg 768w, https:\/\/homotheoreticus.com\/wp-content\/uploads\/2024\/09\/Octubre-2024-2.jpg 1080w\" sizes=\"auto, (max-width: 1024px) 100vw, 1024px\" \/><\/figure>\n\n\n\n<h4 class=\"wp-block-heading\">Zona Centro del Parque Nacional Los Glaciares<\/h4>\n\n\n\n<p>En esta conferencia, Pedro Acosta C\u00e1ceres nos va a contar su experiencia como gu\u00eda de monta\u00f1a en la traves\u00eda Helsingford &#8211; Cristina, que transcurre en una zona poco conocida y pr\u00e1cticamente despoblada del Parque Nacional Los Glaciares, Santa Cruz.<\/p>\n\n\n\n<div class=\"wp-block-buttons is-layout-flex wp-block-buttons-is-layout-flex\">\n<div class=\"wp-block-button\"><a class=\"wp-block-button__link wp-element-button\" href=\"https:\/\/forms.gle\/9iZ5526uihG5BJoEA\">Inscribirse<\/a><\/div>\n<\/div>\n\n\n\n<div style=\"height:47px\" aria-hidden=\"true\" class=\"wp-block-spacer\"><\/div>\n\n\n\n<figure class=\"wp-block-image size-large\"><img loading=\"lazy\" decoding=\"async\" width=\"1024\" height=\"1024\" src=\"https:\/\/homotheoreticus.com\/wp-content\/uploads\/2024\/09\/Pedro-Caceres-1-1024x1024.jpg\" alt=\"\" class=\"wp-image-3718\" srcset=\"https:\/\/homotheoreticus.com\/wp-content\/uploads\/2024\/09\/Pedro-Caceres-1-1024x1024.jpg 1024w, https:\/\/homotheoreticus.com\/wp-content\/uploads\/2024\/09\/Pedro-Caceres-1-300x300.jpg 300w, https:\/\/homotheoreticus.com\/wp-content\/uploads\/2024\/09\/Pedro-Caceres-1-150x150.jpg 150w, https:\/\/homotheoreticus.com\/wp-content\/uploads\/2024\/09\/Pedro-Caceres-1-768x768.jpg 768w, https:\/\/homotheoreticus.com\/wp-content\/uploads\/2024\/09\/Pedro-Caceres-1.jpg 1080w\" sizes=\"auto, (max-width: 1024px) 100vw, 1024px\" \/><\/figure>\n\n\n\n<h4 class=\"wp-block-heading\">Sierras de San Luis: traves\u00eda integral<\/h4>\n\n\n\n<p>En esta oportunidad, Mart\u00edn Lizondo va a relatar su experiencia recorriendo de sur a norte las Sierras de San Luis. La traves\u00eda conecta la localidad de Potrero de los Funes con Quines a lo largo de 200 kil\u00f3metros.<\/p>\n\n\n\n<div class=\"wp-block-buttons is-layout-flex wp-block-buttons-is-layout-flex\">\n<div class=\"wp-block-button\"><a class=\"wp-block-button__link wp-element-button\" href=\"https:\/\/forms.gle\/jHk9i4dbuR2AeaPF7\">Inscribirse<\/a><\/div>\n<\/div>\n\n\n\n<div style=\"height:47px\" aria-hidden=\"true\" class=\"wp-block-spacer\"><\/div>\n\n\n\n<figure class=\"wp-block-image size-large\"><img loading=\"lazy\" decoding=\"async\" width=\"1024\" height=\"1024\" src=\"https:\/\/homotheoreticus.com\/wp-content\/uploads\/2024\/09\/Copie-de-Pedro-Caceres-1-1024x1024.jpg\" alt=\"\" class=\"wp-image-3695\" srcset=\"https:\/\/homotheoreticus.com\/wp-content\/uploads\/2024\/09\/Copie-de-Pedro-Caceres-1-1024x1024.jpg 1024w, https:\/\/homotheoreticus.com\/wp-content\/uploads\/2024\/09\/Copie-de-Pedro-Caceres-1-300x300.jpg 300w, https:\/\/homotheoreticus.com\/wp-content\/uploads\/2024\/09\/Copie-de-Pedro-Caceres-1-150x150.jpg 150w, https:\/\/homotheoreticus.com\/wp-content\/uploads\/2024\/09\/Copie-de-Pedro-Caceres-1-768x768.jpg 768w, https:\/\/homotheoreticus.com\/wp-content\/uploads\/2024\/09\/Copie-de-Pedro-Caceres-1.jpg 1080w\" sizes=\"auto, (max-width: 1024px) 100vw, 1024px\" \/><\/figure>\n\n\n\n<h4 class=\"wp-block-heading\">Del Bols\u00f3n al Lago Escondido<\/h4>\n\n\n\n<p>En esta oportunidad Remigio Domato va a relatarnos su experiencia recorriendo el circuito integral de refugios del Bols\u00f3n hasta llegar a la no tan conocida senda al Lago Escondido.<\/p>\n\n\n\n<div class=\"wp-block-buttons is-layout-flex wp-block-buttons-is-layout-flex\">\n<div class=\"wp-block-button\"><a class=\"wp-block-button__link wp-element-button\" href=\"https:\/\/forms.gle\/wnL7GTwqwC4CEVAD9\">Inscribirse<\/a><\/div>\n<\/div>\n\n\n\n<div style=\"height:47px\" aria-hidden=\"true\" class=\"wp-block-spacer\"><\/div>\n\n\n\n<figure class=\"wp-block-image size-large is-resized\"><img loading=\"lazy\" decoding=\"async\" width=\"1024\" height=\"1024\" src=\"https:\/\/homotheoreticus.com\/wp-content\/uploads\/2024\/09\/Copie-de-SGSC-1024x1024.jpg\" alt=\"\" class=\"wp-image-3696\" style=\"width:1144px;height:auto\" srcset=\"https:\/\/homotheoreticus.com\/wp-content\/uploads\/2024\/09\/Copie-de-SGSC-1024x1024.jpg 1024w, https:\/\/homotheoreticus.com\/wp-content\/uploads\/2024\/09\/Copie-de-SGSC-300x300.jpg 300w, https:\/\/homotheoreticus.com\/wp-content\/uploads\/2024\/09\/Copie-de-SGSC-150x150.jpg 150w, https:\/\/homotheoreticus.com\/wp-content\/uploads\/2024\/09\/Copie-de-SGSC-768x768.jpg 768w, https:\/\/homotheoreticus.com\/wp-content\/uploads\/2024\/09\/Copie-de-SGSC.jpg 1080w\" sizes=\"auto, (max-width: 1024px) 100vw, 1024px\" \/><\/figure>\n\n\n\n<h4 class=\"wp-block-heading\">Traves\u00eda Cochamo: una vuelta por los Pasos Vuriloche y El Le\u00f3n<\/h4>\n\n\n\n<p>En esta conferencia Dar\u00edo Martini va a relatarnos su experiencia recorriendo cruzando la cordillera por pasos selv\u00e1ticos de monta\u00f1a bajo la modalidad de trekking y pesca con tenkara.<\/p>\n\n\n\n<div class=\"wp-block-buttons is-layout-flex wp-block-buttons-is-layout-flex\">\n<div class=\"wp-block-button\"><a class=\"wp-block-button__link wp-element-button\" href=\"https:\/\/forms.gle\/6Tp4XR3A7156gR859\">Inscribirse<\/a><\/div>\n<\/div>\n\n\n\n<div style=\"height:47px\" aria-hidden=\"true\" class=\"wp-block-spacer\"><\/div>\n\n\n\n<figure class=\"wp-block-image size-large\"><img loading=\"lazy\" decoding=\"async\" width=\"1024\" height=\"1024\" src=\"https:\/\/homotheoreticus.com\/wp-content\/uploads\/2024\/09\/Dario-Martini-Cochamo-2-1024x1024.jpg\" alt=\"\" class=\"wp-image-3701\" srcset=\"https:\/\/homotheoreticus.com\/wp-content\/uploads\/2024\/09\/Dario-Martini-Cochamo-2-1024x1024.jpg 1024w, https:\/\/homotheoreticus.com\/wp-content\/uploads\/2024\/09\/Dario-Martini-Cochamo-2-300x300.jpg 300w, https:\/\/homotheoreticus.com\/wp-content\/uploads\/2024\/09\/Dario-Martini-Cochamo-2-150x150.jpg 150w, https:\/\/homotheoreticus.com\/wp-content\/uploads\/2024\/09\/Dario-Martini-Cochamo-2-768x768.jpg 768w, https:\/\/homotheoreticus.com\/wp-content\/uploads\/2024\/09\/Dario-Martini-Cochamo-2.jpg 1080w\" sizes=\"auto, (max-width: 1024px) 100vw, 1024px\" \/><\/figure>\n\n\n\n<div class=\"wp-block-buttons is-layout-flex wp-block-buttons-is-layout-flex\">\n<div class=\"wp-block-button\"><a class=\"wp-block-button__link wp-element-button\" href=\"https:\/\/homotheoreticus.com\/index.php\/biblioteca\/\">Ir a la biblioteca<\/a><\/div>\n<\/div>\n","protected":false},"excerpt":{"rendered":"<p>Presentamos el ciclo de conferencias del mes de Octubre de 2024. Para poder participar se lanzar\u00e1 la inscripci\u00f3n semanalmente. Tambi\u00e9n est\u00e1 la posibilidad de inscribirse (\u2026)<\/p>\n","protected":false},"author":1,"featured_media":3704,"comment_status":"open","ping_status":"open","sticky":false,"template":"","format":"standard","meta":{"om_disable_all_campaigns":false,"_monsterinsights_skip_tracking":false,"_monsterinsights_sitenote_active":false,"_monsterinsights_sitenote_note":"","_monsterinsights_sitenote_category":0,"_uf_show_specific_survey":0,"_uf_disable_surveys":false,"cybocfi_hide_featured_image":"","footnotes":""},"categories":[82,77],"tags":[],"class_list":["post-3690","post","type-post","status-publish","format-standard","has-post-thumbnail","hentry","category-conferencias","category-educativo"],"aioseo_notices":[],"_links":{"self":[{"href":"https:\/\/homotheoreticus.com\/index.php\/wp-json\/wp\/v2\/posts\/3690","targetHints":{"allow":["GET"]}}],"collection":[{"href":"https:\/\/homotheoreticus.com\/index.php\/wp-json\/wp\/v2\/posts"}],"about":[{"href":"https:\/\/homotheoreticus.com\/index.php\/wp-json\/wp\/v2\/types\/post"}],"author":[{"embeddable":true,"href":"https:\/\/homotheoreticus.com\/index.php\/wp-json\/wp\/v2\/users\/1"}],"replies":[{"embeddable":true,"href":"https:\/\/homotheoreticus.com\/index.php\/wp-json\/wp\/v2\/comments?post=3690"}],"version-history":[{"count":8,"href":"https:\/\/homotheoreticus.com\/index.php\/wp-json\/wp\/v2\/posts\/3690\/revisions"}],"predecessor-version":[{"id":4128,"href":"https:\/\/homotheoreticus.com\/index.php\/wp-json\/wp\/v2\/posts\/3690\/revisions\/4128"}],"wp:featuredmedia":[{"embeddable":true,"href":"https:\/\/homotheoreticus.com\/index.php\/wp-json\/wp\/v2\/media\/3704"}],"wp:attachment":[{"href":"https:\/\/homotheoreticus.com\/index.php\/wp-json\/wp\/v2\/media?parent=3690"}],"wp:term":[{"taxonomy":"category","embeddable":true,"href":"https:\/\/homotheoreticus.com\/index.php\/wp-json\/wp\/v2\/categories?post=3690"},{"taxonomy":"post_tag","embeddable":true,"href":"https:\/\/homotheoreticus.com\/index.php\/wp-json\/wp\/v2\/tags?post=3690"}],"curies":[{"name":"wp","href":"https:\/\/api.w.org\/{rel}","templated":true}]}}