{"id":3770,"date":"2024-11-06T20:55:20","date_gmt":"2024-11-06T20:55:20","guid":{"rendered":"https:\/\/homotheoreticus.com\/?p=3770"},"modified":"2025-04-09T17:24:06","modified_gmt":"2025-04-09T17:24:06","slug":"conferencias-de-noviembre-2024","status":"publish","type":"post","link":"https:\/\/homotheoreticus.com\/index.php\/2024\/11\/06\/conferencias-de-noviembre-2024\/","title":{"rendered":"Conferencias de Noviembre (2024)"},"content":{"rendered":"\n<p>Presentamos el ciclo de conferencias del mes de Noviembre de 2024. Para poder participar se lanzar\u00e1 la inscripci\u00f3n semanalmente. Tambi\u00e9n est\u00e1 la posibilidad de inscribirse a <strong>todas las charlas<\/strong> por \u00fanica vez adquiriendo una membres\u00eda mensual o anual en el blog.<\/p>\n\n\n\n<figure class=\"wp-block-image size-large\"><img loading=\"lazy\" decoding=\"async\" width=\"1024\" height=\"1024\" src=\"https:\/\/homotheoreticus.com\/wp-content\/uploads\/2024\/11\/Noviembre-de-2024-1-1024x1024.jpg\" alt=\"\" class=\"wp-image-3785\" srcset=\"https:\/\/homotheoreticus.com\/wp-content\/uploads\/2024\/11\/Noviembre-de-2024-1-1024x1024.jpg 1024w, https:\/\/homotheoreticus.com\/wp-content\/uploads\/2024\/11\/Noviembre-de-2024-1-300x300.jpg 300w, https:\/\/homotheoreticus.com\/wp-content\/uploads\/2024\/11\/Noviembre-de-2024-1-150x150.jpg 150w, https:\/\/homotheoreticus.com\/wp-content\/uploads\/2024\/11\/Noviembre-de-2024-1-768x768.jpg 768w, https:\/\/homotheoreticus.com\/wp-content\/uploads\/2024\/11\/Noviembre-de-2024-1.jpg 1080w\" sizes=\"auto, (max-width: 1024px) 100vw, 1024px\" \/><\/figure>\n\n\n\n<div class=\"wp-block-buttons is-layout-flex wp-block-buttons-is-layout-flex\">\n<div class=\"wp-block-button\"><a class=\"wp-block-button__link wp-element-button\" href=\"https:\/\/homotheoreticus.com\/index.php\/membership-join\/\">Suscribirme<\/a><\/div>\n<\/div>\n\n\n\n<h4 class=\"wp-block-heading\">Pen\u00ednsula Mitre: una expedici\u00f3n al Fin de la Tierra (por Federico Gargiulo)<\/h4>\n\n\n\n<figure class=\"wp-block-image size-large\"><img loading=\"lazy\" decoding=\"async\" width=\"1024\" height=\"1024\" src=\"https:\/\/homotheoreticus.com\/wp-content\/uploads\/2024\/11\/Peninsula-Mitre-1024x1024.jpg\" alt=\"\" class=\"wp-image-3775\" srcset=\"https:\/\/homotheoreticus.com\/wp-content\/uploads\/2024\/11\/Peninsula-Mitre-1024x1024.jpg 1024w, https:\/\/homotheoreticus.com\/wp-content\/uploads\/2024\/11\/Peninsula-Mitre-300x300.jpg 300w, https:\/\/homotheoreticus.com\/wp-content\/uploads\/2024\/11\/Peninsula-Mitre-150x150.jpg 150w, https:\/\/homotheoreticus.com\/wp-content\/uploads\/2024\/11\/Peninsula-Mitre-768x768.jpg 768w, https:\/\/homotheoreticus.com\/wp-content\/uploads\/2024\/11\/Peninsula-Mitre.jpg 1080w\" sizes=\"auto, (max-width: 1024px) 100vw, 1024px\" \/><\/figure>\n\n\n\n<p>Inicio del curso Fabricaci\u00f3n de Equipo Outdoor dictado por Mart\u00edn Lizondo. El mismo dura cuatro clases y se realizar\u00e1 los d\u00edas mi\u00e9rcoles 13\/11, 20\/11, 27\/11 y 4\/12 de manera online. Para participar se requiere contar con conocimientos b\u00e1sicos de costura.<\/p>\n\n\n\n<div class=\"wp-block-buttons is-layout-flex wp-block-buttons-is-layout-flex\">\n<div class=\"wp-block-button\"><a class=\"wp-block-button__link wp-element-button\" href=\"https:\/\/forms.gle\/S6GzxPFw11K6od5P6\">Inscribirse<\/a><\/div>\n<\/div>\n\n\n\n<h4 class=\"wp-block-heading\">Vuelta del Zorro: de la estepa al Oc\u00e9ano Pac\u00edfico<\/h4>\n\n\n\n<figure class=\"wp-block-image size-large\"><img loading=\"lazy\" decoding=\"async\" width=\"1024\" height=\"1024\" src=\"https:\/\/homotheoreticus.com\/wp-content\/uploads\/2024\/11\/Copie-de-Dario-Martini-Cochamo-2-1024x1024.jpg\" alt=\"\" class=\"wp-image-3776\" srcset=\"https:\/\/homotheoreticus.com\/wp-content\/uploads\/2024\/11\/Copie-de-Dario-Martini-Cochamo-2-1024x1024.jpg 1024w, https:\/\/homotheoreticus.com\/wp-content\/uploads\/2024\/11\/Copie-de-Dario-Martini-Cochamo-2-300x300.jpg 300w, https:\/\/homotheoreticus.com\/wp-content\/uploads\/2024\/11\/Copie-de-Dario-Martini-Cochamo-2-150x150.jpg 150w, https:\/\/homotheoreticus.com\/wp-content\/uploads\/2024\/11\/Copie-de-Dario-Martini-Cochamo-2-768x768.jpg 768w, https:\/\/homotheoreticus.com\/wp-content\/uploads\/2024\/11\/Copie-de-Dario-Martini-Cochamo-2.jpg 1080w\" sizes=\"auto, (max-width: 1024px) 100vw, 1024px\" \/><\/figure>\n\n\n\n<p>En esta oportunidad, Mart\u00edn Lizondo va a relatar su experiencia conectando senderos a pie a trav\u00e9s de varios pasos de monta\u00f1a entre Argentina y Chile. El recorrido, de m\u00e1s de 400 kil\u00f3metros,  inicia en las inmediaciones del aeropuerto de Bariloche, pasa por el Estuario de Reloncav\u00ed, en Chile, y termina en el Cerro Roca del Tiempo, en las inmediaciones de Lago Puelo, Argentina.<\/p>\n\n\n\n<div class=\"wp-block-buttons is-layout-flex wp-block-buttons-is-layout-flex\">\n<div class=\"wp-block-button\"><a class=\"wp-block-button__link wp-element-button\" href=\"https:\/\/forms.gle\/Bht6Xd5YkkiUoetb8\">Inscribirse<\/a><\/div>\n<\/div>\n\n\n\n<h4 class=\"wp-block-heading\">Historias del Tupungato (Fernando \u00abPollo\u00bb Garmendia)<\/h4>\n\n\n\n<p>Tres expediciones a esta gran monta\u00f1a, una en homenaje, una con descubrimiento y la 1\u00b0 invernal. En una charla amena y entretenida un protagonista de tres expediciones c\u00e9lebres a esta gran monta\u00f1a, una de las m\u00e1s altas de Am\u00e9rica, nos relatar\u00e1 historias incre\u00edbles.<\/p>\n\n\n\n<p>Organiza: Federaci\u00f3n Andinistas Argentinos<\/p>\n\n\n\n<div class=\"wp-block-buttons is-layout-flex wp-block-buttons-is-layout-flex\">\n<div class=\"wp-block-button\"><a class=\"wp-block-button__link wp-element-button\" href=\"https:\/\/docs.google.com\/forms\/d\/1G9jPhqU8Kx2BCzs6xbwlvIw901dSgU6XX-1nPOlhkO4\/viewform?edit_requested=true\">Inscribirse<\/a><\/div>\n<\/div>\n\n\n\n<h4 class=\"wp-block-heading\">Huella Andina: preguntas y respuestas<\/h4>\n\n\n\n<figure class=\"wp-block-image size-large\"><img loading=\"lazy\" decoding=\"async\" width=\"1024\" height=\"1024\" src=\"https:\/\/homotheoreticus.com\/wp-content\/uploads\/2024\/11\/HA-preguntas-y-respuestas-1-1024x1024.jpg\" alt=\"\" class=\"wp-image-3786\" srcset=\"https:\/\/homotheoreticus.com\/wp-content\/uploads\/2024\/11\/HA-preguntas-y-respuestas-1-1024x1024.jpg 1024w, https:\/\/homotheoreticus.com\/wp-content\/uploads\/2024\/11\/HA-preguntas-y-respuestas-1-300x300.jpg 300w, https:\/\/homotheoreticus.com\/wp-content\/uploads\/2024\/11\/HA-preguntas-y-respuestas-1-150x150.jpg 150w, https:\/\/homotheoreticus.com\/wp-content\/uploads\/2024\/11\/HA-preguntas-y-respuestas-1-768x768.jpg 768w, https:\/\/homotheoreticus.com\/wp-content\/uploads\/2024\/11\/HA-preguntas-y-respuestas-1.jpg 1080w\" sizes=\"auto, (max-width: 1024px) 100vw, 1024px\" \/><\/figure>\n\n\n\n<p>Como todos los a\u00f1os, Mart\u00edn Lizondo en colaboraci\u00f3n con la Federaci\u00f3n Andinistas Argentinos y varios expositores, realizar\u00e1 una descripci\u00f3n actualizada del estado de cada etapa de la Huella Andina. El objetivo es mantener vivo el sendero y promover su uso en esta temporada de verano 2024-2025.<\/p>\n\n\n\n<div class=\"wp-block-buttons is-layout-flex wp-block-buttons-is-layout-flex\">\n<div class=\"wp-block-button\"><a class=\"wp-block-button__link wp-element-button\" href=\"https:\/\/forms.gle\/PH8JJaeeBmsxvykj7\">Inscribirse<\/a><\/div>\n<\/div>\n\n\n\n<div class=\"wp-block-buttons is-layout-flex wp-block-buttons-is-layout-flex\">\n<div class=\"wp-block-button\"><a class=\"wp-block-button__link wp-element-button\" href=\"https:\/\/homotheoreticus.com\/index.php\/biblioteca\/\">Ir a la biblioteca<\/a><\/div>\n<\/div>\n","protected":false},"excerpt":{"rendered":"<p>Conferencias del mes de Noviembre y Diciembre de 2024, organizadas por Mart\u00edn Lizondo en colaboraci\u00f3n con la Federaci\u00f3n Andinistas Argentinos.<\/p>\n","protected":false},"author":1,"featured_media":3780,"comment_status":"open","ping_status":"open","sticky":false,"template":"","format":"standard","meta":{"om_disable_all_campaigns":false,"_monsterinsights_skip_tracking":false,"_monsterinsights_sitenote_active":false,"_monsterinsights_sitenote_note":"","_monsterinsights_sitenote_category":0,"_uf_show_specific_survey":0,"_uf_disable_surveys":false,"cybocfi_hide_featured_image":"","footnotes":""},"categories":[82,77],"tags":[],"class_list":["post-3770","post","type-post","status-publish","format-standard","has-post-thumbnail","hentry","category-conferencias","category-educativo"],"aioseo_notices":[],"_links":{"self":[{"href":"https:\/\/homotheoreticus.com\/index.php\/wp-json\/wp\/v2\/posts\/3770","targetHints":{"allow":["GET"]}}],"collection":[{"href":"https:\/\/homotheoreticus.com\/index.php\/wp-json\/wp\/v2\/posts"}],"about":[{"href":"https:\/\/homotheoreticus.com\/index.php\/wp-json\/wp\/v2\/types\/post"}],"author":[{"embeddable":true,"href":"https:\/\/homotheoreticus.com\/index.php\/wp-json\/wp\/v2\/users\/1"}],"replies":[{"embeddable":true,"href":"https:\/\/homotheoreticus.com\/index.php\/wp-json\/wp\/v2\/comments?post=3770"}],"version-history":[{"count":3,"href":"https:\/\/homotheoreticus.com\/index.php\/wp-json\/wp\/v2\/posts\/3770\/revisions"}],"predecessor-version":[{"id":4127,"href":"https:\/\/homotheoreticus.com\/index.php\/wp-json\/wp\/v2\/posts\/3770\/revisions\/4127"}],"wp:featuredmedia":[{"embeddable":true,"href":"https:\/\/homotheoreticus.com\/index.php\/wp-json\/wp\/v2\/media\/3780"}],"wp:attachment":[{"href":"https:\/\/homotheoreticus.com\/index.php\/wp-json\/wp\/v2\/media?parent=3770"}],"wp:term":[{"taxonomy":"category","embeddable":true,"href":"https:\/\/homotheoreticus.com\/index.php\/wp-json\/wp\/v2\/categories?post=3770"},{"taxonomy":"post_tag","embeddable":true,"href":"https:\/\/homotheoreticus.com\/index.php\/wp-json\/wp\/v2\/tags?post=3770"}],"curies":[{"name":"wp","href":"https:\/\/api.w.org\/{rel}","templated":true}]}}