{"id":419,"date":"2018-08-29T16:37:53","date_gmt":"2018-08-29T19:37:53","guid":{"rendered":"https:\/\/homotheoreticus.wordpress.com\/?p=419"},"modified":"2018-08-29T16:37:53","modified_gmt":"2018-08-29T19:37:53","slug":"vuelta-del-zorro-segunda-parte","status":"publish","type":"post","link":"https:\/\/homotheoreticus.com\/index.php\/2018\/08\/29\/vuelta-del-zorro-segunda-parte\/","title":{"rendered":"Vuelta del Zorro: Segunda Parte"},"content":{"rendered":"<p><em>En esta segunda parte de la Vuelta del Zorro, describo el recorrido que une Colonia Suiza con Pampa Linda, conocido como la \u00abTraves\u00eda de las Cinco Lagunas\u00bb, a la que hice algunos &nbsp;agregados. Luego de ascender por el Cerro L\u00f3pez, cruza distintos pasos nevados, filos con lajas puntiagudas y pedreros, alterna con mallines y lagunas de altura, para llegar al Paso de las Nubes y descender a Pampa Linda. Se puede hacer un desv\u00edo opcional de ida y vuelta hasta la base del Cerro Tronador.<\/em><\/p>\n<h2>De Colonia Suiza a Pampa Linda (87,4 km)<\/h2>\n<figure id=\"attachment_422\" aria-describedby=\"caption-attachment-422\" style=\"width: 2228px\" class=\"wp-caption alignnone\"><img loading=\"lazy\" decoding=\"async\" class=\"alignnone size-full wp-image-422\" src=\"https:\/\/homotheoreticus.files.wordpress.com\/2018\/08\/screen-shot-2018-08-19-at-18-09-33.png\" alt=\"Screen Shot 2018-08-19 at 18.09.33\" width=\"2228\" height=\"1478\" srcset=\"https:\/\/homotheoreticus.com\/wp-content\/uploads\/2018\/08\/screen-shot-2018-08-19-at-18-09-33.png 2228w, https:\/\/homotheoreticus.com\/wp-content\/uploads\/2018\/08\/screen-shot-2018-08-19-at-18-09-33-300x199.png 300w, https:\/\/homotheoreticus.com\/wp-content\/uploads\/2018\/08\/screen-shot-2018-08-19-at-18-09-33-1024x679.png 1024w, https:\/\/homotheoreticus.com\/wp-content\/uploads\/2018\/08\/screen-shot-2018-08-19-at-18-09-33-768x509.png 768w, https:\/\/homotheoreticus.com\/wp-content\/uploads\/2018\/08\/screen-shot-2018-08-19-at-18-09-33-1536x1019.png 1536w, https:\/\/homotheoreticus.com\/wp-content\/uploads\/2018\/08\/screen-shot-2018-08-19-at-18-09-33-2048x1359.png 2048w, https:\/\/homotheoreticus.com\/wp-content\/uploads\/2018\/08\/screen-shot-2018-08-19-at-18-09-33-1568x1040.png 1568w\" sizes=\"auto, (max-width: 2228px) 100vw, 2228px\" \/><figcaption id=\"caption-attachment-422\" class=\"wp-caption-text\">La segunda parte de la Vuelta del Zorro une Colonia Suiza con Pampa Linda.<\/figcaption><\/figure>\n<h3>D\u00eda 7: de Colonia Suiza al Refugio L\u00f3pez (9 km)<\/h3>\n<p>Antes de salir al Cerro L\u00f3pez, aprovech\u00e9 para comprar v\u00edveres en el kil\u00f3metro 13. Se llega f\u00e1cilmente en micro desde Colonia Suiza. En este lugar hay supermercados y un cajero autom\u00e1tico.<\/p>\n<figure id=\"attachment_media-26\" aria-describedby=\"caption-attachment-media-26\" style=\"width: 4032px\" class=\"wp-caption alignnone\"><img loading=\"lazy\" decoding=\"async\" class=\"alignnone size-full wp-image-428\" src=\"https:\/\/homotheoreticus.files.wordpress.com\/2018\/08\/6_compras.jpg\" alt=\"6_compras.JPG\" width=\"4032\" height=\"3024\"><figcaption id=\"caption-attachment-media-26\" class=\"wp-caption-text\">Desv\u00edo log\u00edstico a kil\u00f3metro 13<\/figcaption><\/figure>\n<p>Luego de llenar la mochila con comida para una semana, regres\u00e9 haciendo dedo a Colonia Suiza. Mi objetivo inmediato era acceder a la Laguna Negra, pero como en el mapa descubr\u00ed la posibilidad de conectar Cerro L\u00f3pez con la laguna, agregu\u00e9 este cerro al itinerario.<\/p>\n<p>El Cerro L\u00f3pez es hiper tur\u00edstico. En la entrada al sendero hay un puesto de panchos, a medio camino un refugio de lujo con restaurante. Admito que por todo esto lo subestimaba un poco, pero el lugar vale realmente la pena. Las vistas del Lago Nahuel Huapi se ponen cada vez mejores con la altura. La caminata es breve y sin desperdicios.<\/p>\n<p>Luego de una subida abrupta, la pendiente se vuelve moderada hasta realizar el famoso caracol final. Me encontr\u00e9 en vivo con la famosa fotograf\u00eda del Refugio L\u00f3pez: pintado de rojo, con una pileta r\u00fastica, alimentada por los arroyos de monta\u00f1a.<\/p>\n<p>Hac\u00eda mucho calor al punto que casi me descompongo. Los chocolates en oferta que compr\u00e9 en kil\u00f3metro 13 se derritieron&#8230; error de principiante.<\/p>\n<p>Ni bien llegu\u00e9 al \u00e1rea del refugio me puse a armar la carpa. Encend\u00ed calentador a alcohol y herv\u00ed agua para tomar unos mates.<\/p>\n<figure id=\"attachment_429\" aria-describedby=\"caption-attachment-429\" style=\"width: 4032px\" class=\"wp-caption alignnone\"><img loading=\"lazy\" decoding=\"async\" class=\"alignnone size-full wp-image-429\" src=\"https:\/\/homotheoreticus.files.wordpress.com\/2018\/08\/7_carpa-en-lopez.jpg\" alt=\"7_carpa en lopez.JPG\" width=\"4032\" height=\"2688\"><figcaption id=\"caption-attachment-429\" class=\"wp-caption-text\">Acampando en Cerro L\u00f3pez. Accesible desde la ruta y con una vista incre\u00edble.<\/figcaption><\/figure>\n<p>Me sent\u00e9 a contemplar las nubes que iban adquiriendo un colorido rosado con la ca\u00edda del sol. Uno de los mejores paisajes de la traves\u00eda.<\/p>\n<figure id=\"attachment_media-40\" aria-describedby=\"caption-attachment-media-40\" style=\"width: 4032px\" class=\"wp-caption alignnone\"><img loading=\"lazy\" decoding=\"async\" class=\"alignnone size-full wp-image-430\" src=\"https:\/\/homotheoreticus.files.wordpress.com\/2018\/08\/6_anochecer-en-lopez.jpg\" alt=\"6_anochecer en lopez.JPG\" width=\"4032\" height=\"2688\"><figcaption id=\"caption-attachment-media-40\" class=\"wp-caption-text\">Contemplando el atardecer desde el Cerro L\u00f3pez<\/figcaption><\/figure>\n<p>Unas nubes anunciaban tormenta. Efectivamente, a mitad de la noche comenzaron los rel\u00e1mpagos y los chaparrones. Pero a esa altura uno se acostumbra y est\u00e1 lo suficientemente cansado como para dormir en cualquier circunstancia.<\/p>\n<p>Antes de dormir me puse a conversar con un grupo de corredores que acababa de llegar desde la Laguna Negra. Estaban preocupados porque algunos de sus compa\u00f1eros hab\u00edan quedado atr\u00e1s. Cometieron el error de separarse. M\u00e1s tarde vimos luces de linterna que bajaban del cerro. La cuidadora del refugio, experta en el terreno, sali\u00f3 para guiarlos en la noche. Por suerte no pas\u00f3 del susto.<\/p>\n<h3>D\u00eda 8: del Refugio L\u00f3pez a Laguna Negra (8,2 km)<\/h3>\n<p>A la ma\u00f1ana siguiente emprend\u00ed la subida a la cumbre del L\u00f3pez.<\/p>\n<figure id=\"attachment_431\" aria-describedby=\"caption-attachment-431\" style=\"width: 4032px\" class=\"wp-caption alignnone\"><img loading=\"lazy\" decoding=\"async\" class=\"alignnone size-full wp-image-431\" src=\"https:\/\/homotheoreticus.files.wordpress.com\/2018\/08\/7_lopez-desde-arriba.jpg\" alt=\"7_lopez desde arriba.JPG\" width=\"4032\" height=\"2688\"><figcaption id=\"caption-attachment-431\" class=\"wp-caption-text\">Despidiendo el Refugio L\u00f3pez<\/figcaption><\/figure>\n<p>Luego de subir por los macizos sin vegetaci\u00f3n, se accede a la zona de la \u00abOlla\u00bb, donde hab\u00eda bastante nieve. El letargo del invierno hab\u00eda dejado algunas peque\u00f1as lagunas de deshielo.<\/p>\n<p>En la cumbre del Cerro L\u00f3pez se encuentra uno de los mejores puntos panor\u00e1micos de toda la traves\u00eda. Desde all\u00ed se pod\u00eda contemplar Bariloche, Colonia Suiza, el Nahuel Huapi entero. A la distancia se ve\u00eda el Cerro Tronador y los volcanes chilenos, el &nbsp;Osorno y el Puntiagudo.<\/p>\n<figure id=\"attachment_media-21\" aria-describedby=\"caption-attachment-media-21\" style=\"width: 4032px\" class=\"wp-caption alignnone\"><img loading=\"lazy\" decoding=\"async\" class=\"alignnone size-full wp-image-468\" src=\"https:\/\/homotheoreticus.files.wordpress.com\/2018\/08\/7_volcanes-desde-lopez2.jpg\" alt=\"7_volcanes desde lopez2.JPG\" width=\"4032\" height=\"2688\"><figcaption id=\"caption-attachment-media-21\" class=\"wp-caption-text\">Volcanes desde la cumbre del Cerro L\u00f3pez<\/figcaption><\/figure>\n<p>Luego de un descenso prolongado por pedrero, acced\u00ed a un peque\u00f1o mall\u00edn de altura, ideal para descansar y recuperar un poco las fuerzas. Luego viene el ascenso por el filo del Cerro Bailey Willis. Por momentos no se ve el sendero y uno camina guiado por las manchas rojas y los mojones, entre lajas puntiagudas. Hab\u00eda unos cuantos manchones de nieve, que cruc\u00e9 con la ayuda de los bastones.<\/p>\n<figure id=\"attachment_433\" aria-describedby=\"caption-attachment-433\" style=\"width: 3840px\" class=\"wp-caption alignnone\"><img loading=\"lazy\" decoding=\"async\" class=\"alignnone size-full wp-image-433\" src=\"https:\/\/homotheoreticus.files.wordpress.com\/2018\/08\/vista-de-lag-negra.png\" alt=\"Vista de Lag.Negra.png\" width=\"3840\" height=\"2160\" srcset=\"https:\/\/homotheoreticus.com\/wp-content\/uploads\/2018\/08\/vista-de-lag-negra.png 3840w, https:\/\/homotheoreticus.com\/wp-content\/uploads\/2018\/08\/vista-de-lag-negra-300x169.png 300w, https:\/\/homotheoreticus.com\/wp-content\/uploads\/2018\/08\/vista-de-lag-negra-1024x576.png 1024w, https:\/\/homotheoreticus.com\/wp-content\/uploads\/2018\/08\/vista-de-lag-negra-768x432.png 768w, https:\/\/homotheoreticus.com\/wp-content\/uploads\/2018\/08\/vista-de-lag-negra-1536x864.png 1536w, https:\/\/homotheoreticus.com\/wp-content\/uploads\/2018\/08\/vista-de-lag-negra-2048x1152.png 2048w, https:\/\/homotheoreticus.com\/wp-content\/uploads\/2018\/08\/vista-de-lag-negra-1568x882.png 1568w\" sizes=\"auto, (max-width: 3840px) 100vw, 3840px\" \/><figcaption id=\"caption-attachment-433\" class=\"wp-caption-text\">Llegando a la Laguna Negra<\/figcaption><\/figure>\n<p>Sobre el filo del Bailey Willis, el camino se bifurca: a la derecha la senda a Laguna CAB, a la izquierda la bajada a Laguna Negra. Mi objetivo por el momento era un descanso, as\u00ed que descend\u00ed a la laguna. El \u00faltimo tramo tiene bastante aventura, con trepada de manos y cuerda inclusive.<\/p>\n<p>Hab\u00eda &nbsp;turistas hablando en todos los idiomas. F\u00e1cilmente uno se hace amigos en estos lugares y es una buena oportunidad para compartir las an\u00e9cdotas recientes. Despu\u00e9s de charlar y tener una buena cena, me fui a descansar para la subida siguiente.<\/p>\n<h3>D\u00eda 9: de Laguna Negra a Laguna CAB (7,8 km)<\/h3>\n<p>Me levant\u00e9 tarde y disfrut\u00e9 un poco del lugar, mientras aprovechaba para cargar mis dispositivos electr\u00f3nicos en el refugio.&nbsp;Un refugiero nos explic\u00f3 a mi y a unos chicos, c\u00f3mo emprender la Traves\u00eda de las Cinco Lagunas, por d\u00f3nde descender, por d\u00f3nde ascender, por d\u00f3nde no hab\u00eda que meterse, por qu\u00e9 valles era f\u00e1cil perderse; todas valiosas indicaciones, muy lindas en papel, pero f\u00e1ciles de olvidar.<\/p>\n<p>Un chico se hab\u00eda perdido en la monta\u00f1a en aquellos d\u00edas y todo el mundo lo andaba buscando (por suerte apareci\u00f3, helic\u00f3ptero mediante). Una historia similar le ocurri\u00f3 a un se\u00f1or que estuvo cinco d\u00edas perdido en el mismo sendero. La traves\u00eda de las Cinco Lagunas es muy remota y la se\u00f1alizaci\u00f3n desaparece con frecuencia. Por eso tambi\u00e9n es tan emocionante; merece pasi\u00f3n y respeto.<\/p>\n<p>Desde lo alto del filo del Bailey Willis era posible visualizar todo el itinerario hasta la Laguna CAB. Luego de un descenso por pedrero, el camino atraviesa arroyos, ca\u00f1averales y troncos ca\u00eddos. En un momento el sendero se fusiona con un enorme cohiue ca\u00eddo, rodeado de ca\u00f1as, y hay que caminarlo a lo largo.<\/p>\n<figure id=\"attachment_447\" aria-describedby=\"caption-attachment-447\" style=\"width: 1920px\" class=\"wp-caption alignnone\"><img loading=\"lazy\" decoding=\"async\" class=\"alignnone size-full wp-image-447\" src=\"https:\/\/homotheoreticus.files.wordpress.com\/2018\/08\/vlcsnap-2018-08-28-23h24m21s750.png\" alt=\"vlcsnap-2018-08-28-23h24m21s750.png\" width=\"1920\" height=\"1080\" srcset=\"https:\/\/homotheoreticus.com\/wp-content\/uploads\/2018\/08\/vlcsnap-2018-08-28-23h24m21s750.png 1920w, https:\/\/homotheoreticus.com\/wp-content\/uploads\/2018\/08\/vlcsnap-2018-08-28-23h24m21s750-300x169.png 300w, https:\/\/homotheoreticus.com\/wp-content\/uploads\/2018\/08\/vlcsnap-2018-08-28-23h24m21s750-1024x576.png 1024w, https:\/\/homotheoreticus.com\/wp-content\/uploads\/2018\/08\/vlcsnap-2018-08-28-23h24m21s750-768x432.png 768w, https:\/\/homotheoreticus.com\/wp-content\/uploads\/2018\/08\/vlcsnap-2018-08-28-23h24m21s750-1536x864.png 1536w, https:\/\/homotheoreticus.com\/wp-content\/uploads\/2018\/08\/vlcsnap-2018-08-28-23h24m21s750-1568x882.png 1568w\" sizes=\"auto, (max-width: 1920px) 100vw, 1920px\" \/><figcaption id=\"caption-attachment-447\" class=\"wp-caption-text\">Nunca falta el agua<\/figcaption><\/figure>\n<p>La subida final a la Laguna CAB pasaba por un fen\u00f3meno natural que algunos llaman \u00abtoboganes\u00bb: grandes \u00e1reas de piedra s\u00f3lida al descubierto, sobre la que caen arroyos de monta\u00f1a. Ascendiendo por estos escenarios incre\u00edbles acced\u00ed a la laguna.<\/p>\n<p>La laguna estaba muy crecida por el deshielo y hab\u00eda tapado la playa. No era posible bordearla, as\u00ed que decid\u00ed cruzarla caminando antes de que me agarrara la noche.<\/p>\n<figure id=\"attachment_434\" aria-describedby=\"caption-attachment-434\" style=\"width: 3840px\" class=\"wp-caption alignnone\"><img loading=\"lazy\" decoding=\"async\" class=\"alignnone size-full wp-image-434\" src=\"https:\/\/homotheoreticus.files.wordpress.com\/2018\/08\/vlcsnap-2018-02-18-22h39m04s544.png\" alt=\"vlcsnap-2018-02-18-22h39m04s544.png\" width=\"3840\" height=\"2160\" srcset=\"https:\/\/homotheoreticus.com\/wp-content\/uploads\/2018\/08\/vlcsnap-2018-02-18-22h39m04s544.png 3840w, https:\/\/homotheoreticus.com\/wp-content\/uploads\/2018\/08\/vlcsnap-2018-02-18-22h39m04s544-300x169.png 300w, https:\/\/homotheoreticus.com\/wp-content\/uploads\/2018\/08\/vlcsnap-2018-02-18-22h39m04s544-1024x576.png 1024w, https:\/\/homotheoreticus.com\/wp-content\/uploads\/2018\/08\/vlcsnap-2018-02-18-22h39m04s544-768x432.png 768w, https:\/\/homotheoreticus.com\/wp-content\/uploads\/2018\/08\/vlcsnap-2018-02-18-22h39m04s544-1536x864.png 1536w, https:\/\/homotheoreticus.com\/wp-content\/uploads\/2018\/08\/vlcsnap-2018-02-18-22h39m04s544-2048x1152.png 2048w, https:\/\/homotheoreticus.com\/wp-content\/uploads\/2018\/08\/vlcsnap-2018-02-18-22h39m04s544-1568x882.png 1568w\" sizes=\"auto, (max-width: 3840px) 100vw, 3840px\" \/><figcaption id=\"caption-attachment-434\" class=\"wp-caption-text\">Vadeando la laguna CAB con las \u00faltimas horas del d\u00eda<\/figcaption><\/figure>\n<p>Del otro lado me dediqu\u00e9 a preparar la cena antes de ir a dormir. Los mosquitos estaban muy activos.<\/p>\n<h3>D\u00eda 10: de Laguna CAB a Laguna Il\u00f3n (17 km)<\/h3>\n<p>Al otro d\u00eda temprano, emprend\u00ed la subida al cerro CAB. El sendero se perd\u00eda en un mall\u00edn, para retomar en ascenso por el cause de un arroyo seco. Me hab\u00edan advertido que un sendero viejo conduc\u00eda entre lenguero achaparrado, pero que hab\u00eda sido tapado por la vegetaci\u00f3n, por lo que hay que estar atentos y evitarlo.<\/p>\n<figure id=\"attachment_media-138\" aria-describedby=\"caption-attachment-media-138\" style=\"width: 3840px\" class=\"wp-caption alignnone\"><img loading=\"lazy\" decoding=\"async\" class=\"alignnone size-full wp-image-448\" src=\"https:\/\/homotheoreticus.files.wordpress.com\/2018\/08\/vlcsnap-2018-08-28-23h26m51s092.png\" alt=\"vlcsnap-2018-08-28-23h26m51s092.png\" width=\"3840\" height=\"2160\" srcset=\"https:\/\/homotheoreticus.com\/wp-content\/uploads\/2018\/08\/vlcsnap-2018-08-28-23h26m51s092.png 3840w, https:\/\/homotheoreticus.com\/wp-content\/uploads\/2018\/08\/vlcsnap-2018-08-28-23h26m51s092-300x169.png 300w, https:\/\/homotheoreticus.com\/wp-content\/uploads\/2018\/08\/vlcsnap-2018-08-28-23h26m51s092-1024x576.png 1024w, https:\/\/homotheoreticus.com\/wp-content\/uploads\/2018\/08\/vlcsnap-2018-08-28-23h26m51s092-768x432.png 768w, https:\/\/homotheoreticus.com\/wp-content\/uploads\/2018\/08\/vlcsnap-2018-08-28-23h26m51s092-1536x864.png 1536w, https:\/\/homotheoreticus.com\/wp-content\/uploads\/2018\/08\/vlcsnap-2018-08-28-23h26m51s092-2048x1152.png 2048w, https:\/\/homotheoreticus.com\/wp-content\/uploads\/2018\/08\/vlcsnap-2018-08-28-23h26m51s092-1568x882.png 1568w\" sizes=\"auto, (max-width: 3840px) 100vw, 3840px\" \/><figcaption id=\"caption-attachment-media-138\" class=\"wp-caption-text\">Ni bien dejo atr\u00e1s la laguna CAB ya empieza otra &nbsp;subida<\/figcaption><\/figure>\n<p>Desde el filo era posible ver el valle del arroyo Uhueco a la derecha, que conduc\u00eda a una parte virgen e inaccesible del Nahuel Huapi, el Brazo Tristeza. Me advirtieron de no desviarme por aquel valle. Como si se tratara de las sirenas de la Odisea, la belleza del lugar era una trampa que hab\u00eda hecho perder a muchos caminantes.<\/p>\n<p>Superado el Mall\u00edn de las Vueltas, empez\u00f3 una de las mejores partes de toda la traves\u00eda: la subida por el Cerro de los Cristales. De nuevo tuve que pasar por gigantescos macizos de piedra, partes de pedrero y lajas puntiagudas.<\/p>\n<figure id=\"attachment_437\" aria-describedby=\"caption-attachment-437\" style=\"width: 3840px\" class=\"wp-caption alignnone\"><img loading=\"lazy\" decoding=\"async\" class=\"alignnone size-full wp-image-437\" src=\"https:\/\/homotheoreticus.files.wordpress.com\/2018\/08\/vlcsnap-2018-02-18-22h42m54s003.png\" alt=\"vlcsnap-2018-02-18-22h42m54s003.png\" width=\"3840\" height=\"2160\" srcset=\"https:\/\/homotheoreticus.com\/wp-content\/uploads\/2018\/08\/vlcsnap-2018-02-18-22h42m54s003.png 3840w, https:\/\/homotheoreticus.com\/wp-content\/uploads\/2018\/08\/vlcsnap-2018-02-18-22h42m54s003-300x169.png 300w, https:\/\/homotheoreticus.com\/wp-content\/uploads\/2018\/08\/vlcsnap-2018-02-18-22h42m54s003-1024x576.png 1024w, https:\/\/homotheoreticus.com\/wp-content\/uploads\/2018\/08\/vlcsnap-2018-02-18-22h42m54s003-768x432.png 768w, https:\/\/homotheoreticus.com\/wp-content\/uploads\/2018\/08\/vlcsnap-2018-02-18-22h42m54s003-1536x864.png 1536w\" sizes=\"auto, (max-width: 3840px) 100vw, 3840px\" \/><figcaption id=\"caption-attachment-437\" class=\"wp-caption-text\">Subiendo el Cerro Los Cristales<\/figcaption><\/figure>\n<p>Otra caracter\u00edstica era el paso obligatorio por enorme planchones de nieve. Ten\u00eda que ir a paso lento, aferr\u00e1ndome bien a los bastones de trekking, con los que tanteaba primero la profundidad de la nieve, para luego enterrar los pies. A veces el bast\u00f3n se hund\u00eda por completo y me ve\u00eda obligado a buscar una v\u00eda alternativa.<\/p>\n<figure id=\"attachment_media-148\" aria-describedby=\"caption-attachment-media-148\" style=\"width: 3840px\" class=\"wp-caption alignnone\"><img loading=\"lazy\" decoding=\"async\" class=\"alignnone size-full wp-image-450\" src=\"https:\/\/homotheoreticus.files.wordpress.com\/2018\/08\/vlcsnap-2018-08-28-23h27m54s662.png\" alt=\"vlcsnap-2018-08-28-23h27m54s662.png\" width=\"3840\" height=\"2160\" srcset=\"https:\/\/homotheoreticus.com\/wp-content\/uploads\/2018\/08\/vlcsnap-2018-08-28-23h27m54s662.png 3840w, https:\/\/homotheoreticus.com\/wp-content\/uploads\/2018\/08\/vlcsnap-2018-08-28-23h27m54s662-300x169.png 300w, https:\/\/homotheoreticus.com\/wp-content\/uploads\/2018\/08\/vlcsnap-2018-08-28-23h27m54s662-1024x576.png 1024w, https:\/\/homotheoreticus.com\/wp-content\/uploads\/2018\/08\/vlcsnap-2018-08-28-23h27m54s662-768x432.png 768w, https:\/\/homotheoreticus.com\/wp-content\/uploads\/2018\/08\/vlcsnap-2018-08-28-23h27m54s662-1536x864.png 1536w, https:\/\/homotheoreticus.com\/wp-content\/uploads\/2018\/08\/vlcsnap-2018-08-28-23h27m54s662-2048x1152.png 2048w, https:\/\/homotheoreticus.com\/wp-content\/uploads\/2018\/08\/vlcsnap-2018-08-28-23h27m54s662-1568x882.png 1568w\" sizes=\"auto, (max-width: 3840px) 100vw, 3840px\" \/><figcaption id=\"caption-attachment-media-148\" class=\"wp-caption-text\">No hay que fiarse demasiado en las huellas. El sol puede convertir la nieve en una pista de jab\u00f3n.<\/figcaption><\/figure>\n<p>Superado el filo del cerro, se puede contemplar la laguna Creton, apacible y alejada de la civilizaci\u00f3n. Detr\u00e1s de la laguna, una pared de piedra cae sobre la Laguna Azul, inaccesible desde esta v\u00eda.<\/p>\n<figure id=\"attachment_media-153\" aria-describedby=\"caption-attachment-media-153\" style=\"width: 3840px\" class=\"wp-caption alignnone\"><img loading=\"lazy\" decoding=\"async\" class=\"alignnone size-full wp-image-451\" src=\"https:\/\/homotheoreticus.files.wordpress.com\/2018\/08\/vlcsnap-2018-08-28-23h28m57s864.png\" alt=\"vlcsnap-2018-08-28-23h28m57s864.png\" width=\"3840\" height=\"2160\" srcset=\"https:\/\/homotheoreticus.com\/wp-content\/uploads\/2018\/08\/vlcsnap-2018-08-28-23h28m57s864.png 3840w, https:\/\/homotheoreticus.com\/wp-content\/uploads\/2018\/08\/vlcsnap-2018-08-28-23h28m57s864-300x169.png 300w, https:\/\/homotheoreticus.com\/wp-content\/uploads\/2018\/08\/vlcsnap-2018-08-28-23h28m57s864-1024x576.png 1024w, https:\/\/homotheoreticus.com\/wp-content\/uploads\/2018\/08\/vlcsnap-2018-08-28-23h28m57s864-768x432.png 768w, https:\/\/homotheoreticus.com\/wp-content\/uploads\/2018\/08\/vlcsnap-2018-08-28-23h28m57s864-1536x864.png 1536w, https:\/\/homotheoreticus.com\/wp-content\/uploads\/2018\/08\/vlcsnap-2018-08-28-23h28m57s864-2048x1152.png 2048w, https:\/\/homotheoreticus.com\/wp-content\/uploads\/2018\/08\/vlcsnap-2018-08-28-23h28m57s864-1568x882.png 1568w\" sizes=\"auto, (max-width: 3840px) 100vw, 3840px\" \/><figcaption id=\"caption-attachment-media-153\" class=\"wp-caption-text\">Laguna Creton. En la foto se ve la escalera de piedra maciza que conduce al siguiente paso.<\/figcaption><\/figure>\n<p>Me detuve a descansar un rato junto a la laguna Creton. Mientras com\u00eda un aperitivo, aprovech\u00e9 para secar las medias al sol. Continu\u00e9 la subida por el paso que conduce al Mall\u00edn de Ricardo. En el medio me encontr\u00e9 escondida a la Laguna Jujuy.<\/p>\n<figure id=\"attachment_436\" aria-describedby=\"caption-attachment-436\" style=\"width: 4032px\" class=\"wp-caption alignnone\"><img loading=\"lazy\" decoding=\"async\" class=\"alignnone size-full wp-image-436\" src=\"https:\/\/homotheoreticus.files.wordpress.com\/2018\/08\/23-1-18-17-40-17.jpg\" alt=\"23-1-18 17.40.17.jpg\" width=\"4032\" height=\"3024\"><figcaption id=\"caption-attachment-436\" class=\"wp-caption-text\">Laguna Jujuy, en un lugar oculto.<\/figcaption><\/figure>\n<p>A esta altura las \u00fanicas gu\u00edas eran algunas se\u00f1ales de pista hechas por la gente y los mojones de piedra. Nuevamente aparece el cerro Tronador, cada vez m\u00e1s imponente. La bajada por acarreo, conduce al Mall\u00edn de Ricardo, un \u00e1rea con peque\u00f1as lagunas y pampitas, rodeado de lenguero achaparrado.<\/p>\n<figure id=\"attachment_media-158\" aria-describedby=\"caption-attachment-media-158\" style=\"width: 3840px\" class=\"wp-caption alignnone\"><img loading=\"lazy\" decoding=\"async\" class=\"alignnone size-full wp-image-452\" src=\"https:\/\/homotheoreticus.files.wordpress.com\/2018\/08\/vlcsnap-2018-08-28-23h47m17s401.png\" alt=\"vlcsnap-2018-08-28-23h47m17s401.png\" width=\"3840\" height=\"2160\" srcset=\"https:\/\/homotheoreticus.com\/wp-content\/uploads\/2018\/08\/vlcsnap-2018-08-28-23h47m17s401.png 3840w, https:\/\/homotheoreticus.com\/wp-content\/uploads\/2018\/08\/vlcsnap-2018-08-28-23h47m17s401-300x169.png 300w, https:\/\/homotheoreticus.com\/wp-content\/uploads\/2018\/08\/vlcsnap-2018-08-28-23h47m17s401-1024x576.png 1024w, https:\/\/homotheoreticus.com\/wp-content\/uploads\/2018\/08\/vlcsnap-2018-08-28-23h47m17s401-768x432.png 768w, https:\/\/homotheoreticus.com\/wp-content\/uploads\/2018\/08\/vlcsnap-2018-08-28-23h47m17s401-1536x864.png 1536w, https:\/\/homotheoreticus.com\/wp-content\/uploads\/2018\/08\/vlcsnap-2018-08-28-23h47m17s401-2048x1152.png 2048w, https:\/\/homotheoreticus.com\/wp-content\/uploads\/2018\/08\/vlcsnap-2018-08-28-23h47m17s401-1568x882.png 1568w\" sizes=\"auto, (max-width: 3840px) 100vw, 3840px\" \/><figcaption id=\"caption-attachment-media-158\" class=\"wp-caption-text\">El mall\u00edn con mejor vista del mundo<\/figcaption><\/figure>\n<p>Aproximadamente una hora despu\u00e9s del descenso desde el \u00faltimo filo, aparece la Laguna Il\u00f3n, oculta entre el bosque de lengas. Un para\u00edso perdido con playa y una vista incre\u00edble al Cerro Tronador.<\/p>\n<figure id=\"attachment_438\" aria-describedby=\"caption-attachment-438\" style=\"width: 4032px\" class=\"wp-caption alignnone\"><img loading=\"lazy\" decoding=\"async\" class=\"alignnone size-full wp-image-438\" src=\"https:\/\/homotheoreticus.files.wordpress.com\/2018\/08\/9_carpa-en-ilon.jpg\" alt=\"9_carpa en ilon.JPG\" width=\"4032\" height=\"2688\"><figcaption id=\"caption-attachment-438\" class=\"wp-caption-text\">Acampando en Laguna Il\u00f3n<\/figcaption><\/figure>\n<p>El peque\u00f1o refugio Papa Manuel estaba destruido. Me encontr\u00e9 con unos acampantes que ven\u00edan del refugio Rocca. Ellos me informaron que el sendero al refugio era recomendable y estaba en buen estado. Dada esta nueva posibilidad, cambi\u00e9 los planes y la incorpor\u00e9 para el d\u00eda siguiente.<\/p>\n<h3>D\u00eda 11: de Laguna Il\u00f3n a Refugio Rocca (14 km)<\/h3>\n<p>Desde la playa de la laguna Il\u00f3n se accede a un sendero que se bifurca: un lado nos conduce a Pampa Linda, el otro al Refugio Rocca. La senda estaba muy bien se\u00f1alizada, con marcas celestes que recuerdan a la Huella Andina.<\/p>\n<figure id=\"attachment_453\" aria-describedby=\"caption-attachment-453\" style=\"width: 3840px\" class=\"wp-caption alignnone\"><img loading=\"lazy\" decoding=\"async\" class=\"alignnone size-full wp-image-453\" src=\"https:\/\/homotheoreticus.files.wordpress.com\/2018\/08\/vlcsnap-2018-08-28-23h30m28s985.png\" alt=\"vlcsnap-2018-08-28-23h30m28s985.png\" width=\"3840\" height=\"2160\" srcset=\"https:\/\/homotheoreticus.com\/wp-content\/uploads\/2018\/08\/vlcsnap-2018-08-28-23h30m28s985.png 3840w, https:\/\/homotheoreticus.com\/wp-content\/uploads\/2018\/08\/vlcsnap-2018-08-28-23h30m28s985-300x169.png 300w, https:\/\/homotheoreticus.com\/wp-content\/uploads\/2018\/08\/vlcsnap-2018-08-28-23h30m28s985-1024x576.png 1024w, https:\/\/homotheoreticus.com\/wp-content\/uploads\/2018\/08\/vlcsnap-2018-08-28-23h30m28s985-768x432.png 768w, https:\/\/homotheoreticus.com\/wp-content\/uploads\/2018\/08\/vlcsnap-2018-08-28-23h30m28s985-1536x864.png 1536w, https:\/\/homotheoreticus.com\/wp-content\/uploads\/2018\/08\/vlcsnap-2018-08-28-23h30m28s985-2048x1152.png 2048w, https:\/\/homotheoreticus.com\/wp-content\/uploads\/2018\/08\/vlcsnap-2018-08-28-23h30m28s985-1568x882.png 1568w\" sizes=\"auto, (max-width: 3840px) 100vw, 3840px\" \/><figcaption id=\"caption-attachment-453\" class=\"wp-caption-text\">Sendero al Refugio Rocca.<\/figcaption><\/figure>\n<p>El sendero no figura en los mapas. Era una antigua ruta abandonada, conocida como el \u00abPaso de La Marca\u00bb. Dada su restauraci\u00f3n reciente, el sendero ahora est\u00e1 en excelente estado. Tiene dos momentos de ascenso pronunciado, donde supera el l\u00edmite de la vegetaci\u00f3n.<\/p>\n<p><img class=\"alignnone size-full wp-image-media-173\"><\/p>\n<figure id=\"attachment_455\" aria-describedby=\"caption-attachment-455\" style=\"width: 3840px\" class=\"wp-caption alignnone\"><img loading=\"lazy\" decoding=\"async\" class=\"alignnone size-full wp-image-455\" src=\"https:\/\/homotheoreticus.files.wordpress.com\/2018\/08\/vlcsnap-2018-08-28-23h31m08s617.png\" alt=\"vlcsnap-2018-08-28-23h31m08s617.png\" width=\"3840\" height=\"2160\" srcset=\"https:\/\/homotheoreticus.com\/wp-content\/uploads\/2018\/08\/vlcsnap-2018-08-28-23h31m08s617.png 3840w, https:\/\/homotheoreticus.com\/wp-content\/uploads\/2018\/08\/vlcsnap-2018-08-28-23h31m08s617-300x169.png 300w, https:\/\/homotheoreticus.com\/wp-content\/uploads\/2018\/08\/vlcsnap-2018-08-28-23h31m08s617-1024x576.png 1024w, https:\/\/homotheoreticus.com\/wp-content\/uploads\/2018\/08\/vlcsnap-2018-08-28-23h31m08s617-768x432.png 768w, https:\/\/homotheoreticus.com\/wp-content\/uploads\/2018\/08\/vlcsnap-2018-08-28-23h31m08s617-1536x864.png 1536w, https:\/\/homotheoreticus.com\/wp-content\/uploads\/2018\/08\/vlcsnap-2018-08-28-23h31m08s617-2048x1152.png 2048w, https:\/\/homotheoreticus.com\/wp-content\/uploads\/2018\/08\/vlcsnap-2018-08-28-23h31m08s617-1568x882.png 1568w\" sizes=\"auto, (max-width: 3840px) 100vw, 3840px\" \/><figcaption id=\"caption-attachment-455\" class=\"wp-caption-text\">Subidas por el Paso de la Marca<\/figcaption><\/figure>\n<p>Un detalle no menor de aquella jornada: fue el d\u00eda con mayor cantidad de t\u00e1banos de toda la traves\u00eda. Con esto aprend\u00ed que hay d\u00edas especiales con super poblaci\u00f3n de este insecto. De esta experiencia desagradable pude extraer varias conclusiones:<\/p>\n<ol>\n<li>Los t\u00e1banos son criaturas que te siguen. Son casi siempre los mismos, que nunca te abandonan. Te siguen kil\u00f3metros y kil\u00f3metros.<\/li>\n<li>Habitan en las zonas h\u00famedas, por ejemplo, los mallines. Hay que identificar d\u00f3nde est\u00e1n y d\u00f3nde no. En otras palabras: d\u00f3nde te empiezan a seguir.<\/li>\n<li>Arriba del l\u00edmite de vegetaci\u00f3n, en las zonas de pedrero o macizos, donde pega el viento, no habitan los t\u00e1banos. Si los hay, es porque te ven\u00edan siguiendo. Entonces es una gran oportunidad para matarlos uno por uno.<\/li>\n<li>Hay una forma de dejar atr\u00e1s los t\u00e1banos: hay que internarse en el bosque de lengas achaparradas (cuanto m\u00e1s cerrado mejor) y empezar a correr. As\u00ed los t\u00e1banos quedan atr\u00e1s entre las ramas. Funciona, pero es agotador.<\/li>\n<\/ol>\n<figure id=\"attachment_461\" aria-describedby=\"caption-attachment-461\" style=\"width: 4032px\" class=\"wp-caption alignnone\"><img loading=\"lazy\" decoding=\"async\" class=\"alignnone size-full wp-image-461\" src=\"https:\/\/homotheoreticus.files.wordpress.com\/2018\/08\/10_camino-al-roca.jpg\" alt=\"10_camino al roca.JPG\" width=\"4032\" height=\"2688\"><figcaption id=\"caption-attachment-461\" class=\"wp-caption-text\">Vista al Cerro Tronador desde el Paso de la Marca<\/figcaption><\/figure>\n<p>Dejando de lado la an\u00e9cdota de los insufribles t\u00e1banos, todo este sendero es de gran belleza. Lo m\u00e1s espectacular es descubrir con cada ascenso el Cerro Tronador y sus glaciares, cada vez m\u00e1s de cerca.<\/p>\n<p>Tras pasar por un mall\u00edn y hacer la t\u00edpica subida en caracol, se accede al Refugio Rocca.&nbsp;El refugio es bastante elegante y moderno. Como de costumbre, arm\u00e9 la carpa, pero disfrut\u00e9 de unas buenas charlas con los refugieros. Ni bien llegu\u00e9 me ofrecieron mate y me convidaron galletitas, cosa que suma muchas estrellas al \u00abrating\u00bb.<\/p>\n<figure id=\"attachment_443\" aria-describedby=\"caption-attachment-443\" style=\"width: 4032px\" class=\"wp-caption alignnone\"><img loading=\"lazy\" decoding=\"async\" class=\"alignnone size-full wp-image-443\" src=\"https:\/\/homotheoreticus.files.wordpress.com\/2018\/08\/10_paso-de-las-nubes.jpg\" alt=\"10_paso de las nubes.JPG\" width=\"4032\" height=\"2688\"><figcaption id=\"caption-attachment-443\" class=\"wp-caption-text\">Vista del Lago Fr\u00edas desde el Paso de las Nubes<\/figcaption><\/figure>\n<p>Desde el \u00e1rea en la que est\u00e1 emplazado el refugio se puede acceder a las cascadas que caen del Tronador. En otra direcci\u00f3n est\u00e1 el valle que conduce al Lago Fr\u00edas. Un excelente punto para finalizar la jornada, ideal para disfrutar de un atardecer en el Paso de las Nubes.<\/p>\n<h3>D\u00eda 12: del Refugio Rocca a Pampa Linda, pasando por el Refugio Otto Meilling (31,4 km)<\/h3>\n<p><em>NOTA: el sendero sin desviarse al refufio Otto Meilling tiene una extensi\u00f3n de 14,3 km.<\/em><\/p>\n<p>Ya que estaba cerca decid\u00ed hacer un desv\u00edo hasta el Refugio Otto Meiling, en lugar de bajar directo a Pampa Linda.&nbsp;Sal\u00ed temprano por la senda que bordea el R\u00edo Alerce. El sendero pasa por bosque muy tupido, pantanos y tramos de ca\u00f1averal. Prestaba atenci\u00f3n para lograr observar alg\u00fan alerce en el bosque de enfrente. Son \u00e1rboles rar\u00edsimos y siempre est\u00e1n en zonas dif\u00edcil acceso.<\/p>\n<figure id=\"attachment_446\" aria-describedby=\"caption-attachment-446\" style=\"width: 4032px\" class=\"wp-caption alignnone\"><img loading=\"lazy\" decoding=\"async\" class=\"alignnone size-full wp-image-446\" src=\"https:\/\/homotheoreticus.files.wordpress.com\/2018\/08\/11_buscando-alerces4.jpg\" alt=\"11_buscando alerces4.JPG\" width=\"4032\" height=\"2688\"><figcaption id=\"caption-attachment-446\" class=\"wp-caption-text\">Bosque con algunos alerces<\/figcaption><\/figure>\n<p>El agua del R\u00edo Alerce era \u00ablechosa\u00bb, con sedimentaci\u00f3n que le daba un color celeste. Esto es caracter\u00edsticos de los r\u00edos que se alimentan de glaciares.<\/p>\n<figure id=\"attachment_454\" aria-describedby=\"caption-attachment-454\" style=\"width: 3840px\" class=\"wp-caption alignnone\"><img loading=\"lazy\" decoding=\"async\" class=\"alignnone size-full wp-image-454\" src=\"https:\/\/homotheoreticus.files.wordpress.com\/2018\/08\/vlcsnap-2018-08-28-23h32m54s335.png\" alt=\"vlcsnap-2018-08-28-23h32m54s335.png\" width=\"3840\" height=\"2160\" srcset=\"https:\/\/homotheoreticus.com\/wp-content\/uploads\/2018\/08\/vlcsnap-2018-08-28-23h32m54s335.png 3840w, https:\/\/homotheoreticus.com\/wp-content\/uploads\/2018\/08\/vlcsnap-2018-08-28-23h32m54s335-300x169.png 300w, https:\/\/homotheoreticus.com\/wp-content\/uploads\/2018\/08\/vlcsnap-2018-08-28-23h32m54s335-1024x576.png 1024w, https:\/\/homotheoreticus.com\/wp-content\/uploads\/2018\/08\/vlcsnap-2018-08-28-23h32m54s335-768x432.png 768w, https:\/\/homotheoreticus.com\/wp-content\/uploads\/2018\/08\/vlcsnap-2018-08-28-23h32m54s335-1536x864.png 1536w, https:\/\/homotheoreticus.com\/wp-content\/uploads\/2018\/08\/vlcsnap-2018-08-28-23h32m54s335-2048x1152.png 2048w, https:\/\/homotheoreticus.com\/wp-content\/uploads\/2018\/08\/vlcsnap-2018-08-28-23h32m54s335-1568x882.png 1568w\" sizes=\"auto, (max-width: 3840px) 100vw, 3840px\" \/><figcaption id=\"caption-attachment-454\" class=\"wp-caption-text\">Trucha saltando en el r\u00edo Alerce<\/figcaption><\/figure>\n<p>Luego del desv\u00edo al Otto Meiling comenzaba un largo ascenso hasta la base del Cerro Tronador. La subida de varias horas hasta el lenguero achaparrado, iba por una huella vehicular, sin nada especial. Luego viene el \u00abcaracol\u00bb, bastante m\u00e1s demandante. Superado el l\u00edmite de vegetaci\u00f3n todo se transforma: parece como si de pronto uno estuviera caminando sobre otro plantea, en medio de un inmenso pedrero volc\u00e1nico, con los glaciares del Tronador al fondo del escenario. El viento helado obliga a abrigarse.&nbsp;El sendero pasa bordeando un precipicio abrupto.<\/p>\n<figure id=\"attachment_456\" aria-describedby=\"caption-attachment-456\" style=\"width: 3840px\" class=\"wp-caption alignnone\"><img loading=\"lazy\" decoding=\"async\" class=\"alignnone size-full wp-image-456\" src=\"https:\/\/homotheoreticus.files.wordpress.com\/2018\/08\/vlcsnap-2018-08-28-23h34m41s937.png\" alt=\"vlcsnap-2018-08-28-23h34m41s937.png\" width=\"3840\" height=\"2160\" srcset=\"https:\/\/homotheoreticus.com\/wp-content\/uploads\/2018\/08\/vlcsnap-2018-08-28-23h34m41s937.png 3840w, https:\/\/homotheoreticus.com\/wp-content\/uploads\/2018\/08\/vlcsnap-2018-08-28-23h34m41s937-300x169.png 300w, https:\/\/homotheoreticus.com\/wp-content\/uploads\/2018\/08\/vlcsnap-2018-08-28-23h34m41s937-1024x576.png 1024w, https:\/\/homotheoreticus.com\/wp-content\/uploads\/2018\/08\/vlcsnap-2018-08-28-23h34m41s937-768x432.png 768w, https:\/\/homotheoreticus.com\/wp-content\/uploads\/2018\/08\/vlcsnap-2018-08-28-23h34m41s937-1536x864.png 1536w, https:\/\/homotheoreticus.com\/wp-content\/uploads\/2018\/08\/vlcsnap-2018-08-28-23h34m41s937-2048x1152.png 2048w, https:\/\/homotheoreticus.com\/wp-content\/uploads\/2018\/08\/vlcsnap-2018-08-28-23h34m41s937-1568x882.png 1568w\" sizes=\"auto, (max-width: 3840px) 100vw, 3840px\" \/><figcaption id=\"caption-attachment-456\" class=\"wp-caption-text\">Subiendo por el pedrero volc\u00e1nico hacia la base del Cerro Tronador<\/figcaption><\/figure>\n<p>El ascenso final fue una de las mejores experiencias de toda la traves\u00eda. Debo mencionar, para quienes no conocen, que el Cerro Tronador es un volc\u00e1n inactivo por los glaciares que cubren el cr\u00e1ter.<\/p>\n<figure id=\"attachment_458\" aria-describedby=\"caption-attachment-458\" style=\"width: 3840px\" class=\"wp-caption alignnone\"><img loading=\"lazy\" decoding=\"async\" class=\"alignnone size-full wp-image-458\" src=\"https:\/\/homotheoreticus.files.wordpress.com\/2018\/08\/vlcsnap-2018-08-28-23h34m57s356.png\" alt=\"vlcsnap-2018-08-28-23h34m57s356.png\" width=\"3840\" height=\"2160\" srcset=\"https:\/\/homotheoreticus.com\/wp-content\/uploads\/2018\/08\/vlcsnap-2018-08-28-23h34m57s356.png 3840w, https:\/\/homotheoreticus.com\/wp-content\/uploads\/2018\/08\/vlcsnap-2018-08-28-23h34m57s356-300x169.png 300w, https:\/\/homotheoreticus.com\/wp-content\/uploads\/2018\/08\/vlcsnap-2018-08-28-23h34m57s356-1024x576.png 1024w, https:\/\/homotheoreticus.com\/wp-content\/uploads\/2018\/08\/vlcsnap-2018-08-28-23h34m57s356-768x432.png 768w, https:\/\/homotheoreticus.com\/wp-content\/uploads\/2018\/08\/vlcsnap-2018-08-28-23h34m57s356-1536x864.png 1536w, https:\/\/homotheoreticus.com\/wp-content\/uploads\/2018\/08\/vlcsnap-2018-08-28-23h34m57s356-2048x1152.png 2048w, https:\/\/homotheoreticus.com\/wp-content\/uploads\/2018\/08\/vlcsnap-2018-08-28-23h34m57s356-1568x882.png 1568w\" sizes=\"auto, (max-width: 3840px) 100vw, 3840px\" \/><figcaption id=\"caption-attachment-458\" class=\"wp-caption-text\">Tramos de nieve que a\u00f1aden dosis de aventura<\/figcaption><\/figure>\n<p>El refugio Otto Meiling es totalmente diferente al resto. Su estructura met\u00e1lica, carcomida y despintada, resiste a los climas m\u00e1s extremos. Durante el invierno, el refugio queda totalmente sepultado bajo la nieve.<\/p>\n<figure id=\"attachment_445\" aria-describedby=\"caption-attachment-445\" style=\"width: 4032px\" class=\"wp-caption alignnone\"><img loading=\"lazy\" decoding=\"async\" class=\"alignnone size-full wp-image-445\" src=\"https:\/\/homotheoreticus.files.wordpress.com\/2018\/08\/11_otto-meiling2.jpg\" alt=\"11_otto meiling2.JPG\" width=\"4032\" height=\"3024\"><figcaption id=\"caption-attachment-445\" class=\"wp-caption-text\">Llegando al Refugio Otto Meilling<\/figcaption><\/figure>\n<p>El desv\u00edo vali\u00f3 la pena. Pude descansar una hora, mientras disfrutaba de la vista a los glaciares del Cerro Tronador. Se pod\u00eda o\u00edr las cascadas lejanas que brotaban del hielo y se estrellaban contra el fondo del precipicio.<\/p>\n<figure id=\"attachment_457\" aria-describedby=\"caption-attachment-457\" style=\"width: 4032px\" class=\"wp-caption alignnone\"><img loading=\"lazy\" decoding=\"async\" class=\"alignnone size-full wp-image-457\" src=\"https:\/\/homotheoreticus.files.wordpress.com\/2018\/08\/11_otto-meiling.jpg\" alt=\"11_otto meiling.JPG\" width=\"4032\" height=\"2688\"><figcaption id=\"caption-attachment-457\" class=\"wp-caption-text\">Descanso en la base del Tronador<\/figcaption><\/figure>\n<p>Baj\u00e9 en el mismo d\u00eda a Pampa Linda. Pr\u00e1cticamente al trote, llegu\u00e9 justo a las 21 hs, antes de que cayera la noche. Siempre que puedo hago el registro de trekking, as\u00ed que ni bien llegu\u00e9 di aviso a la seccional de guardaparque.<\/p>\n<p>Una ducha caliente y una hamburguesa en el camping &nbsp;CAB fueron mi recompensa al final de esta jornada agotadora.<\/p>\n<figure id=\"attachment_media-197\" aria-describedby=\"caption-attachment-media-197\" style=\"width: 3840px\" class=\"wp-caption alignnone\"><img loading=\"lazy\" decoding=\"async\" class=\"alignnone size-full wp-image-459\" src=\"https:\/\/homotheoreticus.files.wordpress.com\/2018\/08\/vlcsnap-2018-08-28-23h35m18s144.png\" alt=\"vlcsnap-2018-08-28-23h35m18s144.png\" width=\"3840\" height=\"2160\" srcset=\"https:\/\/homotheoreticus.com\/wp-content\/uploads\/2018\/08\/vlcsnap-2018-08-28-23h35m18s144.png 3840w, https:\/\/homotheoreticus.com\/wp-content\/uploads\/2018\/08\/vlcsnap-2018-08-28-23h35m18s144-300x169.png 300w, https:\/\/homotheoreticus.com\/wp-content\/uploads\/2018\/08\/vlcsnap-2018-08-28-23h35m18s144-1024x576.png 1024w, https:\/\/homotheoreticus.com\/wp-content\/uploads\/2018\/08\/vlcsnap-2018-08-28-23h35m18s144-768x432.png 768w, https:\/\/homotheoreticus.com\/wp-content\/uploads\/2018\/08\/vlcsnap-2018-08-28-23h35m18s144-1536x864.png 1536w, https:\/\/homotheoreticus.com\/wp-content\/uploads\/2018\/08\/vlcsnap-2018-08-28-23h35m18s144-2048x1152.png 2048w, https:\/\/homotheoreticus.com\/wp-content\/uploads\/2018\/08\/vlcsnap-2018-08-28-23h35m18s144-1568x882.png 1568w\" sizes=\"auto, (max-width: 3840px) 100vw, 3840px\" \/><figcaption id=\"caption-attachment-media-197\" class=\"wp-caption-text\">No hay que sufrir en las vacaciones<\/figcaption><\/figure>\n<h3>D\u00eda 13: descanso (0 km)<\/h3>\n<p>Al d\u00eda siguiente no hice nada, salvo comprar comida. Pampa Linda no es un lugar atractivo en s\u00ed, sino un punto de partida para distintas excursiones. As\u00ed que me dediqu\u00e9 a lavar la ropa, descansar, tomar mate y entablar conversaci\u00f3n con otros seres humanos. Cuesta estar quieto cuando uno se acostumbra a caminar las 24 hs del d\u00eda.<\/p>\n<p>A pocos kil\u00f3metros, un sendero de monta\u00f1a conduc\u00eda al l\u00edmite con Chile. Me esperaba al d\u00eda siguiente el temible Paso de los Vuriloches.<\/p>\n<p><em><a href=\"https:\/\/homotheoreticus.wordpress.com\/2018\/10\/28\/vuelta-del-zorro-tercera-parte\/\">Continuar leyendo la tercera parte<\/a>&nbsp;<\/em><\/p>\n<p><a href=\"https:\/\/homotheoreticus.wordpress.com\/2018\/08\/19\/la-vuelta-del-zorro-de-la-estepa-patagonica-al-oceano-pacifico\/\">Volver a la Primera Parte<\/a><\/p>\n","protected":false},"excerpt":{"rendered":"<p>En esta segunda parte de la Vuelta del Zorro, describo el recorrido que une Colonia Suiza con Pampa Linda, conocido como la \u00abTraves\u00eda de las (\u2026)<\/p>\n","protected":false},"author":2,"featured_media":472,"comment_status":"open","ping_status":"open","sticky":false,"template":"","format":"standard","meta":{"om_disable_all_campaigns":false,"_monsterinsights_skip_tracking":false,"_monsterinsights_sitenote_active":false,"_monsterinsights_sitenote_note":"","_monsterinsights_sitenote_category":0,"_uf_show_specific_survey":0,"_uf_disable_surveys":false,"cybocfi_hide_featured_image":"","footnotes":""},"categories":[1,2,8],"tags":[],"class_list":["post-419","post","type-post","status-publish","format-standard","has-post-thumbnail","hentry","category-sin-categoria","category-travesias","category-vuelta-del-zorro-vzt"],"aioseo_notices":[],"_links":{"self":[{"href":"https:\/\/homotheoreticus.com\/index.php\/wp-json\/wp\/v2\/posts\/419","targetHints":{"allow":["GET"]}}],"collection":[{"href":"https:\/\/homotheoreticus.com\/index.php\/wp-json\/wp\/v2\/posts"}],"about":[{"href":"https:\/\/homotheoreticus.com\/index.php\/wp-json\/wp\/v2\/types\/post"}],"author":[{"embeddable":true,"href":"https:\/\/homotheoreticus.com\/index.php\/wp-json\/wp\/v2\/users\/2"}],"replies":[{"embeddable":true,"href":"https:\/\/homotheoreticus.com\/index.php\/wp-json\/wp\/v2\/comments?post=419"}],"version-history":[{"count":0,"href":"https:\/\/homotheoreticus.com\/index.php\/wp-json\/wp\/v2\/posts\/419\/revisions"}],"wp:featuredmedia":[{"embeddable":true,"href":"https:\/\/homotheoreticus.com\/index.php\/wp-json\/wp\/v2\/media\/472"}],"wp:attachment":[{"href":"https:\/\/homotheoreticus.com\/index.php\/wp-json\/wp\/v2\/media?parent=419"}],"wp:term":[{"taxonomy":"category","embeddable":true,"href":"https:\/\/homotheoreticus.com\/index.php\/wp-json\/wp\/v2\/categories?post=419"},{"taxonomy":"post_tag","embeddable":true,"href":"https:\/\/homotheoreticus.com\/index.php\/wp-json\/wp\/v2\/tags?post=419"}],"curies":[{"name":"wp","href":"https:\/\/api.w.org\/{rel}","templated":true}]}}