{"id":4291,"date":"2025-06-08T23:59:46","date_gmt":"2025-06-08T23:59:46","guid":{"rendered":"https:\/\/homotheoreticus.com\/?p=4291"},"modified":"2025-06-21T03:22:24","modified_gmt":"2025-06-21T03:22:24","slug":"rhea-2p-la-carpa-que-cambio-mis-travesias","status":"publish","type":"post","link":"https:\/\/homotheoreticus.com\/index.php\/2025\/06\/08\/rhea-2p-la-carpa-que-cambio-mis-travesias\/","title":{"rendered":"Rhea 2P: la carpa que cambi\u00f3 mis traves\u00edas"},"content":{"rendered":"\n<p><em>Aclaraci\u00f3n: la rese\u00f1a corresponde a la primera versi\u00f3n (2021) de la carpa Rhea 2P. Actualmente (2025) esta ha recibido peque\u00f1as modificaciones: tiene vest\u00edbulos m\u00e1s amplios y mejor protecci\u00f3n frente al viento y la lluvia, entre otros detalles.<\/em><\/p>\n\n\n\n<h2 class=\"wp-block-heading\">Rese\u00f1a<\/h2>\n\n\n\n<p>Desde 2021, la Signa Naturae Rhea 2 se convirti\u00f3 en mi carpa \u00abtitular\u00bb para las traves\u00edas. Pesa 700 gramos. No solo alivia la carga en excursiones largas, sino que su m\u00ednimo volumen al compactarla hace que sea f\u00e1cil de guardar, liberando espacio crucial en la mochila.<\/p>\n\n\n\n<p>El armado, aunque requiere de 3 o 4 intentos para dominar la t\u00e9cnica, se vuelve un proceso r\u00e1pido y eficiente una vez que se le toma la mano. De hecho, una vez que la conoc\u00e9s, el tiempo de armado es menor a 5 minutos.<\/p>\n\n\n\n<figure class=\"wp-block-image size-full\"><img loading=\"lazy\" decoding=\"async\" width=\"939\" height=\"702\" src=\"https:\/\/homotheoreticus.com\/wp-content\/uploads\/2025\/06\/Franco-di-Prinzio-2-1.png\" alt=\"\" class=\"wp-image-4302\" style=\"aspect-ratio:16\/9;object-fit:cover\" srcset=\"https:\/\/homotheoreticus.com\/wp-content\/uploads\/2025\/06\/Franco-di-Prinzio-2-1.png 939w, https:\/\/homotheoreticus.com\/wp-content\/uploads\/2025\/06\/Franco-di-Prinzio-2-1-300x224.png 300w, https:\/\/homotheoreticus.com\/wp-content\/uploads\/2025\/06\/Franco-di-Prinzio-2-1-768x574.png 768w, https:\/\/homotheoreticus.com\/wp-content\/uploads\/2025\/06\/Franco-di-Prinzio-2-1-401x300.png 401w\" sizes=\"auto, (max-width: 939px) 100vw, 939px\" \/><\/figure>\n\n\n\n<p>Se arma con bastones. Al no ser autoportante, su estabilidad depende de la tensi\u00f3n adecuada de las estacas y vientos. Esto significa que la elecci\u00f3n del lugar es fundamental: terrenos inclinados o con suelos extremadamente duros (donde es dif\u00edcil clavar las estacas) pueden dificultar el armado. Mi recomendaci\u00f3n es siempre buscar lugares planos o con poca pendiente y con un suelo amigable para las estacas. El desarmado, por su parte, es siempre muy r\u00e1pido y sencillo.<\/p>\n\n\n\n<p>Es realmente grande, permitiendo que dos personas est\u00e9n sin esa sensaci\u00f3n de encierro. Adem\u00e1s, al ser bastante alta, minimiza significativamente la condensaci\u00f3n, un problema com\u00fan en carpas m\u00e1s peque\u00f1as y sobre todo en las monocapa. A ambos lados, cuenta con vest\u00edbulos laterales que, si bien no son extremadamente amplios, son suficientes para guardar botas y otros objetos peque\u00f1os.<\/p>\n\n\n\n<figure class=\"wp-block-image size-full\"><img loading=\"lazy\" decoding=\"async\" width=\"939\" height=\"702\" src=\"https:\/\/homotheoreticus.com\/wp-content\/uploads\/2025\/06\/Franco-di-Prinzio-1-1.png\" alt=\"\" class=\"wp-image-4303\" style=\"aspect-ratio:16\/9;object-fit:cover\" srcset=\"https:\/\/homotheoreticus.com\/wp-content\/uploads\/2025\/06\/Franco-di-Prinzio-1-1.png 939w, https:\/\/homotheoreticus.com\/wp-content\/uploads\/2025\/06\/Franco-di-Prinzio-1-1-300x224.png 300w, https:\/\/homotheoreticus.com\/wp-content\/uploads\/2025\/06\/Franco-di-Prinzio-1-1-768x574.png 768w, https:\/\/homotheoreticus.com\/wp-content\/uploads\/2025\/06\/Franco-di-Prinzio-1-1-401x300.png 401w\" sizes=\"auto, (max-width: 939px) 100vw, 939px\" \/><\/figure>\n\n\n\n<p>La posibilidad de regular su altura es una gran caracter\u00edstica, que la utilizo para optimizar la ventilaci\u00f3n seg\u00fan las condiciones clim\u00e1ticas, ya sea para mayor flujo de aire en noches c\u00e1lidas o para cerrarla un poco en d\u00edas m\u00e1s frescos, ventosos o con lluvia.<\/p>\n\n\n\n<p>Los materiales de construcci\u00f3n son resistentes y duraderos. Despu\u00e9s de m\u00faltiples viajes y exigencias, la carpa se mantiene pr\u00e1cticamente como nueva, sin mostrar se\u00f1ales de desgaste en sus cierres, costuras o sistemas de amarre. Un detalle que realmente me sorprendi\u00f3 por su funcionalidad y durabilidad fue el sistema de anclaje de las puertas, que permite una regulaci\u00f3n a medida y se ha mantenido impecable a lo largo del tiempo.<\/p>\n\n\n\n<p>En cuanto a la lluvia, en condiciones normales nunca me ha pasado una sola gota, pero no la he probado en situaciones de tormenta.<\/p>\n\n\n\n<p>Respecto al viento, siempre intento armarla en lugares reparados, por lo que no la he expuesto a vientos extremadamente fuertes.<\/p>\n\n\n\n<p>Despu\u00e9s de haber probado una gran variedad de carpas de distintas caracter\u00edsticas (autoportantes, con varillas), puedo decir que este tipo de carpas ultralivianas es la que cumple con las caracter\u00edsticas que m\u00e1s valoro a la hora de realizar senderismo (ligereza, facilidad de armado y transporte, adecuada impermeabilidad). Es la carpa que mejor se adecua a mis viajes, sobre todo en baja altitud y lugares boscosos, como la mayor parte de la Patagonia cordillerana. Pude realizar traves\u00edas por zonas como Bariloche, El Bols\u00f3n y el norte de Chubut sin ning\u00fan tipo de problema.<\/p>\n\n\n\n<p>Es fundamental comprender que su \u00f3ptimo rendimiento se logra con un uso inteligente y una elecci\u00f3n adecuada del sitio de armado. Es ideal para personas con algo de experiencia. No es la mejor opci\u00f3n para viajes en los que predominen condiciones clim\u00e1ticas extremas, lugares sin reparo o terrenos muy irregulares que dificulten el anclaje.<\/p>\n\n\n\n<figure class=\"wp-block-image size-full\"><img loading=\"lazy\" decoding=\"async\" width=\"939\" height=\"706\" src=\"https:\/\/homotheoreticus.com\/wp-content\/uploads\/2025\/06\/Franco-di-Prinzio-4.png\" alt=\"\" class=\"wp-image-4304\" style=\"aspect-ratio:16\/9;object-fit:cover\" srcset=\"https:\/\/homotheoreticus.com\/wp-content\/uploads\/2025\/06\/Franco-di-Prinzio-4.png 939w, https:\/\/homotheoreticus.com\/wp-content\/uploads\/2025\/06\/Franco-di-Prinzio-4-300x226.png 300w, https:\/\/homotheoreticus.com\/wp-content\/uploads\/2025\/06\/Franco-di-Prinzio-4-768x577.png 768w, https:\/\/homotheoreticus.com\/wp-content\/uploads\/2025\/06\/Franco-di-Prinzio-4-399x300.png 399w\" sizes=\"auto, (max-width: 939px) 100vw, 939px\" \/><\/figure>\n\n\n\n<div style=\"height:54px\" aria-hidden=\"true\" class=\"wp-block-spacer\"><\/div>\n\n\n\n<figure class=\"wp-block-riovizual-prosandcons alignwide is-align-center rv_pac-8d797866-0a0c-4f7b-b4e6-8acfea94ecb0 is-vertical-on-mobile\"><div class=\"rv_pac-wrapper\"><div class=\"rv_pac-row\"><div class=\"rv_pac-pros-wrapper\"><div class=\"rv_pac-pros\"><div class=\"rv_pac-header\"><div class=\"rv_pac-header-item\"><div class=\"rv_pac-item-content\"><div class=\"rv_pac-item-text rv_pac-item-title\">Aspectos positivos<\/div><\/div><\/div><\/div><div class=\"rv_pac-body\"><ul class=\"rv_pac-body-items\"><li class=\"rv_pac-body-item rv_body-icon-before\"><div class=\"rv_pac-item-icon\"><svg aria-hidden=\"true\" focusable=\"false\" data-prefix=\"fas\" data-icon=\"circle-check\" class=\"svg-inline--fa fa-circle-check \" role=\"img\" xmlns=\"http:\/\/www.w3.org\/2000\/svg\" viewBox=\"0 0 512 512\"><path fill=\"currentColor\" d=\"M256 512A256 256 0 1 0 256 0a256 256 0 1 0 0 512zM369 209L241 337c-9.4 9.4-24.6 9.4-33.9 0l-64-64c-9.4-9.4-9.4-24.6 0-33.9s24.6-9.4 33.9 0l47 47L335 175c9.4-9.4 24.6-9.4 33.9 0s9.4 24.6 0 33.9z\"><\/path><\/svg><\/div><div class=\"rv_pac-item-content\"><div class=\"rv_pac-item-text rv_pac-item-title\">Liviana.<\/div><\/div><\/li><li class=\"rv_pac-body-item rv_body-icon-before\"><div class=\"rv_pac-item-icon\"><svg aria-hidden=\"true\" focusable=\"false\" data-prefix=\"fas\" data-icon=\"circle-check\" class=\"svg-inline--fa fa-circle-check \" role=\"img\" xmlns=\"http:\/\/www.w3.org\/2000\/svg\" viewBox=\"0 0 512 512\"><path fill=\"currentColor\" d=\"M256 512A256 256 0 1 0 256 0a256 256 0 1 0 0 512zM369 209L241 337c-9.4 9.4-24.6 9.4-33.9 0l-64-64c-9.4-9.4-9.4-24.6 0-33.9s24.6-9.4 33.9 0l47 47L335 175c9.4-9.4 24.6-9.4 33.9 0s9.4 24.6 0 33.9z\"><\/path><\/svg><\/div><div class=\"rv_pac-item-content\"><div class=\"rv_pac-item-text rv_pac-item-title\">F\u00e1cil transporte, armado y desarmado.<\/div><\/div><\/li><li class=\"rv_pac-body-item rv_body-icon-before\"><div class=\"rv_pac-item-icon\"><svg aria-hidden=\"true\" focusable=\"false\" data-prefix=\"fas\" data-icon=\"circle-check\" class=\"svg-inline--fa fa-circle-check \" role=\"img\" xmlns=\"http:\/\/www.w3.org\/2000\/svg\" viewBox=\"0 0 512 512\"><path fill=\"currentColor\" d=\"M256 512A256 256 0 1 0 256 0a256 256 0 1 0 0 512zM369 209L241 337c-9.4 9.4-24.6 9.4-33.9 0l-64-64c-9.4-9.4-9.4-24.6 0-33.9s24.6-9.4 33.9 0l47 47L335 175c9.4-9.4 24.6-9.4 33.9 0s9.4 24.6 0 33.9z\"><\/path><\/svg><\/div><div class=\"rv_pac-item-content\"><div class=\"rv_pac-item-text rv_pac-item-title\">No condensa.<\/div><\/div><\/li><li class=\"rv_pac-body-item rv_body-icon-before\"><div class=\"rv_pac-item-icon\"><svg aria-hidden=\"true\" focusable=\"false\" data-prefix=\"fas\" data-icon=\"circle-check\" class=\"svg-inline--fa fa-circle-check \" role=\"img\" xmlns=\"http:\/\/www.w3.org\/2000\/svg\" viewBox=\"0 0 512 512\"><path fill=\"currentColor\" d=\"M256 512A256 256 0 1 0 256 0a256 256 0 1 0 0 512zM369 209L241 337c-9.4 9.4-24.6 9.4-33.9 0l-64-64c-9.4-9.4-9.4-24.6 0-33.9s24.6-9.4 33.9 0l47 47L335 175c9.4-9.4 24.6-9.4 33.9 0s9.4 24.6 0 33.9z\"><\/path><\/svg><\/div><div class=\"rv_pac-item-content\"><div class=\"rv_pac-item-text rv_pac-item-title\">Espaciosa.<\/div><\/div><\/li><\/ul><\/div><\/div><\/div><div class=\"rv_pac-cons-wrapper\"><div class=\"rv_pac-cons\"><div class=\"rv_pac-header\"><div class=\"rv_pac-header-item\"><div class=\"rv_pac-item-content\"><div class=\"rv_pac-item-text rv_pac-item-title\">Aspectos negativos<\/div><\/div><\/div><\/div><div class=\"rv_pac-body\"><ul class=\"rv_pac-body-items\"><li class=\"rv_pac-body-item rv_body-icon-before\"><div class=\"rv_pac-item-icon\"><svg aria-hidden=\"true\" focusable=\"false\" data-prefix=\"fas\" data-icon=\"circle-xmark\" class=\"svg-inline--fa fa-circle-xmark \" role=\"img\" xmlns=\"http:\/\/www.w3.org\/2000\/svg\" viewBox=\"0 0 512 512\"><path fill=\"currentColor\" d=\"M256 512A256 256 0 1 0 256 0a256 256 0 1 0 0 512zM175 175c9.4-9.4 24.6-9.4 33.9 0l47 47 47-47c9.4-9.4 24.6-9.4 33.9 0s9.4 24.6 0 33.9l-47 47 47 47c9.4 9.4 9.4 24.6 0 33.9s-24.6 9.4-33.9 0l-47-47-47 47c-9.4 9.4-24.6 9.4-33.9 0s-9.4-24.6 0-33.9l47-47-47-47c-9.4-9.4-9.4-24.6 0-33.9z\"><\/path><\/svg><\/div><div class=\"rv_pac-item-content\"><div class=\"rv_pac-item-text rv_pac-item-title\">Requiere de una elecci\u00f3n adecuada del terreno y del lugar.<\/div><\/div><\/li><li class=\"rv_pac-body-item rv_body-icon-before\"><div class=\"rv_pac-item-icon\"><svg aria-hidden=\"true\" focusable=\"false\" data-prefix=\"fas\" data-icon=\"circle-xmark\" class=\"svg-inline--fa fa-circle-xmark \" role=\"img\" xmlns=\"http:\/\/www.w3.org\/2000\/svg\" viewBox=\"0 0 512 512\"><path fill=\"currentColor\" d=\"M256 512A256 256 0 1 0 256 0a256 256 0 1 0 0 512zM175 175c9.4-9.4 24.6-9.4 33.9 0l47 47 47-47c9.4-9.4 24.6-9.4 33.9 0s9.4 24.6 0 33.9l-47 47 47 47c9.4 9.4 9.4 24.6 0 33.9s-24.6 9.4-33.9 0l-47-47-47 47c-9.4 9.4-24.6 9.4-33.9 0s-9.4-24.6 0-33.9l47-47-47-47c-9.4-9.4-9.4-24.6 0-33.9z\"><\/path><\/svg><\/div><div class=\"rv_pac-item-content\"><div class=\"rv_pac-item-text rv_pac-item-title\">Posiblemente en climas extremos, vientos fuertes o tormentas pueda llegar a fallar (al igual que muchas carpas \u201ccl\u00e1sicas\u201d).<\/div><\/div><\/li><\/ul><\/div><\/div><\/div><\/div><\/div><\/figure>\n","protected":false},"excerpt":{"rendered":"<p>Rese\u00f1a de Franco di Prinzio, quien fue uno de los primeros en adquirir esta carpa de Signa Naturae, y que a\u00fan es su principal refugio de traves\u00edas en la Patagonia.<\/p>\n","protected":false},"author":59,"featured_media":4314,"comment_status":"open","ping_status":"open","sticky":false,"template":"","format":"standard","meta":{"om_disable_all_campaigns":false,"_monsterinsights_skip_tracking":false,"_monsterinsights_sitenote_active":false,"_monsterinsights_sitenote_note":"","_monsterinsights_sitenote_category":0,"_uf_show_specific_survey":0,"_uf_disable_surveys":false,"cybocfi_hide_featured_image":"","footnotes":""},"categories":[3,75,101,79],"tags":[],"class_list":["post-4291","post","type-post","status-publish","format-standard","has-post-thumbnail","hentry","category-equipo-gear","category-fabricacion-propia-myog","category-resenas","category-signa-naturae"],"aioseo_notices":[],"_links":{"self":[{"href":"https:\/\/homotheoreticus.com\/index.php\/wp-json\/wp\/v2\/posts\/4291","targetHints":{"allow":["GET"]}}],"collection":[{"href":"https:\/\/homotheoreticus.com\/index.php\/wp-json\/wp\/v2\/posts"}],"about":[{"href":"https:\/\/homotheoreticus.com\/index.php\/wp-json\/wp\/v2\/types\/post"}],"author":[{"embeddable":true,"href":"https:\/\/homotheoreticus.com\/index.php\/wp-json\/wp\/v2\/users\/59"}],"replies":[{"embeddable":true,"href":"https:\/\/homotheoreticus.com\/index.php\/wp-json\/wp\/v2\/comments?post=4291"}],"version-history":[{"count":29,"href":"https:\/\/homotheoreticus.com\/index.php\/wp-json\/wp\/v2\/posts\/4291\/revisions"}],"predecessor-version":[{"id":4389,"href":"https:\/\/homotheoreticus.com\/index.php\/wp-json\/wp\/v2\/posts\/4291\/revisions\/4389"}],"wp:featuredmedia":[{"embeddable":true,"href":"https:\/\/homotheoreticus.com\/index.php\/wp-json\/wp\/v2\/media\/4314"}],"wp:attachment":[{"href":"https:\/\/homotheoreticus.com\/index.php\/wp-json\/wp\/v2\/media?parent=4291"}],"wp:term":[{"taxonomy":"category","embeddable":true,"href":"https:\/\/homotheoreticus.com\/index.php\/wp-json\/wp\/v2\/categories?post=4291"},{"taxonomy":"post_tag","embeddable":true,"href":"https:\/\/homotheoreticus.com\/index.php\/wp-json\/wp\/v2\/tags?post=4291"}],"curies":[{"name":"wp","href":"https:\/\/api.w.org\/{rel}","templated":true}]}}