{"id":4901,"date":"2025-11-20T15:09:33","date_gmt":"2025-11-20T15:09:33","guid":{"rendered":"https:\/\/homotheoreticus.com\/?p=4901"},"modified":"2025-11-21T12:39:00","modified_gmt":"2025-11-21T12:39:00","slug":"cruce-serrano-los-hornillos-la-cumbrecita","status":"publish","type":"post","link":"https:\/\/homotheoreticus.com\/index.php\/2025\/11\/20\/cruce-serrano-los-hornillos-la-cumbrecita\/","title":{"rendered":"Cruce serrano: Los Hornillos &#8211; La Cumbrecita"},"content":{"rendered":"\n<p><em>En esta oportunidad realizaremos una impresionante traves\u00eda cruzando las Sierras Grandes de C\u00f3rdoba. Saliendo de Los Hornillos, disfrutaremos de vistas incre\u00edbles en la Cuesta de la Ventana. Tras pasar una noche en el filo de las sierras, descenderemos en direcci\u00f3n Este, visitando piletones de agua natural hasta alcanzar el pueblo peatonal de La Cumbrecita.<\/em><\/p>\n\n\n\n<p><strong>Organizadores:<\/strong> Mart\u00edn Lizondo y Remigio Domato.<\/p>\n\n\n\n<p><strong>Modalidad:<\/strong> trekking de traves\u00eda con pernocte en las sierras.<\/p>\n\n\n\n<p><strong>Costo:<\/strong> $160.000 (incluye seguro y servicio de gu\u00eda habilitado).<\/p>\n\n\n\n<p><em>Ni bien hecha la inscripci\u00f3n, los organizadores se pondr\u00e1n en contacto para coordinar detalles mediante un grupo de Whatsapp.<\/em> <em>All\u00ed coordinaremos para que a nadie le falte lo necesario.<\/em><\/p>\n\n\n\n<figure class=\"wp-block-image size-large\"><img loading=\"lazy\" decoding=\"async\" width=\"1024\" height=\"468\" src=\"https:\/\/homotheoreticus.com\/wp-content\/uploads\/2025\/11\/Capture-decran-2025-11-20-a-16.22.18-1024x468.png\" alt=\"\" class=\"wp-image-4914\" srcset=\"https:\/\/homotheoreticus.com\/wp-content\/uploads\/2025\/11\/Capture-decran-2025-11-20-a-16.22.18-1024x468.png 1024w, https:\/\/homotheoreticus.com\/wp-content\/uploads\/2025\/11\/Capture-decran-2025-11-20-a-16.22.18-300x137.png 300w, https:\/\/homotheoreticus.com\/wp-content\/uploads\/2025\/11\/Capture-decran-2025-11-20-a-16.22.18-768x351.png 768w, https:\/\/homotheoreticus.com\/wp-content\/uploads\/2025\/11\/Capture-decran-2025-11-20-a-16.22.18-1536x702.png 1536w, https:\/\/homotheoreticus.com\/wp-content\/uploads\/2025\/11\/Capture-decran-2025-11-20-a-16.22.18-2048x937.png 2048w, https:\/\/homotheoreticus.com\/wp-content\/uploads\/2025\/11\/Capture-decran-2025-11-20-a-16.22.18-500x229.png 500w, https:\/\/homotheoreticus.com\/wp-content\/uploads\/2025\/11\/Capture-decran-2025-11-20-a-16.22.18-1320x604.png 1320w\" sizes=\"auto, (max-width: 1024px) 100vw, 1024px\" \/><\/figure>\n\n\n\n<div style=\"height:23px\" aria-hidden=\"true\" class=\"wp-block-spacer\"><\/div>\n\n\n\n<div class=\"wp-block-buttons is-layout-flex wp-block-buttons-is-layout-flex\">\n<div class=\"wp-block-button\"><a class=\"wp-block-button__link wp-element-button\" href=\"https:\/\/docs.google.com\/forms\/d\/1LYuRHwTqoOoKFZvFgtl5StkT_zvuL96f5J-LL9Aflns\/edit#responses\">Inscribirse<\/a><\/div>\n<\/div>\n\n\n\n<div style=\"height:27px\" aria-hidden=\"true\" class=\"wp-block-spacer\"><\/div>\n\n\n\n<h4 class=\"wp-block-heading\">\ud83d\uddd3\ufe0f&nbsp;Cronograma<\/h4>\n\n\n\n<p><strong>D\u00eda 1 <\/strong>&#8211; Concentraci\u00f3n en Los Hornillos. Estad\u00eda en camping (opcional).<\/p>\n\n\n\n<p><strong>D\u00eda 2 <\/strong>&#8211; Salida temprano a la Cuesta de la Ventana. Acampe en el filo.<\/p>\n\n\n\n<p><strong>D\u00eda 3<\/strong> &#8211; Cruce serrano hasta la localidad de Los Hornillos. Camping y cena (opcional).<\/p>\n\n\n\n<p><strong>Consultas:<\/strong> martinlizondo@homotheoreticus.com<\/p>\n\n\n\n<figure class=\"wp-block-image size-large\"><img loading=\"lazy\" decoding=\"async\" width=\"819\" height=\"1024\" src=\"https:\/\/homotheoreticus.com\/wp-content\/uploads\/2025\/11\/Travesia-en-La-Cumbrecita-Cordoba-1-819x1024.jpg\" alt=\"\" class=\"wp-image-4903\" srcset=\"https:\/\/homotheoreticus.com\/wp-content\/uploads\/2025\/11\/Travesia-en-La-Cumbrecita-Cordoba-1-819x1024.jpg 819w, https:\/\/homotheoreticus.com\/wp-content\/uploads\/2025\/11\/Travesia-en-La-Cumbrecita-Cordoba-1-240x300.jpg 240w, https:\/\/homotheoreticus.com\/wp-content\/uploads\/2025\/11\/Travesia-en-La-Cumbrecita-Cordoba-1-768x960.jpg 768w, https:\/\/homotheoreticus.com\/wp-content\/uploads\/2025\/11\/Travesia-en-La-Cumbrecita-Cordoba-1.jpg 1080w\" sizes=\"auto, (max-width: 819px) 100vw, 819px\" \/><\/figure>\n","protected":false},"excerpt":{"rendered":"<p>Salida guiada a realizarse los d\u00edas 6, 7 y 8 de Diciembre de 2025. Cupos limitados.<\/p>\n","protected":false},"author":1,"featured_media":4902,"comment_status":"open","ping_status":"open","sticky":false,"template":"","format":"standard","meta":{"om_disable_all_campaigns":false,"_monsterinsights_skip_tracking":false,"_monsterinsights_sitenote_active":false,"_monsterinsights_sitenote_note":"","_monsterinsights_sitenote_category":0,"_uf_show_specific_survey":0,"_uf_disable_surveys":false,"cybocfi_hide_featured_image":"","footnotes":""},"categories":[77,130],"tags":[],"class_list":["post-4901","post","type-post","status-publish","format-standard","has-post-thumbnail","hentry","category-educativo","category-salidas"],"aioseo_notices":[],"_links":{"self":[{"href":"https:\/\/homotheoreticus.com\/index.php\/wp-json\/wp\/v2\/posts\/4901","targetHints":{"allow":["GET"]}}],"collection":[{"href":"https:\/\/homotheoreticus.com\/index.php\/wp-json\/wp\/v2\/posts"}],"about":[{"href":"https:\/\/homotheoreticus.com\/index.php\/wp-json\/wp\/v2\/types\/post"}],"author":[{"embeddable":true,"href":"https:\/\/homotheoreticus.com\/index.php\/wp-json\/wp\/v2\/users\/1"}],"replies":[{"embeddable":true,"href":"https:\/\/homotheoreticus.com\/index.php\/wp-json\/wp\/v2\/comments?post=4901"}],"version-history":[{"count":5,"href":"https:\/\/homotheoreticus.com\/index.php\/wp-json\/wp\/v2\/posts\/4901\/revisions"}],"predecessor-version":[{"id":4921,"href":"https:\/\/homotheoreticus.com\/index.php\/wp-json\/wp\/v2\/posts\/4901\/revisions\/4921"}],"wp:featuredmedia":[{"embeddable":true,"href":"https:\/\/homotheoreticus.com\/index.php\/wp-json\/wp\/v2\/media\/4902"}],"wp:attachment":[{"href":"https:\/\/homotheoreticus.com\/index.php\/wp-json\/wp\/v2\/media?parent=4901"}],"wp:term":[{"taxonomy":"category","embeddable":true,"href":"https:\/\/homotheoreticus.com\/index.php\/wp-json\/wp\/v2\/categories?post=4901"},{"taxonomy":"post_tag","embeddable":true,"href":"https:\/\/homotheoreticus.com\/index.php\/wp-json\/wp\/v2\/tags?post=4901"}],"curies":[{"name":"wp","href":"https:\/\/api.w.org\/{rel}","templated":true}]}}