{"id":67,"date":"2017-03-23T00:43:29","date_gmt":"2017-03-23T03:43:29","guid":{"rendered":"https:\/\/homotheoreticus.wordpress.com\/?p=67"},"modified":"2022-06-23T20:43:12","modified_gmt":"2022-06-23T20:43:12","slug":"testimonio-de-la-huella-andina-2017","status":"publish","type":"post","link":"https:\/\/homotheoreticus.com\/index.php\/2017\/03\/23\/testimonio-de-la-huella-andina-2017\/","title":{"rendered":"Testimonio de la Huella Andina: Primera parte"},"content":{"rendered":"\n<h1 class=\"wp-block-heading\"><b>DE VILLA PEHUENIA AL LAGO QUILL\u00c9N<\/b><\/h1>\n\n\n\n<p>Comenc\u00e9 a caminar la Huella Andina el 4 de Enero de 2017, en Villa Pehuenia, Neuqu\u00e9n. Termin\u00e9 el recorrido el 14 de Febrero en el Lago Baguilt, provincia de Chubut. Podr\u00eda dedicar p\u00e1ginas enteras a cada d\u00eda de caminata, con sus interminables an\u00e9cdotas y paisajes fant\u00e1sticos. Sin embargo tratar\u00e9 de ser breve para no cansar al lector. Agrego que a esta larga caminata le acompa\u00f1\u00f3 una \u00edntima meditaci\u00f3n personal de car\u00e1cter intransferible: mucho se aprende al viajar con lo m\u00ednimo indispensable, disfrutando del silencio y la belleza pura del paisaje. Espero que al leer este relato, otros muchos se animen a caminarla. Les dejo mis mejores deseos.<\/p>\n\n\n\n<figure class=\"wp-block-image\"><img decoding=\"async\" src=\"https:\/\/homotheoreticus.files.wordpress.com\/2017\/03\/dsc09528.jpg\" alt=\"DSC09528\" class=\"wp-image-112\"\/><\/figure>\n\n\n\n<h2 class=\"wp-block-heading\"><strong>D\u00eda 1: Villa Pehuenia a Moquehue (16,5 km)&nbsp;<\/strong><\/h2>\n\n\n\n<p class=\"has-text-align-left\"><i>4 de Enero de 2017&nbsp;<\/i><\/p>\n\n\n\n<p>El equipo est\u00e1 completo: la noche anterior lleg\u00f3 Guille y lo esperamos con una trucha reci\u00e9n pescada a la parrilla. Nosotros, con Emi, llegamos el 2 de Enero con el micro que sal\u00eda desde Neuqu\u00e9n. Nuestro campamento est\u00e1 emplazado debajo de un bosque de pinos a pocos metros del Lago Alumin\u00e9.<\/p>\n\n\n\n<figure class=\"wp-block-gallery has-nested-images columns-default is-cropped wp-block-gallery-1 is-layout-flex wp-block-gallery-is-layout-flex\">\n<figure class=\"wp-block-image size-large\"><img loading=\"lazy\" decoding=\"async\" width=\"1952\" height=\"1464\" data-id=\"1929\" src=\"http:\/\/homotheoreticus.com\/wp-content\/uploads\/2017\/03\/dsc09397-1.webp\" alt=\"\" class=\"wp-image-1929\" srcset=\"https:\/\/homotheoreticus.com\/wp-content\/uploads\/2017\/03\/dsc09397-1.webp 1952w, https:\/\/homotheoreticus.com\/wp-content\/uploads\/2017\/03\/dsc09397-1-300x225.webp 300w, https:\/\/homotheoreticus.com\/wp-content\/uploads\/2017\/03\/dsc09397-1-1024x768.webp 1024w, https:\/\/homotheoreticus.com\/wp-content\/uploads\/2017\/03\/dsc09397-1-768x576.webp 768w, https:\/\/homotheoreticus.com\/wp-content\/uploads\/2017\/03\/dsc09397-1-1536x1152.webp 1536w, https:\/\/homotheoreticus.com\/wp-content\/uploads\/2017\/03\/dsc09397-1-314x236.webp 314w\" sizes=\"auto, (max-width: 1952px) 100vw, 1952px\" \/><\/figure>\n\n\n\n<figure class=\"wp-block-image size-large\"><img loading=\"lazy\" decoding=\"async\" width=\"1952\" height=\"1464\" data-id=\"1928\" src=\"http:\/\/homotheoreticus.com\/wp-content\/uploads\/2017\/03\/dsc09377-1.webp\" alt=\"\" class=\"wp-image-1928\" srcset=\"https:\/\/homotheoreticus.com\/wp-content\/uploads\/2017\/03\/dsc09377-1.webp 1952w, https:\/\/homotheoreticus.com\/wp-content\/uploads\/2017\/03\/dsc09377-1-300x225.webp 300w, https:\/\/homotheoreticus.com\/wp-content\/uploads\/2017\/03\/dsc09377-1-1024x768.webp 1024w, https:\/\/homotheoreticus.com\/wp-content\/uploads\/2017\/03\/dsc09377-1-768x576.webp 768w, https:\/\/homotheoreticus.com\/wp-content\/uploads\/2017\/03\/dsc09377-1-1536x1152.webp 1536w, https:\/\/homotheoreticus.com\/wp-content\/uploads\/2017\/03\/dsc09377-1-314x236.webp 314w\" sizes=\"auto, (max-width: 1952px) 100vw, 1952px\" \/><\/figure>\n<\/figure>\n\n\n\n<p>Hace fr\u00edo por la ma\u00f1ana y cuesta salir de la carpa; el viento sopla fuerte y hay lloviznas intermitentes. Antes de partir de Villa Pehuenia, pasamos por un cajero a retirar efectivo y comprar algunos v\u00edveres.<\/p>\n\n\n\n<p>En informes nos hab\u00edan dicho que transitar la primera etapa de la Huella Andina era cuesti\u00f3n de suerte, porque los pobladores no permit\u00edan siempre el acceso. Por suerte, nosotros seguimos de largo sin inconvenientes.<\/p>\n\n\n\n<p>Ni bien comenzamos la caminata, unos seis perros apodados all\u00ed \u201cperros de la comunidad\u201d, nos empiezan a seguir. No hab\u00eda un cartel que dijera: \u201cComienzo de la Huella Andina\u201d as\u00ed que, confiando en nuestro mapa, nos dirigimos a un puente que cruza la angostura del lago Alumin\u00e9 y desde all\u00ed seguimos un camino vehicular. Luego de un par de horas de caminata, Guille logr\u00f3 enga\u00f1ar a los perros y dejarlos atr\u00e1s.<\/p>\n\n\n\n<figure class=\"wp-block-image\"><img decoding=\"async\" src=\"https:\/\/homotheoreticus.files.wordpress.com\/2017\/03\/dsc09429.jpg\" alt=\"DSC09429\" class=\"wp-image-113\"\/><\/figure>\n\n\n\n<p>El camino vehicular est\u00e1 rodeado de \u00f1ires y araucarias. Hay subidas y bajadas constantes, pasando por peque\u00f1as lagunas y algunas viviendas rurales. En momentos, aparecen claros des\u00e9rticos y vuelan nubes de polvo que obligan a voltear la vista. A medida que nos acercamos al lago Moquehue, empiezan a aparecer los primeros coihues y el bosque se vuelve alto y oscuro.<\/p>\n\n\n\n<p>La costa del lago es una playa de piedras blancas de origen volc\u00e1nico, capaces de flotar en el agua. Son el resultado de una antigua explosi\u00f3n en la zona. Con el clima todav\u00eda hostil, vadeamos el Arroyo Blanco y decidimos merendar, reparados del viento en el bosque de coihues. Una hora despu\u00e9s, tras buscar un poco, encontramos el nacimiento de un sendero que se internaba por un \u00f1iratal. Lo seguimos confiando que vamos por buen camino. Algunas j\u00f3venes ca\u00f1as hacen su primera aparici\u00f3n.<\/p>\n\n\n\n<figure class=\"wp-block-gallery has-nested-images columns-3 is-cropped wp-block-gallery-2 is-layout-flex wp-block-gallery-is-layout-flex\">\n<figure class=\"wp-block-image size-large\"><img loading=\"lazy\" decoding=\"async\" width=\"2560\" height=\"1920\" data-id=\"106\" src=\"http:\/\/homotheoreticus.com\/wp-content\/uploads\/2017\/12\/dsc09438-scaled.jpg\" alt=\"\" class=\"wp-image-106\" srcset=\"https:\/\/homotheoreticus.com\/wp-content\/uploads\/2017\/12\/dsc09438-scaled.jpg 2560w, https:\/\/homotheoreticus.com\/wp-content\/uploads\/2017\/12\/dsc09438-300x225.jpg 300w, https:\/\/homotheoreticus.com\/wp-content\/uploads\/2017\/12\/dsc09438-1024x768.jpg 1024w, https:\/\/homotheoreticus.com\/wp-content\/uploads\/2017\/12\/dsc09438-768x576.jpg 768w, https:\/\/homotheoreticus.com\/wp-content\/uploads\/2017\/12\/dsc09438-1536x1152.jpg 1536w, https:\/\/homotheoreticus.com\/wp-content\/uploads\/2017\/12\/dsc09438-2048x1536.jpg 2048w, https:\/\/homotheoreticus.com\/wp-content\/uploads\/2017\/12\/dsc09438-1568x1176.jpg 1568w\" sizes=\"auto, (max-width: 2560px) 100vw, 2560px\" \/><\/figure>\n\n\n\n<figure class=\"wp-block-image size-large\"><img loading=\"lazy\" decoding=\"async\" width=\"2560\" height=\"1920\" data-id=\"105\" src=\"http:\/\/homotheoreticus.com\/wp-content\/uploads\/2017\/12\/dsc09460-scaled.jpg\" alt=\"\" class=\"wp-image-105\" srcset=\"https:\/\/homotheoreticus.com\/wp-content\/uploads\/2017\/12\/dsc09460-scaled.jpg 2560w, https:\/\/homotheoreticus.com\/wp-content\/uploads\/2017\/12\/dsc09460-300x225.jpg 300w, https:\/\/homotheoreticus.com\/wp-content\/uploads\/2017\/12\/dsc09460-1024x768.jpg 1024w, https:\/\/homotheoreticus.com\/wp-content\/uploads\/2017\/12\/dsc09460-768x576.jpg 768w, https:\/\/homotheoreticus.com\/wp-content\/uploads\/2017\/12\/dsc09460-1536x1152.jpg 1536w, https:\/\/homotheoreticus.com\/wp-content\/uploads\/2017\/12\/dsc09460-2048x1536.jpg 2048w, https:\/\/homotheoreticus.com\/wp-content\/uploads\/2017\/12\/dsc09460-1568x1176.jpg 1568w\" sizes=\"auto, (max-width: 2560px) 100vw, 2560px\" \/><\/figure>\n<\/figure>\n\n\n\n<p>Luego de dos horas reaparece la huella vehicular: nos acercamos a la poblaci\u00f3n de Moquehue. Llegamos al pueblo a las 21 hs e inmediatamente pasamos por un almac\u00e9n a comprar v\u00edveres. Se trata de un pueblo peque\u00f1o y alejado, pr\u00f3ximo al l\u00edmite con Chile, todav\u00eda sin se\u00f1al de celular. La primera noche la pasamos en el camping organizado \u201cLa Bella Durmiente\u201d.<\/p>\n\n\n\n<h2 class=\"wp-block-heading\"><strong>D\u00eda 2: De Moquehue al filo de la monta\u00f1a (12,5 km)<\/strong><\/h2>\n\n\n\n<p class=\"has-text-align-left\"><i>5 de Enero de 2017<\/i><\/p>\n\n\n\n<p>La siguiente etapa fue una experiencia dif\u00edcil. Se nos hizo larga y confusa. Antes de salir preguntamos a la gente del lugar sobre c\u00f3mo proseguir la Huella Andina. Ocurri\u00f3 que nadie sab\u00eda si quiera de su existencia e incluso nos advirtieron que el paso a \u00d1orquinco no ten\u00eda precedentes\u2026 \u00a1qu\u00e9 poco aliento!<\/p>\n\n\n\n<p>Pese a la falta de informaci\u00f3n, elegimos seguir adelante: \u00a1esto reci\u00e9n empezaba! Buscamos entre distintos senderos sal\u00edan del pueblo y ascend\u00edan por la ladera izquierda de la monta\u00f1a, entrecruz\u00e1ndose con desconcertantes huellas de animales. Con las horas se fueron haciendo cada vez m\u00e1s angostos y difusos. Pasado el mediod\u00eda iniciamos un ascenso y, de casualidad, encontramos la huella vehicular indicada en la gu\u00eda impresa, que nos conducir\u00eda por el valle hacia el paso a \u00d1orquinco. <\/p>\n\n\n\n<figure class=\"wp-block-gallery has-nested-images columns-3 is-cropped wp-block-gallery-3 is-layout-flex wp-block-gallery-is-layout-flex\">\n<figure class=\"wp-block-image size-large\"><img loading=\"lazy\" decoding=\"async\" width=\"2560\" height=\"1920\" data-id=\"109\" src=\"http:\/\/homotheoreticus.com\/wp-content\/uploads\/2017\/12\/dsc09499-scaled.jpg\" alt=\"\" class=\"wp-image-109\" srcset=\"https:\/\/homotheoreticus.com\/wp-content\/uploads\/2017\/12\/dsc09499-scaled.jpg 2560w, https:\/\/homotheoreticus.com\/wp-content\/uploads\/2017\/12\/dsc09499-300x225.jpg 300w, https:\/\/homotheoreticus.com\/wp-content\/uploads\/2017\/12\/dsc09499-1024x768.jpg 1024w, https:\/\/homotheoreticus.com\/wp-content\/uploads\/2017\/12\/dsc09499-768x576.jpg 768w, https:\/\/homotheoreticus.com\/wp-content\/uploads\/2017\/12\/dsc09499-1536x1152.jpg 1536w, https:\/\/homotheoreticus.com\/wp-content\/uploads\/2017\/12\/dsc09499-2048x1536.jpg 2048w, https:\/\/homotheoreticus.com\/wp-content\/uploads\/2017\/12\/dsc09499-1568x1176.jpg 1568w\" sizes=\"auto, (max-width: 2560px) 100vw, 2560px\" \/><\/figure>\n\n\n\n<figure class=\"wp-block-image size-large\"><img loading=\"lazy\" decoding=\"async\" width=\"2560\" height=\"1920\" data-id=\"122\" src=\"http:\/\/homotheoreticus.com\/wp-content\/uploads\/2017\/12\/dsc09493-scaled.jpg\" alt=\"\" class=\"wp-image-122\" srcset=\"https:\/\/homotheoreticus.com\/wp-content\/uploads\/2017\/12\/dsc09493-scaled.jpg 2560w, https:\/\/homotheoreticus.com\/wp-content\/uploads\/2017\/12\/dsc09493-300x225.jpg 300w, https:\/\/homotheoreticus.com\/wp-content\/uploads\/2017\/12\/dsc09493-1024x768.jpg 1024w, https:\/\/homotheoreticus.com\/wp-content\/uploads\/2017\/12\/dsc09493-768x576.jpg 768w, https:\/\/homotheoreticus.com\/wp-content\/uploads\/2017\/12\/dsc09493-1536x1152.jpg 1536w, https:\/\/homotheoreticus.com\/wp-content\/uploads\/2017\/12\/dsc09493-2048x1536.jpg 2048w, https:\/\/homotheoreticus.com\/wp-content\/uploads\/2017\/12\/dsc09493-1568x1176.jpg 1568w\" sizes=\"auto, (max-width: 2560px) 100vw, 2560px\" \/><\/figure>\n<\/figure>\n\n\n\n<p>Todo iba aparentemente bien hasta que llegamos al final de la huella vehicular, al fondo del valle. All\u00ed el camino desparec\u00eda por completo. Pero seg\u00fan las indicaciones de la gu\u00eda oficial, deber\u00eda haber un sendero que pasaba por el portezuelo del cerro Plomo (entonces no sab\u00edamos cu\u00e1l era aquel cerro). Optamos por seguir una picada de animal ascendente. Pensamos: \u201csi hay rastros de caballo, este debe ser el camino correcto\u201d. Zigzagueando por la ladera, atravesamos el lenguero achaparrado, gui\u00e1ndonos por las pisadas frescas y pronto el paisaje se transform\u00f3 en un gran mall\u00edn de veranada. A pocos metros, se ve\u00eda un portezuelo de baja altura. Como \u00faltima haza\u00f1a del d\u00eda, subimos el paso por las piedras caedizas, ya sin presencia de vegetaci\u00f3n. Arriba de todo, en el filo de la monta\u00f1a, armamos campamento. Eran las 21 hs. Comimos unos sanwiches de at\u00fan y nos rendimos ante el sue\u00f1o con una vista imponente a nuestro alrededor.<\/p>\n\n\n\n<figure class=\"wp-block-image\"><img decoding=\"async\" src=\"https:\/\/homotheoreticus.files.wordpress.com\/2017\/03\/dsc09514.jpg\" alt=\"DSC09514\" class=\"wp-image-107\"\/><\/figure>\n\n\n\n<p><strong>D\u00eda 3: del filo al ca\u00f1averal (11,3 km)<\/strong><\/p>\n\n\n\n<p class=\"has-text-align-left\"><i>6 de Enero de 2017<\/i><\/p>\n\n\n\n<p>Nos levantamos a las 7 de la ma\u00f1ana. No soplaba nada de viento sobre el filo descubierto de la monta\u00f1a de 2000 msnm. El amanecer ofrec\u00eda un espect\u00e1culo incre\u00edble, con vista panor\u00e1mica de 360 grados, quietud e inmensidad. Aparecieron para nuestro asombro unas pisadas de animal entre las piedras\u2026 \u00bfser\u00edan de un puma nocturno?<\/p>\n\n\n\n<p>Estudiando nuestro itinerario, se nos plante\u00f3 un dilema: \u00bfpor d\u00f3nde deb\u00edamos continuar? \u00bfDeb\u00edamos descender por el paso que encaramos el d\u00eda anterior? \u00bfO deb\u00edamos modificar el rumbo volviendo sobre nuestros pasos? Ya que no hab\u00eda un sendero visible, ni marcas de Huella Andina, analizamos el mapa, con br\u00fajula en mano y llegamos a la conclusi\u00f3n de que estuvimos a punto de regresar a Moquehue en un c\u00edrculo. Mirando hacia el sur, contemplamos un lago en la lejan\u00eda, claramente el lago \u00d1orquinco, y en la lejan\u00eda ya se vislumbraba el imponente volc\u00e1n Lanin. Sin duda hab\u00eda que volver unos cuantos pasos y dirigirse en esa direcci\u00f3n.<\/p>\n\n\n\n<p>Resolvimos entonces, luego de alg\u00fan debate, bordear la monta\u00f1a por encima del lenguero, y descender por un valle que conduc\u00eda al lago. Desde lejos todo parec\u00eda m\u00e1s f\u00e1cil, pero fue una traves\u00eda complicada, caminando entre piedras y barrancos primero, y luego entre lenga achaparrada y ca\u00f1averal cerrado.<\/p>\n\n\n\n<p>Contra nuestras expectativas, no apareci\u00f3 ning\u00fan sendero. Ya sin alternativas que no fueran volver para atr\u00e1s, empezamos a descender por el cauce seco de un arroyo. Iban pasando las horas de caminata y el bosque se volv\u00eda m\u00e1s espeso\u2026 del lenguero pasamos al ca\u00f1averal. Y el cauce se convirti\u00f3 en un arroyo caudaloso. No hab\u00eda forma de avanzar r\u00e1pidamente por un bosque tan tupido. Las mochilas se enganchaban entre las ramas y las ca\u00f1as filosas. No hab\u00eda puntos de referencia y el mapa no ayudaba en el bosque cerrado. Lentamente y con paso firme, entre ca\u00f1as que nos cacheteaban, avanzamos en direcci\u00f3n al sur.<\/p>\n\n\n\n<figure class=\"wp-block-gallery has-nested-images columns-3 is-cropped wp-block-gallery-4 is-layout-flex wp-block-gallery-is-layout-flex\">\n<figure class=\"wp-block-image\"><img loading=\"lazy\" decoding=\"async\" width=\"2560\" height=\"1920\" data-id=\"121\" src=\"http:\/\/homotheoreticus.com\/wp-content\/uploads\/2017\/12\/dsc09534-scaled.jpg\" alt=\"\" class=\"wp-image-121\" srcset=\"https:\/\/homotheoreticus.com\/wp-content\/uploads\/2017\/12\/dsc09534-scaled.jpg 2560w, https:\/\/homotheoreticus.com\/wp-content\/uploads\/2017\/12\/dsc09534-300x225.jpg 300w, https:\/\/homotheoreticus.com\/wp-content\/uploads\/2017\/12\/dsc09534-1024x768.jpg 1024w, https:\/\/homotheoreticus.com\/wp-content\/uploads\/2017\/12\/dsc09534-768x576.jpg 768w, https:\/\/homotheoreticus.com\/wp-content\/uploads\/2017\/12\/dsc09534-1536x1152.jpg 1536w, https:\/\/homotheoreticus.com\/wp-content\/uploads\/2017\/12\/dsc09534-2048x1536.jpg 2048w, https:\/\/homotheoreticus.com\/wp-content\/uploads\/2017\/12\/dsc09534-1568x1176.jpg 1568w\" sizes=\"auto, (max-width: 2560px) 100vw, 2560px\" \/><\/figure>\n\n\n\n<figure class=\"wp-block-image\"><img loading=\"lazy\" decoding=\"async\" width=\"2560\" height=\"1920\" data-id=\"115\" src=\"http:\/\/homotheoreticus.com\/wp-content\/uploads\/2017\/12\/dsc09533-scaled.jpg\" alt=\"\" class=\"wp-image-115\" srcset=\"https:\/\/homotheoreticus.com\/wp-content\/uploads\/2017\/12\/dsc09533-scaled.jpg 2560w, https:\/\/homotheoreticus.com\/wp-content\/uploads\/2017\/12\/dsc09533-300x225.jpg 300w, https:\/\/homotheoreticus.com\/wp-content\/uploads\/2017\/12\/dsc09533-1024x768.jpg 1024w, https:\/\/homotheoreticus.com\/wp-content\/uploads\/2017\/12\/dsc09533-768x576.jpg 768w, https:\/\/homotheoreticus.com\/wp-content\/uploads\/2017\/12\/dsc09533-1536x1152.jpg 1536w, https:\/\/homotheoreticus.com\/wp-content\/uploads\/2017\/12\/dsc09533-2048x1536.jpg 2048w, https:\/\/homotheoreticus.com\/wp-content\/uploads\/2017\/12\/dsc09533-1568x1176.jpg 1568w\" sizes=\"auto, (max-width: 2560px) 100vw, 2560px\" \/><\/figure>\n\n\n\n<figure class=\"wp-block-image\"><img loading=\"lazy\" decoding=\"async\" width=\"2560\" height=\"1920\" data-id=\"117\" src=\"http:\/\/homotheoreticus.com\/wp-content\/uploads\/2017\/12\/dsc09549-scaled.jpg\" alt=\"\" class=\"wp-image-117\" srcset=\"https:\/\/homotheoreticus.com\/wp-content\/uploads\/2017\/12\/dsc09549-scaled.jpg 2560w, https:\/\/homotheoreticus.com\/wp-content\/uploads\/2017\/12\/dsc09549-300x225.jpg 300w, https:\/\/homotheoreticus.com\/wp-content\/uploads\/2017\/12\/dsc09549-1024x768.jpg 1024w, https:\/\/homotheoreticus.com\/wp-content\/uploads\/2017\/12\/dsc09549-768x576.jpg 768w, https:\/\/homotheoreticus.com\/wp-content\/uploads\/2017\/12\/dsc09549-1536x1152.jpg 1536w, https:\/\/homotheoreticus.com\/wp-content\/uploads\/2017\/12\/dsc09549-2048x1536.jpg 2048w, https:\/\/homotheoreticus.com\/wp-content\/uploads\/2017\/12\/dsc09549-1568x1176.jpg 1568w\" sizes=\"auto, (max-width: 2560px) 100vw, 2560px\" \/><\/figure>\n<\/figure>\n\n\n\n<p>Eran las 21 hs y est\u00e1bamos todav\u00eda en medio del ca\u00f1averal. Guille propuso tirar las bolsas de dormir entre las ca\u00f1as\u2026 no era algo disparatado. Por suerte divisamos un claro y hasta all\u00ed nos dirigimos. Armamos las carpas antes de perder las \u00faltimas horas de luz, pero&#8230; \u00a1qu\u00e9 mala suerte! Result\u00f3 que el lugar era una especie de \u201chormiguero gigante\u201d y las hormigas se nos sub\u00edan hasta por los bastones de trekking. Afortunadamente el mosquitero de las carpas funcion\u00f3 de barrera. Esa noche la temperatura baj\u00f3 y empez\u00f3 de nuevo el viento, provocando crujidos y \u00abestallidos\u00bb enter las lengas que se tambaleaban a nuestro alrededor. No sab\u00edamos a qu\u00e9 altura del valle nos encontr\u00e1bamos, pero ten\u00edamos la certeza de que el arroyo nos conducir\u00eda al Lago \u00d1orquinco. Ese d\u00eda solo comimos unas porciones peque\u00f1as de granola, por temor a quedarnos sin comida.<\/p>\n\n\n\n<h2 class=\"wp-block-heading\"><strong>D\u00eda 4: del ca\u00f1averal a \u00d1orquinco&nbsp;<\/strong><\/h2>\n\n\n\n<p class=\"has-text-align-left\"><i>7 de Enero de 2017<\/i><\/p>\n\n\n\n<p>Amanecimos a las 7 hs y lloviznaba. Combatimos el hambre todo el d\u00eda con otro pu\u00f1ado de granola. Al caminar por el valle, el ca\u00f1averal y la lenga achaparrada se suced\u00edan dejando poqu\u00edsimos claros de respiro. Las horas corr\u00edan y el reloj nos desesperaba: \u00a1avanz\u00e1bamos muy lento! Guille y yo nos turn\u00e1bamos para ir al frente, a explorar y guiar la marcha. Aquella tarea era s\u00famamente agotadora, ya que el gu\u00eda deb\u00eda adelantarse constantemente, ir y volver, manteniendo plena concentraci\u00f3n y observando todo el entorno y sus posibilidades.<\/p>\n\n\n\n<p>A las 6 horas de caminar por aquel valle espeso, Guille salv\u00f3 el d\u00eda: encontramos una picada angosta, tal vez de jabal\u00ed o de ganado bagual, y la seguimos con esperanza. Al rato nos topamos con una vieja bota enterrada en el barro&#8230; eran los primeros rastros de civilizaci\u00f3n. De a poco la huella embarrada se convirti\u00f3 en un sendero ancho y aparecieron claros en el bosque. Por fin dejamos atr\u00e1s el ca\u00f1averal y llegamos a una pampa de coirones. El sendero dio lugar a una huella vehicular. Ya cant\u00e1bamos victoria\u2026 solo era cuesti\u00f3n de tiempo para llegar a \u00d1orquinco. Entre tanto, el cielo nos dio bienvenida envolvi\u00e9ndonos con una nube de llovizna intermitente.<\/p>\n\n\n\n<figure class=\"wp-block-image\"><img decoding=\"async\" src=\"https:\/\/homotheoreticus.files.wordpress.com\/2017\/03\/dsc09572.jpg\" alt=\"DSC09572\" class=\"wp-image-118\"\/><\/figure>\n\n\n\n<p>A las 17 hs llegamos totalmente empapados, agotados pero felices, a una vivienda pr\u00f3xima al lago. Vadeamos por \u00faltima vez el arroyo blanco, ya de buena anchura, muy cerca de su desembocadura. Un poblador se compadeci\u00f3 al vernos y nos condujo con su camioneta hasta el camping m\u00e1s cercano.<\/p>\n\n\n<div class=\"wp-block-image\">\n<figure class=\"alignleft is-resized\"><img loading=\"lazy\" decoding=\"async\" src=\"https:\/\/homotheoreticus.files.wordpress.com\/2017\/03\/screen-shot-2017-12-27-at-23-25-21.png\" alt=\"Screen Shot 2017-12-27 at 23.25.21\" class=\"wp-image-124\" width=\"297\" height=\"629\"\/><\/figure>\n<\/div>\n\n\n<p>El camping de \u201cDo\u00f1a Rosa\u201d nos dio la Bienvenida con un techo y una salamandra.\u00a0 Armamos las carpas y nos sentamos a contemplar el valle hermoso y terrible que acab\u00e1bamos de atravesar, cubierto con un manto de espesa neblina.<\/p>\n\n\n\n<p>\u00bfQu\u00e9 hab\u00eda fallado en la traves\u00eda? Una vez en la ciudad de La Plata, me dediqu\u00e9 a estudiar el problema. Resulta que al no estar se\u00f1alizada aquella etapa de la Huella Andina, descendimos por un valle equivocado. Si bien este conduc\u00eda a \u00d1orquinco, el trazado original pasaba por otro valle, seguramente m\u00e1s sencillo. Esto para nosotros era imposible de saberlo.<\/p>\n\n\n\n<h2 class=\"wp-block-heading\"><strong>D\u00edas 5 y 6: descanso forzoso (0 km)<\/strong><\/h2>\n\n\n\n<p class=\"has-text-align-left\"><i>8 y 9 de Enero de 2017<\/i><\/p>\n\n\n\n<p>La lluvia nos oblig\u00f3 a descansar en el camping. Se nos ocurri\u00f3 lavar la ropa\u2026 \u00a1p\u00e9sima idea! Tard\u00f3 aproximadamente 48 hs en secarse debido al fr\u00edo y porque el viento tiraba las prendas a un charco, reiniciando cada tanto el proceso. La familia de Do\u00f1a Rosa nos trat\u00f3 como de su familia: nos permitieron pasar a su casa y calentarnos en la salamandra. Compartimos comidas juntos aquellos d\u00edas, mientras guitarreamos y contamos historias.<\/p>\n\n\n\n<p>Seg\u00fan dec\u00edan, aquel a\u00f1o el invierno ser\u00eda muy duro. \u00bfC\u00f3mo lo sab\u00edan? Los pobladores tienen la costumbre de observar el clima de los primeros doce d\u00edas de Enero; a partir de all\u00ed puede deducir el clima de los doce meses del a\u00f1o. Conclusi\u00f3n: los fr\u00edos, h\u00famedos y ventosos pronosticaban un invierno terrible, cuesti\u00f3n que efectivamente se cumpli\u00f3 en Julio con -30\u00b0 de temperatura. \u00abCreer o reventar\u00bb.<\/p>\n\n\n\n<p>Re\u00edmos mucho y tambi\u00e9n discutimos aquellos d\u00edas&#8230; \u00bfqu\u00e9 iba a pasar con el \u00abequipo Huella Andina\u00bb? \u00bfY si toda el recorrido presentaba las mismas condiciones que en la etapa anterior? Para colmo, en el camping tuvimos informaci\u00f3n de que el sendero estaba cerrado hasta Rucachoroy, debido a un incendio reciente. De ser esta informaci\u00f3n correcta\u2026 ser\u00eda casi imposible continuar.<\/p>\n\n\n\n<figure class=\"wp-block-image\"><img decoding=\"async\" src=\"https:\/\/homotheoreticus.files.wordpress.com\/2017\/03\/dsc09582.jpg\" alt=\"DSC09582\" class=\"wp-image-119\"\/><\/figure>\n\n\n\n<p>Finalmente decidimos que cada cual seguir\u00eda su propio camino, sin estar obligados a continuar la Huella Andina. Para colmo de males, el agua de la monta\u00f1a ven\u00eda oscura por los sedimentos de la tormenta. Mi est\u00f3mago no lo toler\u00f3 y padec\u00ed pr\u00e1cticamente cuatro d\u00edas de descompostura. La Huella Andina result\u00f3 ser una prueba de \u201ctemple moral\u201d, a la vez que de resistencia f\u00edsica, con desaf\u00edos inesperados.<\/p>\n\n\n\n<figure class=\"wp-block-image\"><img decoding=\"async\" src=\"https:\/\/homotheoreticus.files.wordpress.com\/2017\/03\/dsc09585.jpg\" alt=\"DSC09585\" class=\"wp-image-120\"\/><\/figure>\n\n\n\n<h2 class=\"wp-block-heading\"><strong>D\u00eda 17: de \u00d1orquinco a Rucachoroy (32,8 km)&nbsp;<\/strong><\/h2>\n\n\n\n<p class=\"has-text-align-left\"><i>18 de Enero de 2017<\/i><\/p>\n\n\n\n<p>Aqu\u00ed no seguir\u00e9 un orden cronol\u00f3gico, ya que luego de pasar por \u00d1orquinco, continu\u00e9 la Huella Andina desde Puerto Canoa. Tuve informaci\u00f3n errada de que el tramo\u00a0 a Rucachoroy estaba deshabilitado y hab\u00eda que saltearlo. Pero cuando me inform\u00e9 de que el sendero hab\u00eda sido habilitado, 10 d\u00edas despu\u00e9s, regres\u00e9 para recuperar aquel tramo. El esfuerzo vali\u00f3 realmente la pena.<\/p>\n\n\n\n<p>Pas\u00e9 noche en el camping municipal de Alumin\u00e9, llegando desde San Mart\u00edn de los Andes. Desde all\u00ed hice dedo hasta \u00d1orquinco, ya que no hay transporte p\u00fablico hasta el lugar. Una vez en la cabecera del lago, me adentr\u00e9 caminando en el Parque Nacional Lan\u00edn.<\/p>\n\n\n\n<p>El Lago \u00d1orquinco se encontraba apacible, no soplaba el viento y, como buena noticia, la se\u00f1alizaci\u00f3n de Huella Andina se mostr\u00f3 reluciente y bien mantenida. Comienzo la caminata por el paso a las 11:40 hs; a las 15:30 me encuentro con el fin de la etapa, en Vivac Tapera de Lagos. El paisaje es m\u00e1s bien seco y presenta poco desnivel; es una zona de veraneo de\u00a0 ganado. A\u00fan era temprano y los t\u00e1banos me estaban empezando a comer vivo, as\u00ed que decid\u00ed continuar en la etapa siguiente y apurar el paso. Era necesario a esta altura caminar m\u00e1s de una etapa por d\u00eda si quer\u00eda completar la Huella Andina para Febrero.<\/p>\n\n\n\n<figure class=\"wp-block-image\"><img decoding=\"async\" src=\"https:\/\/homotheoreticus.files.wordpress.com\/2017\/03\/dsc09866.jpg\" alt=\"DSC09866\" class=\"wp-image-110\"\/><\/figure>\n\n\n\n<p>A las 18:30 hs llegu\u00e9 a Rucachoroy y arm\u00e9 la carpa en el camping Trempail. A\u00fan de d\u00eda, me di un gran lujo\u2026 el camping vend\u00eda comida y ped\u00ed a las cocineras una milanesa con papas fritas. \u00a1Qu\u00e9 recompensa! El apetito voraz del caminante empezaba a aflorar.<\/p>\n\n\n\n<figure class=\"wp-block-image\"><img decoding=\"async\" src=\"https:\/\/homotheoreticus.files.wordpress.com\/2017\/03\/dsc09906.jpg\" alt=\"DSC09906\" class=\"wp-image-125\"\/><\/figure>\n\n\n\n<h2 class=\"wp-block-heading\"><strong>D\u00eda 18: de Rucachoroy a Quill\u00e9n (22,2 km)&nbsp;<\/strong><\/h2>\n\n\n\n<p class=\"has-text-align-left\"><i>19 de Enero de 2017<\/i><\/p>\n\n\n\n<p>La etapa siguiente fue sin duda de las m\u00e1s hermosas. Part\u00ed desde la sucursal de guarda parques de Rucachoroy, donde el guardaparque Adri\u00e1n Daros me atendi\u00f3 con amabilidad y se mostr\u00f3 muy interesado en mi recorrido. Me invit\u00f3 pasar a la sede y me asesor\u00f3 sobre el estado del sendero.<\/p>\n\n\n\n<p>Un poco tarde, a las 11 hs, comenc\u00e9 a subir el cord\u00f3n entre las araucarias y los\u00a0 coihues. Una huella de animales me condujo por un camino errado, con lo cual perd\u00ed un poco de tiempo. A las 12 hs correg\u00ed el rumbo en direcci\u00f3n sur,  ascendiendo hasta que el bosque dio lugar a mallines y pampas con arbutos. Desde lo alto pude contemplar el cord\u00f3n del Rucachoroy, imponente en su altura y con las piedras al descubierto. La mejor sorpresa de todas fue que el sendero pasaba por el cord\u00f3n mismo a una altura llegaba de 2200 msnm. Fue una experiencia \u00fanica: avanc\u00e9 haciendo equilibrio entras las lajas que se desmoronaban, marcando mi presencia en el silencio rotundo de la inmensidad de altura. El clima seco y soleado que me toc\u00f3 fue excepcional.<\/p>\n\n\n\n<figure class=\"wp-block-image\"><img decoding=\"async\" src=\"https:\/\/homotheoreticus.files.wordpress.com\/2017\/03\/dsc09930.jpg\" alt=\"DSC09930\" class=\"wp-image-126\"\/><\/figure>\n\n\n\n<p>Luego de unas horas de caminata, como premio al concluir la etapa, se dej\u00f3 ver la figura imponente volc\u00e1n Lan\u00edn. Abajo, en un valle sobre la monta\u00f1a, se divisaba ya el lago Quill\u00e9n. Una de las escenas mas imponentes de toda la Huella Andina.<\/p>\n\n\n\n<figure class=\"wp-block-image\"><img decoding=\"async\" src=\"https:\/\/homotheoreticus.files.wordpress.com\/2017\/03\/dsc09937.jpg\" alt=\"DSC09937\" class=\"wp-image-127\"\/><\/figure>\n\n\n\n<p>A las 16:30 hs llegu\u00e9 al vivac Malaco Chico, culminaci\u00f3n de la etapa. Decid\u00ed continuar caminando hasta Quill\u00e9n en el mismo d\u00eda, para ganar tiempo en mi meta de completar la Huella Andina. El descenso fue por un sendero marcado pero muy pronunciado&#8230; \u00a1me pegu\u00e9 unas cuantas patinadas! El bosque de lenga\u00a0achaparrada dio lugar a un \u00f1iratal seco, con mucho arbusto espinozo, y entre las casas de algunos pobladores, finalmente llegu\u00e9 al lago Quill\u00e9n.<\/p>\n\n\n\n<p>A las 19:30 hs me encontraba en el camping Pud\u00fa Pud\u00fa, donde arm\u00e9 carpa cerca del lago. Mientras preparaba una polenta al fuego, unos pescadores de la zona me invitaron a compartir una parrillada de trucha y cordero&#8230; \u00a1qu\u00e9 recibida! Aquella noche intercambiamos charlas, risas y an\u00e9cdotas.<img loading=\"lazy\" decoding=\"async\" width=\"3072\" height=\"2304\" class=\"alignnone size-full wp-image-128\" src=\"https:\/\/homotheoreticus.files.wordpress.com\/2017\/03\/dsc09961.jpg\" alt=\"DSC09961\"><\/p>\n\n\n\n<h2 class=\"wp-block-heading\"><strong>D\u00eda 19 y 20: de Quill\u00e9n a Quila Quina<\/strong><\/h2>\n\n\n\n<p class=\"has-text-align-left\"><i>20 de Enero de 2017<\/i><\/p>\n\n\n\n<p>Para salir de Quill\u00e9n y continuar la Huella Andina en el sur tuve que comportarme como un aut\u00e9ntico mochilero: me ba\u00f1\u00e9 en el lago, lav\u00e9 all\u00ed la ropa y la sequ\u00e9 al sol. Despu\u00e9s de almorzar, ya con mejor presencia, sal\u00ed a la ruta a hacer dedo. Tras un par de viajes generosos, logr\u00e9 volver a Alumin\u00e9. Desde all\u00ed me fue posible viajar en micro para continuar con el itinerario de la Huella al d\u00eda siguiente.<\/p>\n\n\n\n<p class=\"has-text-align-left\"><i>Continua en:&nbsp;<a href=\"http:\/\/homotheoreticus.com\/index.php\/2017\/12\/28\/testimonio-de-la-huella-andina-segunda-parte\/\" title=\"Testimonio de la Huella Andina:   Segunda Parte\">Testimonio de la Huella Andina: Segunda Parte<\/a><\/i><\/p>\n\n\n\n<p class=\"has-text-align-left\"><\/p>\n\n\n\n<figure class=\"wp-block-embed is-type-video is-provider-youtube wp-block-embed-youtube wp-embed-aspect-4-3 wp-has-aspect-ratio\"><div class=\"wp-block-embed__wrapper\">\n<iframe loading=\"lazy\" title=\"Huella Andina 2017\" width=\"1041\" height=\"781\" src=\"https:\/\/www.youtube.com\/embed\/CzbCUSnCqss?start=22&#038;feature=oembed\" frameborder=\"0\" allow=\"accelerometer; autoplay; clipboard-write; encrypted-media; gyroscope; picture-in-picture; web-share\" referrerpolicy=\"strict-origin-when-cross-origin\" allowfullscreen><\/iframe>\n<\/div><\/figure>\n\n\n\n<p><\/p>\n\n\n\n<p><\/p>\n","protected":false},"excerpt":{"rendered":"<p>Rese\u00f1a de mi experiencia en las etapas 1 a 7 de la Huella Andina, recorrido que comprende 82 kil\u00f3metros entre la localidad de Villa Pehuenia y el Lago Quill\u00e9n, provincia de Neuqu\u00e9n.<br \/>\nVa dirigida principalmente a aquellos entusiastas, amantes de la monta\u00f1a, que desean reunir informaci\u00f3n para recorrerla personalmente.<\/p>\n","protected":false},"author":2,"featured_media":111,"comment_status":"open","ping_status":"open","sticky":false,"template":"","format":"standard","meta":{"om_disable_all_campaigns":false,"_monsterinsights_skip_tracking":false,"_monsterinsights_sitenote_active":false,"_monsterinsights_sitenote_note":"","_monsterinsights_sitenote_category":0,"_uf_show_specific_survey":0,"_uf_disable_surveys":false,"cybocfi_hide_featured_image":"","footnotes":""},"categories":[4,2],"tags":[23,33,36,45],"class_list":["post-67","post","type-post","status-publish","format-standard","has-post-thumbnail","hentry","category-huella-andina-ha","category-travesias","tag-huella-andina","tag-primera-parte","tag-relato","tag-viaje"],"aioseo_notices":[],"_links":{"self":[{"href":"https:\/\/homotheoreticus.com\/index.php\/wp-json\/wp\/v2\/posts\/67","targetHints":{"allow":["GET"]}}],"collection":[{"href":"https:\/\/homotheoreticus.com\/index.php\/wp-json\/wp\/v2\/posts"}],"about":[{"href":"https:\/\/homotheoreticus.com\/index.php\/wp-json\/wp\/v2\/types\/post"}],"author":[{"embeddable":true,"href":"https:\/\/homotheoreticus.com\/index.php\/wp-json\/wp\/v2\/users\/2"}],"replies":[{"embeddable":true,"href":"https:\/\/homotheoreticus.com\/index.php\/wp-json\/wp\/v2\/comments?post=67"}],"version-history":[{"count":10,"href":"https:\/\/homotheoreticus.com\/index.php\/wp-json\/wp\/v2\/posts\/67\/revisions"}],"predecessor-version":[{"id":1947,"href":"https:\/\/homotheoreticus.com\/index.php\/wp-json\/wp\/v2\/posts\/67\/revisions\/1947"}],"wp:featuredmedia":[{"embeddable":true,"href":"https:\/\/homotheoreticus.com\/index.php\/wp-json\/wp\/v2\/media\/111"}],"wp:attachment":[{"href":"https:\/\/homotheoreticus.com\/index.php\/wp-json\/wp\/v2\/media?parent=67"}],"wp:term":[{"taxonomy":"category","embeddable":true,"href":"https:\/\/homotheoreticus.com\/index.php\/wp-json\/wp\/v2\/categories?post=67"},{"taxonomy":"post_tag","embeddable":true,"href":"https:\/\/homotheoreticus.com\/index.php\/wp-json\/wp\/v2\/tags?post=67"}],"curies":[{"name":"wp","href":"https:\/\/api.w.org\/{rel}","templated":true}]}}