{"id":731,"date":"2019-09-02T18:22:14","date_gmt":"2019-09-02T21:22:14","guid":{"rendered":"https:\/\/homotheoreticus.wordpress.com\/?p=731"},"modified":"2022-06-22T16:58:07","modified_gmt":"2022-06-22T16:58:07","slug":"sendero-gran-patagonia-primera-parte","status":"publish","type":"post","link":"https:\/\/homotheoreticus.com\/index.php\/2019\/09\/02\/sendero-gran-patagonia-primera-parte\/","title":{"rendered":"Rese\u00f1a del Sendero Gran Patagonia (1\u00b0 Parte)"},"content":{"rendered":"\n<p><em>Rese\u00f1a de mis experiencias iniciales en el Sendero Gran Patagonia, a trav\u00e9s de las secciones 1 a 4. Como s\u00edntesis de los primeros kil\u00f3metros de caminata, puedo decir que fueron bastante demandantes de entrada, con mucho desnivel, tramos extensos, poca agua, mucho sol y, sobre todo, soledad. Como positivo, puedo decir que disfrut\u00e9 mucho los paisajes de altura, los contrastes de vegetaci\u00f3n y la sensaci\u00f3n de libertad.<\/em><\/p>\n\n\n\n<p>Ir a <a href=\"https:\/\/homotheoreticus.wordpress.com\/2019\/02\/13\/sendero-gran-patagonia-2018-19\/\">rese\u00f1a general<\/a>. Ir a <a href=\"https:\/\/homotheoreticus.wordpress.com\/2019\/02\/26\/equipo-ultra-liviano-para-el-sendero-gran-patagonia-29-kg\/\">equipo<\/a>.<\/p>\n\n\n\n<h4 class=\"wp-block-heading\">Introducci\u00f3n<\/h4>\n\n\n\n<p>Caminar <em>senderos de largo recorrido<\/em> es una experiencia \u00fanica y apasionante, muy distinta de las salidas t\u00edpicas de fin de semana. Las traves\u00edas comunes, suelen ser viajes de ida y vuelta. En cambio, un <em>sendero de largo recorrido<\/em> es un viaje de ida, en una sola direcci\u00f3n. Las distancias son m\u00e1s largas, y por lo tanto llevan d\u00edas, semanas o tal vez meses. La inmersi\u00f3n en la naturaleza es, por lo tanto, mucho m\u00e1s profunda. Pr\u00e1cticamente se entra en una nueva forma de vida: el cuerpo se fortalece, la menta se sosiega, crece el temple y se aprende a disfrutar mejor cada instante.<\/p>\n\n\n\n<p>Dentro de esta categor\u00eda entra el Sendero Gran Patagonia (famosas siglas en ingl\u00e9s \u00abGPT\u00bb), que comprende 40 secciones, uniendo Santiago de Chile con El Chalt\u00e9n en una extensi\u00f3n de aproximadamente 3000 km (ir a <a href=\"https:\/\/homotheoreticus.wordpress.com\/2019\/02\/13\/sendero-gran-patagonia-2018-19\/\">descripci\u00f3n general<\/a>). La ruta consiste en senderos, picadas de animales, campo traviesa, arbustos, huellas de auto y r\u00edos sin puentes, en paisajes desde des\u00e9rticos hasta selv\u00e1ticos. Para recorrerlo se requiere contar con un GPS y tener conocimientos de orientaci\u00f3n y navegaci\u00f3n, ya que el camino no est\u00e1 se\u00f1alizado. Las distancias entre cada secci\u00f3n son largas y casi no hay se\u00f1al de celular, por lo que hay que saber actuar ante un posible imprevisto. Todo esto representa un gran desaf\u00edo, a la vez que un atractivo para el amante de la aventura.<a href=\"http:\/\/En otra entrada describo el Sendero Gran Patagonia a grandes rasgos.\"><\/a><\/p>\n\n\n\n<p>Yo ven\u00eda pensando en recorrer el Sendero Gran Patagonia desde hace m\u00e1s de un a\u00f1o. Supe de su existencia por la p\u00e1gina de <a rel=\"noreferrer noopener\" aria-label=\"Wikiexplora (abre en una nueva pesta\u00f1a)\" href=\"http:\/\/www.wikiexplora.com\/Greater_Patagonian_Trail\" target=\"_blank\">Wikiexplora<\/a> y de inmediato qued\u00e9 fascinado por la amplitud del recorrido. Me contact\u00e9 con el creador, Jan Dudeck, quien me proporcion\u00f3 los tracks de GPS y un manual indispensable.<\/p>\n\n\n\n<figure class=\"wp-block-image size-large\"><img decoding=\"async\" src=\"https:\/\/homotheoreticus.files.wordpress.com\/2019\/02\/img_5110.jpg?w=736\" alt=\"\" class=\"wp-image-592\"\/><figcaption>El GPS es obligatorio, ya que la ruta no est\u00e1 se\u00f1alizada.<\/figcaption><\/figure>\n\n\n\n<p>Mi plan fue caminar el Sendero Gran Patagonia a trav\u00e9s de los 3000 km de ruta regular entre Santiago de Chile y el Chalt\u00e9n. Para eso necesitar\u00eda dedicarle dos temporadas completas, o tal vez m\u00e1s. Fue as\u00ed que, tras una larga preparaci\u00f3n, me lanc\u00e9 a la aventura. <\/p>\n\n\n\n<p>En Diciembre de 2018 viaj\u00e9 en avi\u00f3n a Santiago de Chile. Una vez all\u00ed obtuve cambio en pesos chilenos, compr\u00e9 v\u00edveres para 7 d\u00edas en el supermercado y tom\u00e9 el metro hasta Puente Alto, lugar donde comienza la primera secci\u00f3n.<\/p>\n\n\n\n<figure class=\"wp-block-image size-large\"><img decoding=\"async\" src=\"https:\/\/homotheoreticus.files.wordpress.com\/2019\/09\/img_2508.jpg?w=1024\" alt=\"\" class=\"wp-image-736\"\/><figcaption>Localidad de Puente Alto, en las inmediaciones de Santiago.<\/figcaption><\/figure>\n\n\n\n<h3 class=\"wp-block-heading\">Rese\u00f1a de las secciones 1 a 4 (324,5 km)<\/h3>\n\n\n\n<iframe loading=\"lazy\" src=\"https:\/\/www.google.com\/maps\/d\/embed?mid=1-G98LnD5dtX3myohdRJnI02hU3QBAVgj&#038;ehbc=2E312F\" width=\"640\" height=\"480\"><\/iframe>\n\n\n\n<p><em>(Los marcadores en rojo son los lugares donde pas\u00e9 la noche)<br>Ascenso = 16271 m. Descenso = 16185 m.<br>Altitud m\u00e1xima = 3285 msnm. Altitud m\u00ednima = 469 msnm <\/em><\/p>\n\n\n\n<h3 class=\"wp-block-heading\">Secci\u00f3n 1: \u00abCerro Purgatorio\u00bb<\/h3>\n\n\n\n<h4 class=\"wp-block-heading\">D\u00eda 1 (32,4 km)<\/h4>\n\n\n\n<p>Dorm\u00ed en un alojamiento para poder salir a caminar temprano. De all\u00ed tom\u00e9 un taxi para iniciar la caminata en las afueras de la ciudad. Quise seguir la ruta regular, que en el GPS aparec\u00eda marcada con l\u00ednea negra gruesa, pero una tranquera me oblig\u00f3 a pegar un rodeo y seguir por un camino alternativo. Los primeros kil\u00f3metros son en una huella vehicular no transitada, bajo la sombra agradable de algunos \u00e1rboles.<\/p>\n\n\n\n<figure class=\"wp-block-image size-large\"><img decoding=\"async\" src=\"https:\/\/homotheoreticus.files.wordpress.com\/2019\/09\/img_2540.jpg?w=1024\" alt=\"\" class=\"wp-image-737\"\/><figcaption>Puente que da inicio al GPT, a metros del R\u00edo Maipo. A la derecha hay una capilla.<\/figcaption><\/figure>\n\n\n\n<p>A medida que la huella vehicular asciende, me encuentro sin reparo bajo los rayos del sol. Pasan las horas y va subiendo la temperatura. Por suerte el clima seco y el aire que circula en la altura hacen agradable la caminata. Me entretengo observando los cactus gigantes. <\/p>\n\n\n\n<figure class=\"wp-block-image size-large\"><img decoding=\"async\" src=\"https:\/\/homotheoreticus.files.wordpress.com\/2019\/09\/img_2549.jpg?w=1024\" alt=\"\" class=\"wp-image-738\"\/><figcaption>C\u00e1ctus gigante camino al Cerro Purgatorio.<\/figcaption><\/figure>\n\n\n\n<p>La huella asciende de manera gradual en forma paralela a un arroyo hasta sus nacientes. Cada tanto me volteo para observar alejarse la ciudad de Santiago.<\/p>\n\n\n\n<figure class=\"wp-block-image size-large\"><img decoding=\"async\" src=\"https:\/\/homotheoreticus.files.wordpress.com\/2019\/09\/img_2579.jpg?w=1024\" alt=\"\" class=\"wp-image-739\"\/><figcaption>Dejando atr\u00e1s la ciudad de Santiago<\/figcaption><\/figure>\n\n\n\n<p>Luego de varias horas de caminata el camino sube abruptamente. Justo antes hay un bosque con sombra y un arroyo de agua cristalina, lugar \u00f3ptimo para el descanso. Cargo agua y me preparo para la subida. Lo que sigue a continuaci\u00f3n es bastante empinado hasta acceder a un paso de 2230 msnm. En mi primer d\u00eda de caminata tengo la dicha descubrir la imponente cordillera de los Andes, que marca el l\u00edmite con Argentina. A lo lejos se ven varias cumbres llamativas, probablemente el cerro Tupungato y el Marmolejo. Sigue un rato la caminata por meseta.<\/p>\n\n\n\n<figure class=\"wp-block-image size-large\"><img decoding=\"async\" src=\"https:\/\/homotheoreticus.files.wordpress.com\/2019\/09\/img_2589.jpg?w=1024\" alt=\"\" class=\"wp-image-740\"\/><\/figure>\n\n\n\n<p>A continuaci\u00f3n desciendo al Caj\u00f3n del Maipo. Empieza a reaparecer la vegetaci\u00f3n y algunas partes de bosque con sombra. La mala noticia es que las \u00faltimas dos fuentes de agua que figuran en el GPS son de muy mala calidad. Por tal motivo, decido no tomar el agua y seguir de un tir\u00f3n hasta el valle.<\/p>\n\n\n\n<p>Ya son casi las 20 hs. El camino vehicular se hace cada vez m\u00e1s transitable y me conduce hasta el cruce con la ruta. El final de la secci\u00f3n es en la localidad de El Melocot\u00f3n, pero como llevo provisiones suficientes no necesito desviarme. En su lugar continuo hasta la Reserva Coyanco, desde donde arranca la secci\u00f3n 2 del GPT. Tras un breve descanso con cena incluida, armo la carpa debajo de unos \u00e1rboles. Cerca corre el Estero Coyanco.<\/p>\n\n\n\n<h3 class=\"wp-block-heading\">Secci\u00f3n 2: \u00abMina el Teniente\u00bb<\/h3>\n\n\n\n<p>Primer error del GPT: arranqu\u00e9 haciendo demasiado esfuerzo. Hice 32 km, lo cual no es poco para un ascenso de 1600 metros. Si uno planea hacer una traves\u00eda de larga recorrido, debe empezar de a poco y aumentar la exigencia diaria a medida que el cuerpo se acostumbra y se fortalece. Mi plan original era acampar en la mitad de la primera secci\u00f3n, pero al no tener agua segu\u00ed hasta el final. El entusiasmo psicol\u00f3gico tambi\u00e9n enga\u00f1a, pero la biolog\u00eda pasa factura. Al d\u00eda siguiente, me obligu\u00e9 a descansar bastante y a disminuir el ritmo de caminata.<\/p>\n\n\n\n<h4 class=\"wp-block-heading\">D\u00eda 2 (18,2 km)<\/h4>\n\n\n\n<p>Descans\u00e9 hasta el mediod\u00eda. Me tom\u00e9 un desayuno super abundante, con huevos y todo. Mientras, conversaba y tomaba mate con la familia Fern\u00e1ndez Le\u00f3n, los cuidadores de la reserva. Les cont\u00e9 mis planes y se quedaron sorprendidos: muy pocos transitaban esa zona y me advirtieron que estar\u00eda totalmente solo.<\/p>\n\n\n\n<figure class=\"wp-block-image size-large\"><img decoding=\"async\" src=\"https:\/\/homotheoreticus.files.wordpress.com\/2019\/09\/img_2599.jpg?w=1024\" alt=\"\" class=\"wp-image-742\"\/><figcaption>Valle del Estero Coyanco<\/figcaption><\/figure>\n\n\n\n<p>Despu\u00e9s del mediod\u00eda me dediqu\u00e9 a caminar hacia las nacientes del Estero. Un sendero bien marcado me condujo faldeando un cerro por la margen izquierda. El camino pasa por bosque y hay buena sombra. Lo dif\u00edcil fue conseguir agua en la altura, porque la mayor\u00eda de los arroyos estaban secos. Me cruc\u00e9 con varias cuevas (\u00bfposible hogar de alg\u00fan puma?).<\/p>\n\n\n\n<p>Al atardecer, descend\u00ed hasta un arroyo que conflu\u00eda con el Estero. La calidad del agua era muy buena. Pas\u00e9 un rato descansando sobre enormes piedras, disfrutando del cambio en el canto de los p\u00e1jaros al atardecer. En un tupido bosque arm\u00e9 la carpa y me prepar\u00e9 para el descanso. Por mi cabeza pasaba la inquietud de que un puma saliera al encuentro&#8230;<\/p>\n\n\n\n<figure class=\"wp-block-image size-large\"><img decoding=\"async\" src=\"https:\/\/homotheoreticus.files.wordpress.com\/2019\/09\/img_2612.jpg?w=1024\" alt=\"\" class=\"wp-image-743\"\/><figcaption>Acampando bajo los \u00e1rboles. La puerta abierta permite que corra aire y no condense<\/figcaption><\/figure>\n\n\n\n<h4 class=\"wp-block-heading\">D\u00eda 3 (16 km)<\/h4>\n\n\n\n<p>Al d\u00eda siguiente el sendero sub\u00eda y desaparec\u00eda frente a un cipr\u00e9s ca\u00eddo. Tuve que luchar con los arbustos para poder seguir. M\u00e1s adelante se pod\u00eda ver una antigua huella hundida, pero muy tapada por la maleza. En un momento decid\u00ed cortar camino y subir directamente por encima del nivel de la vegetaci\u00f3n. Fue una parte dura; me habr\u00e1 llevado aproximadamente 1 hora. Una vez arriba, el sendero reapareci\u00f3 y fue f\u00e1cil continuar. Me deslumbr\u00f3 la vista al valle del Estero Coyanco y al fondo, la Cordillera de los Andes.<\/p>\n\n\n\n<figure class=\"wp-block-image size-large\"><img decoding=\"async\" src=\"https:\/\/homotheoreticus.files.wordpress.com\/2019\/09\/img_2620.jpg?w=1024\" alt=\"\" class=\"wp-image-744\"\/><figcaption>Vista hacia el valle del Estero Coyanco; al fondo la Cordilera de los Andes. <\/figcaption><\/figure>\n\n\n\n<p>A lo largo del d\u00eda, el sendero vuelve a cruzarse con el estero. Lo vadeo un par de veces. Lamentablemente ocurri\u00f3 lo indeseado: saqu\u00e9 ampollas y mucho m\u00e1s pronto de lo que imaginaba. Fue la caminata abrupta del primer d\u00eda y luego el calor, la tierra del camino, en fin, el sobre esfuerzo inicial. Pero la belleza del paisaje todo lo compensa. Nada m\u00e1s agradable que mojar los pies en el estero o sentarme a vaciar la comida de la mochila.<\/p>\n\n\n\n<figure class=\"wp-block-image size-large\"><img decoding=\"async\" src=\"https:\/\/homotheoreticus.files.wordpress.com\/2019\/09\/img_2631.jpg?w=1024\" alt=\"\" class=\"wp-image-746\"\/><figcaption>Improvisando comidas cal\u00f3ricas<\/figcaption><\/figure>\n\n\n\n<p>Pude disfrutar de un ba\u00f1o de agua helada en los piletones del Estero Coyanco. Era un lugar totalmente remoto. A veces me cruzaba algunas vacas que hu\u00edan de mi presencia.<\/p>\n\n\n\n<figure class=\"wp-block-image size-large\"><img decoding=\"async\" src=\"https:\/\/homotheoreticus.files.wordpress.com\/2019\/09\/img_2644.jpg?w=1024\" alt=\"\" class=\"wp-image-748\"\/><figcaption>Estero Coyanco cerca de sus nacientes<\/figcaption><\/figure>\n\n\n\n<p>En determinado momento se deja atr\u00e1s el estero y empieza el ascenso de nuevo. Me cruc\u00e9 varias cuevas.  Probablemente las usan los arrieros en caso de tormenta.<\/p>\n\n\n\n<figure class=\"wp-block-image size-large\"><img decoding=\"async\" src=\"https:\/\/homotheoreticus.files.wordpress.com\/2019\/09\/img_2646.jpg?w=1024\" alt=\"\" class=\"wp-image-749\"\/><figcaption>\u00bfRefugio de arrieros o de fieras salvajes?<\/figcaption><\/figure>\n\n\n\n<p>Llegu\u00e9 a una zona de veraneada. Una vez que encontr\u00e9 una fuente de agua confiable arm\u00e9 campamento. El lugar era especial, ten\u00eda una vista imponente y soplaba el aire fresco del atardecer. Hab\u00eda rastros humanos: una peque\u00f1a ermita sobre un mont\u00edculo de piedras, alambre atado para sostener alg\u00fan toldo, una olla tirada.  <\/p>\n\n\n\n<figure class=\"wp-block-image size-large\"><img decoding=\"async\" src=\"https:\/\/homotheoreticus.files.wordpress.com\/2019\/09\/img_2653.jpg?w=1024\" alt=\"\" class=\"wp-image-751\"\/><figcaption>Acampando en el l\u00edmite de la Regi\u00f3n Metropolitana con la Regi\u00f3n O&#8217; Higgins<\/figcaption><\/figure>\n\n\n\n<h4 class=\"wp-block-heading\">D\u00eda 4 (37,4 km)<\/h4>\n\n\n\n<p>El d\u00eda siguiente fue el m\u00e1s demandante y a la vez el m\u00e1s espectacular de toda la secci\u00f3n. Empezaba a internarme en la Regi\u00f3n del Libertador O&#8217; Higgins. Gan\u00e9 pronto mucha altura, llegando a los 3285 msnm. Pude tocar la nieve y caminar sobre terreno rocoso. Abundaban peque\u00f1os arroyos de deshielo que se acumulaban en mallines.<\/p>\n\n\n\n<figure class=\"wp-block-image size-large\"><img decoding=\"async\" src=\"https:\/\/homotheoreticus.files.wordpress.com\/2019\/09\/img_2683.jpg?w=1024\" alt=\"\" class=\"wp-image-753\"\/><figcaption>Caj\u00f3n de monta\u00f1as a 3000 msnm<\/figcaption><\/figure>\n\n\n\n<p>En los mallines hab\u00eda algunas vacas veraneando. En los puntos m\u00e1s elevados la vista era impresionante. Se perd\u00edan las monta\u00f1as lejanas en el horizonte celeste. Fue el punto m\u00e1s alto de todo el GPT. El viento soplaba con fuerza y ca\u00eda la temperatura. <\/p>\n\n\n\n<figure class=\"wp-block-image size-large\"><img decoding=\"async\" src=\"https:\/\/homotheoreticus.files.wordpress.com\/2019\/09\/img_2700.jpg?w=1024\" alt=\"\" class=\"wp-image-755\"\/><figcaption>Vista panor\u00e1mica desde el punto m\u00e1s alto de la secci\u00f3n<\/figcaption><\/figure>\n\n\n\n<p>Al final, el sendero va siguiendo el filo de un cord\u00f3n monta\u00f1oso. Tem\u00ed que lloviera, pero las nubes no pasaron de ser un susto. La sensaci\u00f3n de soledad all\u00e1 arriba fue realmente tremenda.<\/p>\n\n\n\n<p>En determinado momento el sendero confluye con una huella vehicular. Empieza el largo descenso en un paisaje totalmente \u00e1rido y rocoso. Tras un par de horas de caminata con mucho viento, empieza la vegetaci\u00f3n. Ya estoy en la zona de la Mina El Teniente.<\/p>\n\n\n\n<figure class=\"wp-block-image size-large\"><img decoding=\"async\" src=\"https:\/\/homotheoreticus.files.wordpress.com\/2019\/09\/img_2721.jpg?w=1024\" alt=\"\" class=\"wp-image-754\"\/><figcaption>Camino vehicular interno de la Mina El Teniente<\/figcaption><\/figure>\n\n\n\n<p>Acamp\u00e9 al costado de un puente, a metros del Estero Codegua. Esa fue la \u00faltima fuente de agua potable de toda la secci\u00f3n. El terreno con piedras me impidi\u00f3 clavar las estacas, por lo que tuve que armar la carpa sosteniendo los vientos con piedras.<\/p>\n\n\n\n<h4 class=\"wp-block-heading\">D\u00eda 5 (23,8 km) y 6 (descanso)<\/h4>\n\n\n\n<p>Al d\u00eda siguiente continu\u00e9 la caminata un par de horas. La fuente de agua m\u00e1s pr\u00f3xima que figuraba en el GPS result\u00f3 estar seca. Tras caminar aproximadamente 15 km pas\u00e9 por un puesto de la mina. All\u00ed me detuvieron y me explicaron que el paso no estaba permitido, as\u00ed que me condujeron en camioneta hasta la entrada de la mina. As\u00ed termin\u00e9 los \u00faltimos kil\u00f3metros de la secci\u00f3n. Los empleados se portaron muy bien conmigo, hasta me ofrecieron comida y agua. Camin\u00e9 desde El Mait\u00e9n hasta la localidad de Coya.<\/p>\n\n\n\n<p>A esa altura estaba muy cansado. En Coya dorm\u00ed en un hostel que pude disfrutar con exclusividad, porque todav\u00eda no era temporada alta. Necesitaba reponer energ\u00edas y curar las ampollas, as\u00ed que decid\u00ed descansar una noche m\u00e1s.<\/p>\n\n\n\n<figure class=\"wp-block-image size-large\"><img decoding=\"async\" src=\"https:\/\/homotheoreticus.files.wordpress.com\/2019\/09\/img_2766.jpg?w=736\" alt=\"\" class=\"wp-image-759\"\/><figcaption>Localidad de Coya (3.000 habitantes)<\/figcaption><\/figure>\n\n\n\n<p>Una vez en Coya el objetivo pronto fue comer bien, descansar y dar se\u00f1ales de vida a mi familia. Me di cuenta que era dif\u00edcil conseguir lugares con wifi, as\u00ed que compr\u00e9 un chip de celular de Chile.<\/p>\n\n\n\n<p>Aprend\u00ed algo muy valioso de las primeras secciones: los peligros del sol. Tanto calor y actividad f\u00edsica invitaban a andar en manga corta y pantal\u00f3n corto. Grave error. Termin\u00e9 con unas buenas quemaduras que me molestaron durante d\u00edas, sobre todo al dormir. Como lecci\u00f3n, empec\u00e9 a aprovechar al m\u00e1ximo la camisa manga larga con el cuello hasta la pera, pas\u00e9 a usar pantal\u00f3n largo a pesar del calor y compr\u00e9 pantalla solar. Sin embargo, las quemaduras en las manos fueron una constante de todo el GPT.<\/p>\n\n\n\n<h3 class=\"wp-block-heading\">Secci\u00f3n 3: \u00abR\u00edos Claros\u00bb<\/h3>\n\n\n\n<h4 class=\"wp-block-heading\">D\u00eda 7 (33 km)<\/h4>\n\n\n\n<p>Renovadas las energ\u00edas, sal\u00ed a caminar en direcci\u00f3n a las Termas de Cauquenes. Camin\u00e9 en un agradable sendero por bosque hasta llegar a un hotel. Pregunt\u00e9 por el camino y me indicaron que tomara una huella vehicular que sub\u00eda hasta el camping Los Huinganes. A partir del camping  comenzaba un \u00e1rido y polvoriento sendero en medio de un agradable bosque que pronto se encontrar\u00eda con un r\u00edo. <\/p>\n\n\n\n<figure class=\"wp-block-image size-large\"><img decoding=\"async\" src=\"https:\/\/homotheoreticus.files.wordpress.com\/2019\/09\/img_2776.jpg?w=736\" alt=\"\" class=\"wp-image-760\"\/><figcaption>Ascendiendo por el sendero del \u00abPeumo Llor\u00f3n\u00bb<\/figcaption><\/figure>\n\n\n\n<p>El sendero est\u00e1 bien pisoteado y es f\u00e1cil de seguir. En un momento en medio del bosque encontr\u00e9 un antiguo y llamativo corral de piedras.<\/p>\n\n\n\n<figure class=\"wp-block-image size-large\"><img decoding=\"async\" src=\"https:\/\/homotheoreticus.files.wordpress.com\/2019\/09\/img_2779.jpg?w=736\" alt=\"\" class=\"wp-image-762\"\/><figcaption>Corral de piedras semi-derrumbado<\/figcaption><\/figure>\n\n\n\n<p>Tras vadear el r\u00edo me cruc\u00e9 con un grupo de caminantes. Regresaban de una traves\u00eda con sus ca\u00f1as de pescar y equipo de acampe.<\/p>\n\n\n\n<figure class=\"wp-block-image size-large\"><img decoding=\"async\" src=\"https:\/\/homotheoreticus.files.wordpress.com\/2019\/09\/img_2781.jpg?w=736\" alt=\"\" class=\"wp-image-761\"\/><figcaption>\u00abCasa de piedra\u00bb, refugio natural escogido por algunos excursionistas.<\/figcaption><\/figure>\n\n\n\n<p>Cerca del final del valle, arm\u00e9 campamento. Ca\u00edda la tarde, apareci\u00f3 una vaca bien flaca. Le combin\u00e9 avena y se qued\u00f3 cerca m\u00edo, mir\u00e1ndome. Seguramente estaba perdida la pobre.<\/p>\n\n\n\n<figure class=\"wp-block-image size-large\"><img decoding=\"async\" src=\"https:\/\/homotheoreticus.files.wordpress.com\/2019\/09\/img_2789.jpg?w=736\" alt=\"\" class=\"wp-image-763\"\/><figcaption>Vaca en estado deportivo por la monta\u00f1a.<\/figcaption><\/figure>\n\n\n\n<h4 class=\"wp-block-heading\">D\u00eda 8 (32,2 de Diciembre) y 9 (descanso)<\/h4>\n\n\n\n<p>Al d\u00eda siguiente me esperaba un paso de monta\u00f1a. No presentaba mucha pendiente. La dificultad estuvo en que el sendero arriba no tiene mantenimiento. Hab\u00eda marcas de ganado, pero la vegetaci\u00f3n estaba muy crecida.<\/p>\n\n\n\n<figure class=\"wp-block-image size-large\"><img decoding=\"async\" src=\"https:\/\/homotheoreticus.files.wordpress.com\/2019\/09\/img_2793.jpg?w=736\" alt=\"\" class=\"wp-image-764\"\/><figcaption>A lo lejos se ve el paso monta\u00f1oso (2.000 msnm)<\/figcaption><\/figure>\n\n\n\n<p>La parte m\u00e1s dif\u00edcil fue del otro lado. Al descender del paso, el sendero se perd\u00eda y tuve que luchar con la maleza. Aqu\u00ed el GPS fue clave para no perder el rumbo.<\/p>\n\n\n\n<figure class=\"wp-block-image size-large\"><img decoding=\"async\" src=\"https:\/\/homotheoreticus.files.wordpress.com\/2019\/09\/img_2801.jpg?w=736\" alt=\"\" class=\"wp-image-765\"\/><figcaption>Vista hacia el otro lado del paso.<\/figcaption><\/figure>\n\n\n\n<p>Tras luchar aproximadamente media hora con los arbustos, me reencontr\u00e9 con un sendero bien marcado. Cruzando un arroyo, las pisadas indicaban uso frecuente. El sendero result\u00f3 ser de una belleza singular, con agradable bosque y piletones ideales para ba\u00f1arse.<\/p>\n\n\n\n<figure class=\"wp-block-image size-large\"><img decoding=\"async\" src=\"https:\/\/homotheoreticus.files.wordpress.com\/2019\/09\/img_2814.jpg?w=736\" alt=\"\" class=\"wp-image-766\"\/><\/figure>\n\n\n\n<p>En un momento me encontr\u00e9 dos caballos atados y elementos de acampe. Como si se tratara de un espejismo, hab\u00eda un barril con agua fr\u00eda, cervezas y gaseosas helados sumergidas en el interior. Pens\u00e9 que si aparec\u00edan los due\u00f1os, tal vez me invitaran a tomar algo&#8230; as\u00ed que pegu\u00e9 un par de llamados. Pero no encontr\u00e9 a nadie y segu\u00ed caminando.<\/p>\n\n\n\n<figure class=\"wp-block-image size-large\"><img decoding=\"async\" src=\"https:\/\/homotheoreticus.files.wordpress.com\/2019\/09\/img_2817.jpg?w=736\" alt=\"\" class=\"wp-image-767\"\/><figcaption>Huella vehicular<\/figcaption><\/figure>\n\n\n\n<p>Finalmente llegu\u00e9 al R\u00edo Claro y quise vadearlo, pero era imposible. Ven\u00eda con mucha corriente. Eran las 18 hs aproximadamente. Decido entonces tomar una ruta alternativa que me conduce a un puente, para lo cual tengo que retroceder y seguir faldeando el cerro una hora m\u00e1s. Pronto el sendero se transforma en una huella vehicular. Para cruzar el puente tuve que pasar por propiedad privada y solicitar permiso.<\/p>\n\n\n\n<figure class=\"wp-block-image size-large\"><img decoding=\"async\" src=\"https:\/\/homotheoreticus.files.wordpress.com\/2019\/09\/img_2818.jpg?w=736\" alt=\"\" class=\"wp-image-768\"\/><figcaption>Puente para cruzar el R\u00edo Claro<\/figcaption><\/figure>\n\n\n\n<p>Una vez en la ruta, hice dedo hasta la localidad m\u00e1s cercana, El Rengo. Fue inmediato. Mi prioridad era llegar a la ciudad para saludar a mi familia en Noche Buena. Al d\u00eda siguiente, descans\u00e9 y compr\u00e9 v\u00edveres para los pr\u00f3ximos 5 d\u00edas de caminata.<\/p>\n\n\n\n<h4 class=\"wp-block-heading\">D\u00eda 10 (32,6 km)<\/h4>\n\n\n\n<p>Tom\u00e9 un remis desde El Rengo hasta la entrada del camino a la Laguna Los Cristales, cerca de donde hab\u00eda dejado la caminata. El veh\u00edculo lleg\u00f3 hasta donde pudo y a partir de all\u00ed comenc\u00e9 a caminar. Era una agradable y fresca ma\u00f1ana. En un momento, el sendero se apartaba del camino principal y sub\u00eda por la derecha, ascendiendo r\u00e1pidamente. Tras caminar un par de horas por bosque, llegu\u00e9 a un paisaje \u00e1rido sin \u00e1rboles. Un corral de ovejas en la altura llam\u00f3 mi atenci\u00f3n. El sol brillaba sin piedad y hab\u00eda poca agua. Era un camino polvoriento, con arbustos espinosos y abrojos.<\/p>\n\n\n\n<figure class=\"wp-block-image size-large\"><img decoding=\"async\" src=\"https:\/\/homotheoreticus.files.wordpress.com\/2019\/09\/img_2827.jpg?w=736\" alt=\"\" class=\"wp-image-769\"\/><figcaption>Corral de altura cerca de un paso de monta\u00f1a<\/figcaption><\/figure>\n\n\n\n<p>Me cost\u00f3 seguir el sendero, porque las huellas se confund\u00edan entre los arbustos. Era una zona muy pisoteada por el ganado. Hay un primer paso a los 1780 msnm. A partir de all\u00ed, el sendero va siguiendo un filo en la altura. Pude ver las monta\u00f1as desvanecerse en una bruma celeste en el horizonte. Este fen\u00f3meno natural es caracter\u00edstico de las primeras secciones.<\/p>\n\n\n\n<figure class=\"wp-block-image size-large\"><img decoding=\"async\" src=\"https:\/\/homotheoreticus.files.wordpress.com\/2019\/09\/img_2835.jpg?w=736\" alt=\"\" class=\"wp-image-770\"\/><figcaption>Las monta\u00f1as se confunden con el horizonte<\/figcaption><\/figure>\n\n\n\n<p>El sendero zigzaguea entre grandes rocas. Va siguiendo el filo de la monta\u00f1a. Las vistas son incomparables. Sin duda uno de los momentos m\u00e1s bellos de toda la secci\u00f3n.<\/p>\n\n\n\n<figure class=\"wp-block-image size-large\"><img decoding=\"async\" src=\"https:\/\/homotheoreticus.files.wordpress.com\/2019\/09\/img_2838.jpg?w=736\" alt=\"\" class=\"wp-image-771\"\/><figcaption>Sendero por el filo.<\/figcaption><\/figure>\n\n\n\n<p>Tras llegar al segundo paso a 2020 msnm, se descubre un paisaje oculto: aparece un bosque oscuro que cubre las laderas de los cerros.<\/p>\n\n\n\n<figure class=\"wp-block-image size-large\"><img decoding=\"async\" src=\"https:\/\/homotheoreticus.files.wordpress.com\/2019\/09\/img_2842.jpg?w=736\" alt=\"\" class=\"wp-image-772\"\/><figcaption>Paisaje oculto del otro lado del paso (2020 msnm)<\/figcaption><\/figure>\n\n\n\n<p>A partir del descenso, el sendero se interna en un santuario de enormes cohiues, \u00e1rboles que normalmente se encuentran m\u00e1s al sur. Por un fen\u00f3meno at\u00edpico crecen en este micro clima aislado de la Regi\u00f3n de O&#8217;Higgins.<\/p>\n\n\n\n<figure class=\"wp-block-image size-large\"><img decoding=\"async\" src=\"https:\/\/homotheoreticus.files.wordpress.com\/2019\/09\/img_2846.jpg?w=736\" alt=\"\" class=\"wp-image-773\"\/><figcaption>Bosque de cohiues gigantes en un micro clima at\u00edpico<\/figcaption><\/figure>\n\n\n\n<p>En el valle abundan los arroyos con agua cristalina. La sombra de los \u00e1rboles y el correr del agua, hacen del descenso un deleite. La tierra es negra, blanda. El sendero est\u00e1 bien mantenido, es imposible perderse.<\/p>\n\n\n\n<figure class=\"wp-block-image size-large\"><img decoding=\"async\" src=\"https:\/\/homotheoreticus.files.wordpress.com\/2019\/09\/img_2844.jpg?w=736\" alt=\"\" class=\"wp-image-774\"\/><figcaption>Agradable sendero sobre tierra blanda, descendiendo al valle de Aguas Buenas<\/figcaption><\/figure>\n\n\n\n<p>En determinado momento el sendero se convierte en una huella vehicular. Camino hasta un punto llamado \u00abLos Alpes\u00bb, donde aparecen algunas casas. Lo primero que hago es llamar al due\u00f1o y pido permiso para acampar. Me recibe amablemente el Sr. Sergio, antiguo poblador de la zona. Tuve la suerte de poder tomar t\u00e9 y conversar junto a su familia. Aquel d\u00eda aprend\u00ed sobre la vida de campo, las actividades de los arrieros y sobre los pumas salvajes.<\/p>\n\n\n\n<h4 class=\"wp-block-heading\">D\u00eda 11 (38,6 de Diciembre)<\/h4>\n\n\n\n<p>El d\u00eda siguiente fue mon\u00f3tono, todo caminata por ruta asfaltada. Se trata de un tramo de conexi\u00f3n hasta la entrada a la Reserva Alto Huemul. A lo largo del d\u00eda, pas\u00e9 por varias comunidades rurales. Es una zona de grandes plantaciones agr\u00edcolas. Par\u00e9 a desayunar en \u00abLo de Mircia\u00bb, un local particular, donde me dieron algunas recomendaciones, por ejemplo, evitar los caminos de tierra que pasaban por propiedad privada. Por tal motivo tom\u00e9 una ruta m\u00e1s larga de la planeada. Tambi\u00e9n me indicaron que pod\u00eda acampar en \u00abEl Burro\u00bb, una casa particular con terreno. As\u00ed que al llegar la tarde, me permitieron armar all\u00ed la carpa.<\/p>\n\n\n\n<figure class=\"wp-block-image size-large\"><img decoding=\"async\" src=\"https:\/\/homotheoreticus.files.wordpress.com\/2019\/09\/img_2849.jpg?w=736\" alt=\"\" class=\"wp-image-775\"\/><figcaption>Caminata por asfalto en Aguas Buenas<\/figcaption><\/figure>\n\n\n\n<h3 class=\"wp-block-heading\">Secci\u00f3n 4: \u00abAlto Huemul\u00bb<\/h3>\n\n\n\n<h4 class=\"wp-block-heading\">D\u00eda 12 (28,3 km)<\/h4>\n\n\n\n<p>Un camino de tierra conduce a la entrada del Santuario de la Naturaleza Alto Huemul. Una vez all\u00ed, tuve que pagar entrada. En la reserva hay varias opciones para recorrer y acampar.<\/p>\n\n\n\n<p>En determinado momento el camino de auto se vuelve intransitable y se convierte en un sendero, a medida que va en ascenso. Predomina el bosque de cipreses. Pude notar que hab\u00eda rastros de bosque quemado, probablemente de unas dos o tres d\u00e9cadas atr\u00e1s, todav\u00eda en recuperaci\u00f3n. A lo lejos se pod\u00eda contemplar la cordillera nevada.<\/p>\n\n\n\n<figure class=\"wp-block-image size-large\"><img decoding=\"async\" src=\"https:\/\/homotheoreticus.files.wordpress.com\/2019\/09\/img_2861.jpg?w=736\" alt=\"\" class=\"wp-image-777\"\/><figcaption>Ascendiendo por un bosque de cipreses. Al fondo, la Cordillera<\/figcaption><\/figure>\n\n\n\n<p>Todo este sendero es de una singular belleza. Al principio el suelo es muy \u00e1rido y polvoriento. Dado que el camino es ancho, los \u00e1rboles no alcanzan a dar suficiente sombra.<\/p>\n\n\n\n<figure class=\"wp-block-image size-large\"><img decoding=\"async\" src=\"https:\/\/homotheoreticus.files.wordpress.com\/2019\/09\/img_2858.jpg?w=736\" alt=\"\" class=\"wp-image-776\"\/><figcaption>Un nuevo acompa\u00f1ante<\/figcaption><\/figure>\n\n\n\n<p>Otra caracter\u00edstica de la secci\u00f3n es la erosi\u00f3n del camino, que parece una canaleta, probablemente por efecto de las lluvias. La tierra es colorada, contrastando bellamente con el tinte celeste de la distancia. Ya bastante m\u00e1s arriba, el bosque se pone denso y aparecen los arroyos de monta\u00f1a.<\/p>\n\n\n\n<figure class=\"wp-block-image size-large\"><img decoding=\"async\" src=\"https:\/\/homotheoreticus.files.wordpress.com\/2019\/09\/img_2863.jpg?w=736\" alt=\"\" class=\"wp-image-778\"\/><figcaption>Sendero erosionado bajo los rayos del sol<\/figcaption><\/figure>\n\n\n\n<p>Tras un ascenso abrupto y muy demandante, se supera el l\u00edmite de vegetaci\u00f3n. Aqu\u00ed el sendero empieza ascender m\u00e1s gradualmente. Hay varias ovejas pastando.<\/p>\n\n\n\n<figure class=\"wp-block-image size-large\"><img decoding=\"async\" src=\"https:\/\/homotheoreticus.files.wordpress.com\/2019\/09\/img_2871.jpg?w=736\" alt=\"\" class=\"wp-image-779\"\/><figcaption>Superado el l\u00edmite de vegetaci\u00f3n el ascenso es m\u00e1s moderado, con vistas espectaculares<\/figcaption><\/figure>\n\n\n\n<p>Al final del d\u00eda me cruc\u00e9 con un grupo de europeos que hac\u00edan una traves\u00eda a caballo. Me sorprendi\u00f3 que los guiaba un ni\u00f1o chileno con sombrero guaso. Lo felicit\u00e9. Atr\u00e1s de todo apareci\u00f3 el padre, cuidando la mula con el equipaje. Ya al finalizar la tarde llegu\u00e9 a la Laguna Guzm\u00e1n, escondida entre gigantescas paredes de piedra. Ya empezaba a sentirse el fr\u00edo, as\u00ed que arm\u00e9 la carpa y me met\u00ed a dormir.<\/p>\n\n\n\n<figure class=\"wp-block-image size-large\"><img decoding=\"async\" src=\"https:\/\/homotheoreticus.files.wordpress.com\/2019\/09\/img_2913.jpg?w=736\" alt=\"\" class=\"wp-image-781\"\/><figcaption>Acampando junto a la Laguna Guzm\u00e1n (2.325 msnm)<\/figcaption><\/figure>\n\n\n\n<h4 class=\"wp-block-heading\">D\u00eda 13 (26,6 km)<\/h4>\n\n\n\n<p>La caminata del d\u00eda siguiente estuvo tan buena como la anterior. Ya sin sendero, sin vegetaci\u00f3n y con planchones de nieve, hay que continuar por acarreo hasta el filo de la monta\u00f1a. El punto m\u00e1s alto son los 2500 msnm, con vistas impresionantes a la Cordillera de los Andes. Aqu\u00ed la vista panor\u00e1mica fue de las m\u00e1s hermosas de todo el GPT.<\/p>\n\n\n\n<figure class=\"wp-block-image size-large\"><img decoding=\"async\" src=\"https:\/\/homotheoreticus.files.wordpress.com\/2019\/09\/img_2928.jpg?w=736\" alt=\"\" class=\"wp-image-785\"\/><figcaption>Vista panor\u00e1mica en el punto m\u00e1s alto de la secci\u00f3n (2500 msnm)<\/figcaption><\/figure>\n\n\n\n<p>Del otro lado del filo, hab\u00eda una segunda laguna con caballos pastando. Mientras descend\u00eda me sorpendi\u00f3 un elemento distinto del paisaje: hab\u00eda una nube de humo alrededor del cord\u00f3n monta\u00f1oso de enfrente. Al d\u00eda siguiente pude confirmar mis sospechas: se trataba de un volc\u00e1n en actividad. Mi temor era que tuviera que suspender la siguiente secci\u00f3n por alerta volc\u00e1nica, cosa que efectivamente ocurri\u00f3.<\/p>\n\n\n\n<figure class=\"wp-block-image size-large\"><img decoding=\"async\" src=\"https:\/\/homotheoreticus.files.wordpress.com\/2019\/09\/img_2946.jpg?w=736\" alt=\"\" class=\"wp-image-782\"\/><figcaption>Primer avistaje del volc\u00e1n Planch\u00f3n Peteroa en actividad<\/figcaption><\/figure>\n\n\n\n<p>Con la segunda laguna dej\u00e9 atr\u00e1s la Regi\u00f3n O&#8217; Higgins e ingres\u00e9 a la Regi\u00f3n del Maule. Despu\u00e9s de una bajada abrupta en zigzag, el sendero se interna en un agradable bosque con tierra blanda y negra.<\/p>\n\n\n\n<figure class=\"wp-block-image size-large\"><img decoding=\"async\" src=\"https:\/\/homotheoreticus.files.wordpress.com\/2019\/09\/img_2954.jpg?w=736\" alt=\"\" class=\"wp-image-787\"\/><figcaption>Agradable bosque en bajada<\/figcaption><\/figure>\n\n\n\n<p>El sendero se encuentra con el arroyo Los Pejerreyes y lo va siguiendo a lo largo del valle. Todo el tramo final es muy agradable y hay bellos sitios para armar campamento.<\/p>\n\n\n\n<figure class=\"wp-block-image size-large\"><img decoding=\"async\" src=\"https:\/\/homotheoreticus.files.wordpress.com\/2019\/09\/img_2950.jpg?w=736\" alt=\"\" class=\"wp-image-783\"\/><figcaption>Una lagartija en el camino<\/figcaption><\/figure>\n\n\n\n<p>Como de costumbre, el sendero termina confluyendo con camino vehicular. A las 18 hs llego a la peque\u00f1a localidad de Los Que\u00f1es, fin de la secci\u00f3n 4. Pas\u00e9 la noche en el alojamiento de Andr\u00e9s. All\u00ed me dediqu\u00e9 a lavar ropa, descansar los pies y comer bien. Me hice algunos amigos, a la vez que aprend\u00ed algunos secretos de la cocina chilena.<\/p>\n\n\n\n<figure class=\"wp-block-image size-large\"><img decoding=\"async\" src=\"https:\/\/homotheoreticus.files.wordpress.com\/2019\/09\/img_2961.jpg?w=736\" alt=\"\" class=\"wp-image-784\"\/><figcaption>Localidad de Los Que\u00f1es, Regi\u00f3n del Maule<\/figcaption><\/figure>\n\n\n\n<h4 class=\"wp-block-heading\">D\u00eda 14 (conexi\u00f3n)<\/h4>\n\n\n\n<p>Al d\u00eda siguiente estaba listo para empezar la secci\u00f3n n\u00b0 5. Como de costumbre, me preocup\u00e9 por notificar a la gente del lugar sobre mis planes. Pas\u00e9 por la oficina de Carabineros. Lamentablemente, mi temor se hizo realidad: el camino estaba cerrado debido a la actividad del volc\u00e1n Planch\u00f3n Peteroa. Insist\u00ed un poco in\u00fatilmente (\u00a1qu\u00e9 terco!); el volc\u00e1n se encontraba humeando y en alerta amarilla. <\/p>\n\n\n\n<p>Inmediatamente adapt\u00e9 mis planes. Tendr\u00eda que saltearme la secci\u00f3n 5 y dirigirme al comienzo de la secci\u00f3n 6. Tom\u00e9 el micro que sal\u00eda temprano a Curic\u00f3 y desde all\u00ed otro micro hasta Molina. Eran las 17 hs y necesitaba una conexi\u00f3n m\u00e1s para llegar hasta Puente Ingl\u00e9s, pero no hab\u00eda micro a esa hora. Ocurri\u00f3 que en la terminal hab\u00eda un grupo de mochileros que iban al mismo lugar que yo. Conversamos y surgi\u00f3 la idea de pagar una camioneta juntos, ya que viaj\u00e1bamos para el mismo lado. As\u00ed continu\u00f3 la traves\u00eda y de paso me hice un grupo de amigos, con quienes compart\u00ed campamento los pr\u00f3ximos d\u00edas.<\/p>\n\n\n\n<p>Ir a la <a href=\"https:\/\/homotheoreticus.wordpress.com\/2019\/09\/08\/resena-del-sendero-gran-patagonia-2-parte\/\">segunda parte<\/a>.<\/p>\n\n\n\n<p>Ir a <a href=\"https:\/\/homotheoreticus.wordpress.com\/2019\/02\/13\/sendero-gran-patagonia-2018-19\/\">rese\u00f1a general<\/a>. <\/p>\n\n\n\n<p>Ir a <a href=\"https:\/\/homotheoreticus.wordpress.com\/2019\/02\/26\/equipo-ultra-liviano-para-el-sendero-gran-patagonia-29-kg\/\">equipo<\/a>. <\/p>\n\n\n\n<p>Ir a <a href=\"https:\/\/www.youtube.com\/watch?v=dkegSMZWf0U\">video<\/a>.<\/p>\n","protected":false},"excerpt":{"rendered":"<p>Rese\u00f1a de mis experiencias iniciales en el Sendero Gran Patagonia, a trav\u00e9s de las secciones 1 a 4.<\/p>\n","protected":false},"author":2,"featured_media":745,"comment_status":"open","ping_status":"open","sticky":false,"template":"","format":"standard","meta":{"om_disable_all_campaigns":false,"_monsterinsights_skip_tracking":false,"_monsterinsights_sitenote_active":false,"_monsterinsights_sitenote_note":"","_monsterinsights_sitenote_category":0,"_uf_show_specific_survey":0,"_uf_disable_surveys":false,"cybocfi_hide_featured_image":"","footnotes":""},"categories":[6,1,2],"tags":[14,21,22,32,39],"class_list":["post-731","post","type-post","status-publish","format-standard","has-post-thumbnail","hentry","category-sendero-gran-patagonia-gpt","category-sin-categoria","category-travesias","tag-chile","tag-gpt","tag-greater-patagonian-trail","tag-patagonia","tag-sendero-gran-patagonia"],"aioseo_notices":[],"_links":{"self":[{"href":"https:\/\/homotheoreticus.com\/index.php\/wp-json\/wp\/v2\/posts\/731","targetHints":{"allow":["GET"]}}],"collection":[{"href":"https:\/\/homotheoreticus.com\/index.php\/wp-json\/wp\/v2\/posts"}],"about":[{"href":"https:\/\/homotheoreticus.com\/index.php\/wp-json\/wp\/v2\/types\/post"}],"author":[{"embeddable":true,"href":"https:\/\/homotheoreticus.com\/index.php\/wp-json\/wp\/v2\/users\/2"}],"replies":[{"embeddable":true,"href":"https:\/\/homotheoreticus.com\/index.php\/wp-json\/wp\/v2\/comments?post=731"}],"version-history":[{"count":1,"href":"https:\/\/homotheoreticus.com\/index.php\/wp-json\/wp\/v2\/posts\/731\/revisions"}],"predecessor-version":[{"id":1889,"href":"https:\/\/homotheoreticus.com\/index.php\/wp-json\/wp\/v2\/posts\/731\/revisions\/1889"}],"wp:featuredmedia":[{"embeddable":true,"href":"https:\/\/homotheoreticus.com\/index.php\/wp-json\/wp\/v2\/media\/745"}],"wp:attachment":[{"href":"https:\/\/homotheoreticus.com\/index.php\/wp-json\/wp\/v2\/media?parent=731"}],"wp:term":[{"taxonomy":"category","embeddable":true,"href":"https:\/\/homotheoreticus.com\/index.php\/wp-json\/wp\/v2\/categories?post=731"},{"taxonomy":"post_tag","embeddable":true,"href":"https:\/\/homotheoreticus.com\/index.php\/wp-json\/wp\/v2\/tags?post=731"}],"curies":[{"name":"wp","href":"https:\/\/api.w.org\/{rel}","templated":true}]}}