{"id":877,"date":"2019-09-08T15:57:37","date_gmt":"2019-09-08T18:57:37","guid":{"rendered":"https:\/\/homotheoreticus.wordpress.com\/?p=877"},"modified":"2022-06-22T17:18:29","modified_gmt":"2022-06-22T17:18:29","slug":"resena-del-sendero-gran-patagonia-2-parte","status":"publish","type":"post","link":"https:\/\/homotheoreticus.com\/index.php\/2019\/09\/08\/resena-del-sendero-gran-patagonia-2-parte\/","title":{"rendered":"Rese\u00f1a del Sendero Gran Patagonia (2\u00b0 parte)"},"content":{"rendered":"\n<p><em>Rese\u00f1a de la segunda parte de mi caminata por el Sendero Gran Patagonia. Las secciones 6 a 8 fueron las m\u00e1s demandantes de toda la ruta, tanto por las pendiente del terreno como por las inclemencias del clima. Como resumen puedo decir que, pese a las dificultades, disfrut\u00e9 mucho los paisajes remotos, el cambio de vegetaci\u00f3n, los escenarios volc\u00e1nicos y, sobre todo, la gran hospitalidad de los pobladores.<\/em><\/p>\n\n\n\n<h3 class=\"wp-block-heading\">Secciones 6 a 8 (distancia = 418 km)<\/h3>\n\n\n\n<iframe loading=\"lazy\" src=\"https:\/\/www.google.com\/maps\/d\/embed?mid=1RTK2hpUZIw_xlJfOyEYhqZREefVj98v_&amp;ehbc=2E312F\" width=\"640\" height=\"480\"><\/iframe>\n\n\n\n<p class=\"has-text-align-left\"><em>Ascenso= 25.556 m; Descenso= 25.371 m.<br>Altitud m\u00e1xima= 2.684 msnm; altitud m\u00ednima= 470 msnm.<\/em><\/p>\n\n\n\n<h3 class=\"wp-block-heading\">Secci\u00f3n n\u00b0 6: \u00abVolc\u00e1n Descabezado\u00bb<\/h3>\n\n\n\n<h4 class=\"wp-block-heading\">D\u00edas 15 y 16<\/h4>\n\n\n\n<p>Los d\u00edas 29 y 30 de Diciembre los pas\u00e9 en el \u00e1rea de Parque Ingl\u00e9s, a orillas del R\u00edo Claro. Acamp\u00e9 con un grupo de amigos con los que vine desde Molina. Ellos se iban el 31, d\u00eda en el que planeaba continuar mi traves\u00eda.<\/p>\n\n\n\n<figure class=\"wp-block-image size-large\"><img decoding=\"async\" src=\"https:\/\/homotheoreticus.files.wordpress.com\/2019\/09\/img_2973.jpg?w=1024\" alt=\"\" class=\"wp-image-879\"\/><figcaption>En Parque Ingl\u00e9s empieza la secci\u00f3n n\u00b06 del GPT<\/figcaption><\/figure>\n\n\n\n<p>Despu\u00e9s del descanso, quise continuar y me lleve la sorpresa de que hab\u00eda cupo para ingresar con carpa al Parque. Tuve que quedarme un d\u00eda m\u00e1s de lo previsto y decid\u00ed salir a recorrer la zona. Aprovech\u00e9 para visitar los famosos saltos de agua conocidos como \u00absiete tazas\u00bb. Un nuevo grupo de acampantes me vio solo y me invit\u00f3 a compartir el fog\u00f3n de a\u00f1o nuevo con ellos. As\u00ed pas\u00e9 el 31 de Diciembre a la noche, con brindis y guitarreada. Nos divertimos a lo grande.<\/p>\n\n\n\n<figure class=\"wp-block-image size-large\"><img decoding=\"async\" src=\"https:\/\/homotheoreticus.files.wordpress.com\/2019\/09\/img_3005.jpg?w=1024\" alt=\"\" class=\"wp-image-881\"\/><figcaption>Recorriendo la pasarela de las famosas \u00absiete tazas\u00bb<\/figcaption><\/figure>\n\n\n\n<h4 class=\"wp-block-heading\">D\u00eda 17 (31,2 km)<\/h4>\n\n\n\n<p>Mientras todo el mundo dorm\u00eda por los festejos de a\u00f1o nuevo, yo sal\u00ed bien temprano a continuar mi traves\u00eda. Tuve que pagar ingreso y llenar una ficha. El circuito m\u00e1s popular es de 10 km y llega hasta El Bols\u00f3n (con confundir con el argentino); unos pocos caminantes hacen 10 km m\u00e1s hasta la Laguna de las \u00c1nimas. Pero lo m\u00edo se iba de la rutina, ya que deb\u00eda seguir de largo.<\/p>\n\n\n\n<figure class=\"wp-block-image size-large\"><img decoding=\"async\" src=\"https:\/\/homotheoreticus.files.wordpress.com\/2019\/09\/img_3037-e1567886141389.jpg\" alt=\"\" class=\"wp-image-883\"\/><figcaption>Cartel muy \u00fatil para distinguir las especies de \u00e1rboles y su distribuci\u00f3n seg\u00fan la altura<\/figcaption><\/figure>\n\n\n\n<p>El sendero transcurre los primeros 10 km por un bosque de radal y algunos coig\u00fces, siguiendo la margen norte del R\u00edo Claro. A partir del \u00e1rea conocida como El Bols\u00f3n termina el bosque y se ingresa a un valle des\u00e9rtico con algunos arbustos. All\u00ed hab\u00eda un refugio y varias carpas emplazadas.<\/p>\n\n\n\n<figure class=\"wp-block-image size-large\"><img decoding=\"async\" src=\"https:\/\/homotheoreticus.files.wordpress.com\/2019\/09\/img_3066.jpg?w=1024\" alt=\"\" class=\"wp-image-885\"\/><figcaption>Empieza el ascenso al fondo del valle<\/figcaption><\/figure>\n\n\n\n<p>Tras un breve descanso en El Bols\u00f3n, continuo 2 horas m\u00e1s hasta la Laguna Las \u00c1nimas. El ascenso a la laguna es bastante exigente. La vegetaci\u00f3n se reduce a coirones y musgo de altura. Hay cada vez m\u00e1s ceniza volc\u00e1nica y aparecen algunos manchones de nieve.<\/p>\n\n\n\n<figure class=\"wp-block-image size-large\"><img decoding=\"async\" src=\"https:\/\/homotheoreticus.files.wordpress.com\/2019\/09\/img_3079.jpg?w=1024\" alt=\"\" class=\"wp-image-886\"\/><figcaption>Laguna de las \u00c1nimas<\/figcaption><\/figure>\n\n\n\n<p>Lo mejor estaba por venir. Superada la laguna, el sendero es apenas una huella difusa que zigzaguea entre piedras enormes y cenizas. Llego as\u00ed al paso m\u00e1s alto del d\u00eda, a 2552 msnm. De pronto, descubro un paisaje de otro planeta. Todo esta cubierto de ceniza gris claro, las piedras son como rocas lunares, de un colorido gris amarronado. Delante m\u00edo hay un ca\u00f1ad\u00f3n sobre cuya base se deslizan r\u00edos de lava petrificada. A lo lejos hay una laguna color turquesa; al fondo, la Cordillera.<\/p>\n\n\n\n<figure class=\"wp-block-image size-large\"><img decoding=\"async\" src=\"https:\/\/homotheoreticus.files.wordpress.com\/2019\/09\/img_3119.jpg?w=1024\" alt=\"\" class=\"wp-image-887\"\/><figcaption>Paso desde el que se accede al escenario volc\u00e1nico<\/figcaption><\/figure>\n\n\n\n<p>Desde arriba pude ver por segunda vez el Volc\u00e1n Planch\u00f3n Peteroa. Continuaba en actividad, lanzando bocanadas de humo en forma de hongo. <\/p>\n\n\n\n<figure class=\"wp-block-image size-large\"><img decoding=\"async\" src=\"https:\/\/homotheoreticus.files.wordpress.com\/2019\/09\/img_3112.jpg?w=1024\" alt=\"\" class=\"wp-image-888\"\/><figcaption>Volc\u00e1n Planch\u00f3n Peteroa largando humo<\/figcaption><\/figure>\n\n\n\n<figure class=\"wp-block-image size-large\"><img decoding=\"async\" src=\"https:\/\/homotheoreticus.files.wordpress.com\/2019\/09\/img_3127.jpg?w=1024\" alt=\"\" class=\"wp-image-889\"\/><figcaption>Desde el paso se pod\u00eda ver el ojo de un volc\u00e1n. Abajo hay un r\u00edo de lava petrificada.<\/figcaption><\/figure>\n\n\n\n<p>El ascenso total del d\u00eda fue de unos 1500 m. A partir de all\u00ed empieza la bajada, que no es nada f\u00e1cil. Cada paso sobre las cenizas es como caminar sobre arena, muy desgastante. La ceniza se me mete en las zapatillas y a cada rato me las tengo que sacar para limpiarlas.<\/p>\n\n\n\n<figure class=\"wp-block-image size-large\"><img decoding=\"async\" src=\"https:\/\/homotheoreticus.files.wordpress.com\/2019\/09\/img_3122.jpg?w=1024\" alt=\"\" class=\"wp-image-890\"\/><figcaption>La huella sobre ceniza va faldeando el cord\u00f3n monta\u00f1oso<\/figcaption><\/figure>\n\n\n\n<p>En determinado momento la huella se interna en un valle de altura, acerc\u00e1ndose a las nacientes del estero El Volc\u00e1n. Son las 20 hs y decido armar campamento junto a un oasis de algunos arbustos. Hab\u00eda unas llamativas nubes de vapor que sal\u00edan de la monta\u00f1a. Eran las Termas \u00abEl Haz\u00bb, g\u00e9iseres totalmente agrestes. Antes de irme a dormir, disfrut\u00e9 los \u00faltimos momentos de luz de aquel escenario lunar, adornado por las bocanadas de vapor y el murmullo del estero. <\/p>\n\n\n\n<figure class=\"wp-block-image size-large\"><img decoding=\"async\" src=\"https:\/\/homotheoreticus.files.wordpress.com\/2019\/09\/img_3137.jpg?w=1024\" alt=\"\" class=\"wp-image-891\"\/><figcaption>Acampando en medio de un oasis. Parece otro planeta.<\/figcaption><\/figure>\n\n\n\n<h4 class=\"wp-block-heading\">D\u00eda 18 (31,9 km)<\/h4>\n\n\n\n<p>El d\u00eda siguiente fue tambi\u00e9n bastante demandante. Me llev\u00e9 una sorpresa al cruzar el estero El Volc\u00e1n, ya ven\u00eda con mucha corriente de deshielo. A continuaci\u00f3n, tuve un ascenso de aproximadamente 700 m hasta el siguiente paso. Como de costumbre, al cruzar al otro lado se descubr\u00eda un escenario nuevo. La ruta atravesaba una gran meseta, rodeada de enormes macizos de piedra y abundantes restos de nieve. Sobresal\u00edan grandes piedras volc\u00e1nicas.<\/p>\n\n\n\n<figure class=\"wp-block-image size-large\"><img decoding=\"async\" src=\"https:\/\/homotheoreticus.files.wordpress.com\/2019\/09\/img_3156.jpg?w=1024\" alt=\"\" class=\"wp-image-893\"\/><figcaption>Meseta con ceniza y restos de nieve<\/figcaption><\/figure>\n\n\n\n<figure class=\"wp-block-image size-large\"><img decoding=\"async\" src=\"https:\/\/homotheoreticus.files.wordpress.com\/2019\/09\/img_3166.jpg?w=1024\" alt=\"\" class=\"wp-image-894\"\/><figcaption>Llamativas flores rojas que brotaban junto a los cursos de agua<\/figcaption><\/figure>\n\n\n\n<p>Al final de la meseta, el suelo pasa a estar conformado por diminutas piedras p\u00f3mez. Despu\u00e9s de una \u00faltima subida empieza el descenso hasta un valle. <\/p>\n\n\n\n<figure class=\"wp-block-image size-large\"><img decoding=\"async\" src=\"https:\/\/homotheoreticus.files.wordpress.com\/2019\/09\/img_3175.jpg?w=1024\" alt=\"\" class=\"wp-image-895\"\/><figcaption>Suelo de piedra p\u00f3mez<\/figcaption><\/figure>\n\n\n\n<p>Despu\u00e9s de unas horas descubro el famoso Volc\u00e1n Descabezado. Para mi sorpresa hay un refugio cerca. Me acerco y salen a saludarme un grupo de aventureros, que reci\u00e9n llegaban de hacer cumbre.<\/p>\n\n\n\n<figure class=\"wp-block-image size-large\"><img decoding=\"async\" src=\"https:\/\/homotheoreticus.files.wordpress.com\/2019\/09\/img_3190.jpg?w=1024\" alt=\"\" class=\"wp-image-896\"\/><figcaption>Refugio Vegas del Blanquillo, al pie del Volc\u00e1n Descabezado<\/figcaption><\/figure>\n\n\n\n<p>Decido hacer la \u00faltima subida del d\u00eda hasta la Laguna Caracol. El sol se va ocultando entre las monta\u00f1as y empieza a refrescar.<\/p>\n\n\n\n<figure class=\"wp-block-image size-large\"><img decoding=\"async\" src=\"https:\/\/homotheoreticus.files.wordpress.com\/2019\/09\/img_3196.jpg?w=1024\" alt=\"\" class=\"wp-image-898\"\/><figcaption>Vuelve el paisaje lunar al dejar atr\u00e1s el volc\u00e1n Descabezado<\/figcaption><\/figure>\n\n\n\n<p>En la \u00faltima hora de caminata pude disfrutar del hermoso Cerro Azul reflejado en la Laguna Caracol, con agua apacible y la compa\u00f1\u00eda de algunos patos.<\/p>\n\n\n\n<figure class=\"wp-block-image size-large\"><img decoding=\"async\" src=\"https:\/\/homotheoreticus.files.wordpress.com\/2019\/09\/img_3212.jpg?w=1024\" alt=\"\" class=\"wp-image-899\"\/><figcaption>La Laguna Caracol, al pie del Cerro Azul<\/figcaption><\/figure>\n\n\n\n<p>Ni bien dej\u00e9 atr\u00e1s la laguna, arm\u00e9 carpa junto a un arroyo. Eleg\u00ed un lugar con pasto y tierra blanda. Parec\u00eda un sitio ideal. Pude contemplar la \u00abhora dorada\u00bb reflejada en los imponentes cerros, que adquir\u00edan un color anaranjado.<\/p>\n\n\n\n<figure class=\"wp-block-image size-large\"><img decoding=\"async\" src=\"https:\/\/homotheoreticus.files.wordpress.com\/2019\/09\/img_3218.jpg?w=1024\" alt=\"\" class=\"wp-image-900\"\/><figcaption>Crep\u00fasculo vespertino cerca del Volc\u00e1n Descabezado y el Cerro Azul<\/figcaption><\/figure>\n\n\n\n<p>Pr\u00e1cticamente no dorm\u00ed esa noche. Apr\u00f3ximadamente a las 2 de la ma\u00f1ana me despert\u00e9, muerto de fr\u00edo. Toqu\u00e9 la bolsa de dormir y estaba cubierta de escarcha. \u00bfC\u00f3mo pod\u00eda ser? Hab\u00eda cometido un error de novato&#8230; acamp\u00e9 junto a un curso de agua y arriba del pasto. Entre la transpiraci\u00f3n de la vegetaci\u00f3n, la humedad del arroyo y la ca\u00edda brusca de la temperatura, la carpa se hab\u00eda congelado. Literalmente, las botellas de agua ten\u00edan hielo adentro y la carpa estaba escarchada por ambos lados. Me puse todo el abrigo que ten\u00eda y resist\u00ed en posici\u00f3n fetal hasta que saliera el sol.<\/p>\n\n\n\n<h4 class=\"wp-block-heading\">D\u00eda 19 (24,1 km)<\/h4>\n\n\n\n<p>Arranqu\u00e9 el d\u00eda bien temprano, con un brusco ascenso de 500 m. Desde lo alto pude disfrutar de una de las mejores vistas de todo el GPT: la Laguna Caracol, turquesa, sobre el valle gris; varios cr\u00e1teres a baja altura, uno de ellos con agua, al fondo las monta\u00f1as nevadas.<\/p>\n\n\n\n<figure class=\"wp-block-image size-large\"><img decoding=\"async\" src=\"https:\/\/homotheoreticus.files.wordpress.com\/2019\/09\/img_3238.jpg?w=1024\" alt=\"\" class=\"wp-image-901\"\/><figcaption>Vista digna de postal hacia la Laguna Caracol<\/figcaption><\/figure>\n\n\n\n<p>Despu\u00e9s de esta dura subida, el camino adquiere relativa facilidad. Entr\u00e9 a un largo valle. Me llamaron la atenci\u00f3n unas enormes piedras de origen glaciar, distribuidas a lo largo. Pas\u00e9 por la \u00faltima laguna, la Laguna de los Hornos, y por el \u00faltimo volc\u00e1n, el Hornito. Despu\u00e9s de un paso f\u00e1cil comenzaba un largo descenso de ceniza hasta la ruta. <\/p>\n\n\n\n<figure class=\"wp-block-image size-large\"><img decoding=\"async\" src=\"https:\/\/homotheoreticus.files.wordpress.com\/2019\/09\/img_3249.jpg?w=1024\" alt=\"\" class=\"wp-image-903\"\/><figcaption>Descenso de 1000 m por ceniza<\/figcaption><\/figure>\n\n\n\n<p>La huella zigzaguea en bajada y a medida que va perdiendo altura aparecen los coirones y finalmente los cipreses. Llego as\u00ed al \u00e1rea de una hidroel\u00e9ctrica.<\/p>\n\n\n\n<figure class=\"wp-block-image size-large\"><img decoding=\"async\" src=\"https:\/\/homotheoreticus.files.wordpress.com\/2019\/09\/img_3260.jpg?w=1024\" alt=\"\" class=\"wp-image-904\"\/><figcaption>Camino vehicular del \u00e1rea Los Cipreses<\/figcaption><\/figure>\n\n\n\n<p>A esta altura de la traves\u00eda necesitaba comprar medias nuevas, porque las m\u00edas estaban totalmente destruidas. Tambi\u00e9n ten\u00eda que comprar v\u00edveres y retirar plata en efectivo. As\u00ed que el plan era llegar a la ruta principal y desviarme hasta alguna localidad.<\/p>\n\n\n\n<p>Ocurri\u00f3 algo inesperado cuando llegu\u00e9 a la zona residencial de la reserva. Accidentalmente dej\u00e9 caer el GPS. Fue el error m\u00edo de no llevarlo colgado con una cuerda. Una hora despu\u00e9s me percat\u00e9 de que no lo ten\u00eda y cuando regres\u00e9 al lugar lo hab\u00eda arrollado un auto&#8230; \u00a1qu\u00e9 mala suerte! A eso de las 17 hs, tom\u00e9 un micro a Talca.<\/p>\n\n\n\n<h4 class=\"wp-block-heading\">D\u00eda 20<\/h4>\n\n\n\n<p>El d\u00eda siguiente lo dediqu\u00e9 a resolver el problema. A trav\u00e9s de Facebook, contact\u00e9 a una persona que vend\u00eda GPS en la zona. Convenimos un precio por un modelo usado. Finalmente nos encontramos en la localidad de Cauquenes, donde hicimos la transacci\u00f3n. La operaci\u00f3n fue todo un \u00e9xito. Ya pod\u00eda continuar mi traves\u00eda.<\/p>\n\n\n\n<h4 class=\"wp-block-heading\">D\u00eda 21 (10,1 km)<\/h4>\n\n\n\n<p>Con v\u00edveres, GPS, efectivo y medias nuevas, me lanc\u00e9 a continuar mi gran caminata. Regres\u00e9 a la peque\u00f1a zona residencial de Los Cipreses y recorr\u00ed un sendero que iba siguiendo el R\u00edo Maule por la margen norte.<\/p>\n\n\n\n<figure class=\"wp-block-image size-large\"><img decoding=\"async\" src=\"https:\/\/homotheoreticus.files.wordpress.com\/2019\/09\/img_3283.jpg?w=1024\" alt=\"\" class=\"wp-image-907\"\/><figcaption>El caudal del R\u00edo Maule es regulado por peque\u00f1as represas<\/figcaption><\/figure>\n\n\n\n<p>El camino estaba bastante erosionado y en algunas partes se borraba. La caminata era agradable, siempre dentro de bosque. En determinado momento llego a una zona con casas r\u00fasticas y el GPS me marca que tengo que atravesar un alambrado. Empec\u00e9 a aplaudir, a fin de pedir permiso, pero no sal\u00eda nadie. Lo gracioso es que hab\u00eda un pavo y cada vez que aplaud\u00eda el pavo me contestaba con un glugluteo. Con el pavo como testigo, no me qued\u00f3 alternativa que saltar el alambrado. Despu\u00e9s hab\u00eda una tranquera cerrada e hice lo mismo. Me sent\u00ed muy inc\u00f3modo. Descendiendo por un camino, me cruc\u00e9 una se\u00f1ora y le expliqu\u00e9 mi situaci\u00f3n. Me dijo que no me preocupara y me indic\u00f3 el camino. As\u00ed llegu\u00e9 al camping de las Termas El M\u00e9dano, donde pas\u00e9 la noche.<\/p>\n\n\n\n<h3 class=\"wp-block-heading\">Secci\u00f3n n\u00b0 7: \u00abLaguna Dial\u00bb<\/h3>\n\n\n\n<h4 class=\"wp-block-heading\">D\u00eda 22 (40,3 km)<\/h4>\n\n\n\n<p>Al d\u00eda siguiente, la ruta sigue por camino pavimentado, a trav\u00e9s del valle del R\u00edo Maule. En determinado momento, dejo atr\u00e1s el r\u00edo y doblo a la derecha. Hay un edificio y unas rejas. Pido permiso al cuidador y me autoriza a pasar.<\/p>\n\n\n\n<figure class=\"wp-block-image size-large\"><img decoding=\"async\" src=\"https:\/\/homotheoreticus.files.wordpress.com\/2019\/09\/img_3304.jpg?w=1024\" alt=\"\" class=\"wp-image-908\"\/><figcaption>Los primeros 11 km fueron de ruta asfaltada<\/figcaption><\/figure>\n\n\n\n<p>Las pr\u00f3ximas horas camino un poco sobre huella vehicular hasta que el valle se divide en dos. Cruzo un arroyo a la izquierda. Luego otro m\u00e1s, pero este viene con mucha m\u00e1s fuerza. Tengo que buscar el punto m\u00e1s apropiado para el vadeo. Elijo una parte con grandes piedras en el medio, con lo cual el flujo de agua se divide y por lo tanto corre con menos fuerza. El agua me llega hasta la cintura. Con los bastones firmes  y la ayuda de unas grandes piedras, consigo hacer el vadeo.<\/p>\n\n\n\n<figure class=\"wp-block-image\"><img decoding=\"async\" src=\"https:\/\/homotheoreticus.files.wordpress.com\/2019\/09\/img_5106.png?w=1024\" alt=\"\" class=\"wp-image-1276\"\/><figcaption>Vadeo del primer arroyo, antes del mediod\u00eda<\/figcaption><\/figure>\n\n\n\n<figure class=\"wp-block-image size-large\"><img decoding=\"async\" src=\"https:\/\/homotheoreticus.files.wordpress.com\/2019\/09\/img_3308.jpg?w=1024\" alt=\"\" class=\"wp-image-909\"\/><figcaption>La huella me conduce hasta el final del valle<\/figcaption><\/figure>\n\n\n\n<p>Ya al final del valle, me encuentro en un callej\u00f3n sin salida. Tengo que empezar a subir. La subida me lleva aproximadamente cuarenta minutos. Arriba descubro un hermoso paisaje de meseta con coirones y mall\u00edn.<\/p>\n\n\n\n<figure class=\"wp-block-image size-large\"><img decoding=\"async\" src=\"https:\/\/homotheoreticus.files.wordpress.com\/2019\/09\/img_3318.jpg?w=1024\" alt=\"\" class=\"wp-image-915\"\/><figcaption>Acceso a la meseta despu\u00e9s del ascenso<\/figcaption><\/figure>\n\n\n\n<p>Lo que sigue del d\u00eda es un camino f\u00e1cil, por sendero en bajada, a trav\u00e9s de grandes pampas de altura, rodeado de bellas monta\u00f1as. Es un d\u00eda con viento y las nubes pasan ocultando el sol.<\/p>\n\n\n\n<figure class=\"wp-block-image size-large\"><img decoding=\"async\" src=\"https:\/\/homotheoreticus.files.wordpress.com\/2019\/09\/img_3326.jpg?w=1024\" alt=\"\" class=\"wp-image-910\"\/><figcaption>Descenso gradual por pampas de altura<\/figcaption><\/figure>\n\n\n\n<p>En determinado momento desciendo a un valle con mucha humedad. Veo a lo lejos unos jinetes arriando ganado. Fue mi primer encuentro con arrieros de Chile. Me cruzo con uno de ellos que va a caballo, lo saludo y lo empiezo a seguir. Va muy r\u00e1pido, acompa\u00f1ado de sus leales perros.<\/p>\n\n\n\n<figure class=\"wp-block-image size-large\"><img decoding=\"async\" src=\"https:\/\/homotheoreticus.files.wordpress.com\/2019\/09\/fullsizeoutput_ab7.jpeg?w=1024\" alt=\"\" class=\"wp-image-994\"\/><figcaption>Siguiendo a un arriero al final del d\u00eda<\/figcaption><\/figure>\n\n\n\n<p>Alcanc\u00e9 a ver su humilde puesto, fabricado con unas pocas chapas. Adentro hab\u00eda un lugar para el fog\u00f3n. Me qued\u00e9 sorprendido porque su lecho era apenas una frazada a la intemperie. As\u00ed duermen los arrieros: bajo las estrellas. Dedican seis meses del a\u00f1o a vivir en la soledad de la monta\u00f1a. Su \u00fanica compa\u00f1\u00eda son los animales. Cuando empieza a caer la nieve en oto\u00f1o, bajan al pueblo con el ganado en una larga caravana de varios d\u00edas. Qued\u00e9 fascinado con la brava vida de estos hombres.<\/p>\n\n\n\n<p>A eso de las 20 hs armo la carpa en las inmediaciones de un arroyo. Tengo los pies totalmente mojados por la humedad imposible de sortear en el valle. S\u00e9 que me encuentro muy cerca de la frontera con Argentina, a la altura del l\u00edmite entre Mendoza y Neuqu\u00e9n. <\/p>\n\n\n\n<h4 class=\"wp-block-heading\">D\u00eda 23 (30,9 km)<\/h4>\n\n\n\n<p>El d\u00eda siguiente fue tambi\u00e9n de descenso por pampas de coirones. En determinado momento el sendero confluye con una huella vehicular menor. Puedo ver el Volc\u00e1n San Pedro, impresionante, con grandes manchones de nieve.<\/p>\n\n\n\n<figure class=\"wp-block-image size-large\"><img decoding=\"async\" src=\"https:\/\/homotheoreticus.files.wordpress.com\/2019\/09\/img_3347.jpg?w=1024\" alt=\"\" class=\"wp-image-914\"\/><figcaption>Volc\u00e1n San Pedro, objetivo de escaladores profesionales<\/figcaption><\/figure>\n\n\n\n<p>Al mediod\u00eda llego a Carrizales. Paso por un puesto de carabineros, donde me registro y explico mi itinerario. Me invitan a tomar una sopa con pan. Me divierto conversando un rato. Los carabineros quedan fascinados con mis mapas y mi GPS. Me sugieren como recomendaci\u00f3n que vaya a la Laguna Dial por el camino que se encuentra al otro lado del R\u00edo Guaiquivilo. Para mi es una ruta menos atractiva, ya que va por huella vehicular. Pero estudiando la ruta del GPS, vi que varios kil\u00f3metros adelante tendr\u00eda que hacer un vadeo muy dif\u00edcil. Una vez que llegu\u00e9 al r\u00edo, me di cuenta que era imposible el cruce, as\u00ed que el camino por huella de auto era obligatorio.<\/p>\n\n\n\n<figure class=\"wp-block-image size-large\"><img decoding=\"async\" src=\"https:\/\/homotheoreticus.files.wordpress.com\/2019\/09\/img_3353.jpg?w=1024\" alt=\"\" class=\"wp-image-916\"\/><figcaption>R\u00edo Guaiquivilo en la zona de Carrizales<\/figcaption><\/figure>\n\n\n\n<p>Se acercaban nubes de lluvia. Arm\u00e9 la carpa entre unos arbustos grandes para obtener reparo. El suelo era muy duro para clavar las estacas, as\u00ed que tuve trabarlas con piedras. <\/p>\n\n\n\n<p>A la noche compart\u00ed fog\u00f3n y carne a la parrilla con dos pescadores. Conversamos un buen rato y cuando se larg\u00f3 la tormenta cada cual se meti\u00f3 en su carpa.<\/p>\n\n\n\n<h4 class=\"wp-block-heading\">D\u00eda 24 (45,8 km)<\/h4>\n\n\n\n<p>El d\u00eda siguiente guard\u00e9 la carpa todav\u00eda mojada en la mochila. Hac\u00eda fr\u00edo y estaba nublado. Camin\u00e9 varias horas por la huella vehicular de la margen oeste derecha del R\u00edo Guaiquvilio. En determinado momento, la huella llegaba a otro r\u00edo y hab\u00eda que cruzarlo. Dada la dificultad de la corriente, me decid\u00ed por una ruta alternativa.<\/p>\n\n\n\n<figure class=\"wp-block-image size-large\"><img decoding=\"async\" src=\"https:\/\/homotheoreticus.files.wordpress.com\/2019\/09\/img_3376.jpg?w=1024\" alt=\"\" class=\"wp-image-918\"\/><figcaption>Recorriendo los valles, camino a la Laguna Dial<\/figcaption><\/figure>\n\n\n\n<p>La ruta alternativa que ofrec\u00eda el GPS, era radicalmente diferente a la regular, aunque finalmente conflu\u00eda con la Laguna Dial. Pasaba a trav\u00e9s de valles distintos y cruzaba dos pasos de monta\u00f1a. Si bien era una ruta m\u00e1s larga, me permitir\u00eda continuar los vadeos en zonas m\u00e1s pr\u00f3ximas a las nacientes, y por lo tanto, ser\u00edan m\u00e1s seguros para el vadeo.  <\/p>\n\n\n\n<figure class=\"wp-block-image size-large\"><img decoding=\"async\" src=\"https:\/\/homotheoreticus.files.wordpress.com\/2019\/09\/img_3358.jpg?w=1024\" alt=\"\" class=\"wp-image-917\"\/><figcaption>Culebra en el valle del R\u00edo Guaiquivilo<\/figcaption><\/figure>\n\n\n\n<p>Cambi\u00e9 de direcci\u00f3n y empec\u00e9 a seguir una larga huella vehicular que iba ascendiendo progresivamente en la monta\u00f1a. Luego de varias horas de caminata, llegu\u00e9 a otro r\u00edo. Fue dif\u00edcil, pero logr\u00e9 cruzarlo. Llegu\u00e9 a un valle con varias partes de bosque. Hace muchos a\u00f1os atr\u00e1s era com\u00fan la quema de \u00e1rboles para favorecer la circulaci\u00f3n del ganado. Los actuales bosques aislados de roble y lenga, son remanentes aut\u00f3ctonos, que sobrevivieron a esta antigua pr\u00e1ctica.<\/p>\n\n\n\n<figure class=\"wp-block-image size-large\"><img decoding=\"async\" src=\"https:\/\/homotheoreticus.files.wordpress.com\/2019\/09\/img_3381.jpg?w=1024\" alt=\"\" class=\"wp-image-919\"\/><figcaption>Uno de los tantos bosques que atraves\u00e9 aquel d\u00eda. <\/figcaption><\/figure>\n\n\n\n<p>En las \u00faltimas horas de caminata termin\u00e9 embarrado hasta la rodilla. Los peque\u00f1os cursos de agua estaban desbordados, algunos de ellos escondidos entre el pasto. Hab\u00eda charcos enormes, imposibles de sortear. Termin\u00e9 el d\u00eda caminando en un bosque tupido, con sendero ancho y bien marcado.<\/p>\n\n\n\n<p>Arm\u00e9 la carpa con algo de lluvia, bajo el reparo de unos \u00e1rboles. Una vez adentro de la carpa ya pod\u00eda relajarme. Me puse mis medias calentitas de lana y, tras una cena austera, me dispuse para el descanso.<\/p>\n\n\n\n<figure class=\"wp-block-image size-large\"><img decoding=\"async\" src=\"https:\/\/homotheoreticus.files.wordpress.com\/2019\/09\/img_3390.jpg?w=1024\" alt=\"\" class=\"wp-image-920\"\/><figcaption>Cena fr\u00eda tras un d\u00eda fr\u00edo<\/figcaption><\/figure>\n\n\n\n<h4 class=\"wp-block-heading\">D\u00eda 25 (14,8 km)<\/h4>\n\n\n\n<p>A la ma\u00f1ana la lluvia hab\u00eda terminado, pero el cielo todav\u00eda estaba blanco y la temperatura era baja. Segu\u00ed la caminata por el valle varias horas m\u00e1s. En el d\u00eda me cruc\u00e9 varios reba\u00f1os de cabras. Me parecieron animales muy graciosos y tambi\u00e9n muy vulnerables. \u00abAc\u00e1 un puma se hace un fest\u00edn\u00bb, pensaba. Alcanc\u00e9 a cruzar el arroyo principal a la ma\u00f1ana, cuando el caudal era relativamente bajo.<\/p>\n\n\n\n<figure class=\"wp-block-image size-large\"><img decoding=\"async\" src=\"https:\/\/homotheoreticus.files.wordpress.com\/2019\/09\/img_3411.jpg?w=1024\" alt=\"\" class=\"wp-image-921\"\/><figcaption>Reba\u00f1os de cabras a 1700 msnm<\/figcaption><\/figure>\n\n\n\n<figure class=\"wp-block-image size-large\"><img decoding=\"async\" src=\"https:\/\/homotheoreticus.files.wordpress.com\/2019\/09\/img_3415.jpg?w=1024\" alt=\"\" class=\"wp-image-922\"\/><figcaption>Lazo de alambre para atrapar pumas<\/figcaption><\/figure>\n\n\n\n<p>En la noche hab\u00eda nevado en los cerros. El paisaje cambi\u00f3 y ahora todos los filos estaban te\u00f1idos de blanco. Me di cuenta que muy probablemente tendr\u00eda que pasar por nieve. Efectivamente, el \u00faltimo esfuerzo notable del d\u00eda fue un ascenso de  800 metros, pasando finalmente por nieve.<\/p>\n\n\n\n<figure class=\"wp-block-image size-large\"><img decoding=\"async\" src=\"https:\/\/homotheoreticus.files.wordpress.com\/2019\/09\/img_3421.jpg?w=1024\" alt=\"\" class=\"wp-image-923\"\/><figcaption>Los filos de los cerros estaban cubiertos de nieve<\/figcaption><\/figure>\n\n\n\n<p>En la altura el viento soplaba con fuerza. Me puse todo el abrigo que ten\u00eda y a\u00fan as\u00ed deb\u00eda seguir en movimiento para no congelarme. Ten\u00eda los pies helados de caminar sobre nieve. Tanto que ya no los sent\u00eda. Cuando quise tomar fotos con el celular, el viento liquid\u00f3 la bater\u00eda en un segundo. Tuve que conectarlo al cargador externo para poder registrar el momento.<\/p>\n\n\n\n<figure class=\"wp-block-image size-large\"><img decoding=\"async\" src=\"https:\/\/homotheoreticus.files.wordpress.com\/2019\/09\/img_3429.jpg?w=1024\" alt=\"\" class=\"wp-image-924\"\/><figcaption>La cantidad de nieve aumentaba con la altura<\/figcaption><\/figure>\n\n\n\n<p>En el paso, la nieve era bastante profunda y ten\u00eda la forma de una \u00abola\u00bb, debido a la fuerza moldeadora del viento. Eleg\u00ed un buen lugar para pasar y tuve que caminar con extremada precauci\u00f3n. Del otro lado del paso, el viento ces\u00f3.<\/p>\n\n\n\n<figure class=\"wp-block-image size-large\"><img decoding=\"async\" src=\"https:\/\/homotheoreticus.files.wordpress.com\/2019\/09\/img_3435.jpg?w=1024\" alt=\"\" class=\"wp-image-925\"\/><figcaption>Monta\u00f1a nevada del otro lado del paso<\/figcaption><\/figure>\n\n\n\n<p>Cuando bajo empiezan a caer unas gotas. Mi prioridad es descender antes que me agarre una nevada all\u00e1 arriba. A lo lejos, veo que sale humo del fondo del valle. \u00a1Era un puesto de arriero! Empiezo un descenso brusco de aproximadamente 700 m, por suelo muy h\u00famedo y cursos de agua desbordados.<\/p>\n\n\n\n<p>Ya en el valle, tuve que hacer el \u00faltimo vadeo del d\u00eda. Cuando me acerco al puesto, sale un joven de adentro. \u00abPase a calentarse\u00bb, me dice. Salieron a recibirme varios perros.<\/p>\n\n\n\n<figure class=\"wp-block-image size-large\"><img decoding=\"async\" src=\"https:\/\/homotheoreticus.files.wordpress.com\/2019\/09\/img_3451.jpg?w=1024\" alt=\"\" class=\"wp-image-926\"\/><figcaption>Humilde puesto de arriero en el valle del Arroyo de Bagres <\/figcaption><\/figure>\n\n\n\n<p>Fue as\u00ed que conoc\u00ed el puesto de Don Sermone. El due\u00f1o tendr\u00eda unos setenta a\u00f1os. Lo acompa\u00f1aba un matrimonio, Paula y Felipe, con un hijo y una hija. Ni bien entr\u00e9 al refugio, la se\u00f1ora Paula me invit\u00f3 a tomar asiento junto al fuego y puso unos pescados secos a calentar a la parrilla. Me ofrecieron este manjar con pan amasado y unos mates.<\/p>\n\n\n\n<figure class=\"wp-block-image size-large\"><img decoding=\"async\" src=\"https:\/\/homotheoreticus.files.wordpress.com\/2019\/09\/img_3448.jpg?w=1024\" alt=\"\" class=\"wp-image-927\"\/><figcaption>Pescado salado a la parrilla<\/figcaption><\/figure>\n\n\n\n<p>Yo rebosaba de alegr\u00eda. No ten\u00eda forma suficiente de dar gracias por estar all\u00ed. Conversamos y tomamos mate toda la tarde. En realidad yo tomaba mucho m\u00e1s mate que el resto, incluso con yerba lavada, algo m\u00e1s propio de los argentinos. Al rato regresaron de la monta\u00f1a dos hombres que trabajaban con Sermone. <\/p>\n\n\n\n<p>Me llam\u00f3 la atenci\u00f3n la sencillez del refugio, resistente sin embargo a las condiciones m\u00e1s duras de la intemperie. El humo envolv\u00eda todo. Los asientos en torno al fog\u00f3n estaban construidos con troncos cortados. Unos cueros de oveja hac\u00edan de coj\u00edn. Conservaban la carne sal\u00e1ndola y colg\u00e1ndola hasta que seque.<\/p>\n\n\n\n<figure class=\"wp-block-image size-large\"><img decoding=\"async\" src=\"https:\/\/homotheoreticus.files.wordpress.com\/2019\/09\/img_3456.jpg?w=1024\" alt=\"\" class=\"wp-image-929\"\/><figcaption>Carne salada en proceso de secado<\/figcaption><\/figure>\n\n\n\n<p>Para continuar el intercambio, convid\u00e9 un chocolate que ten\u00eda y la ni\u00f1a se puso contenta. Quise ofrecer la poca comida que llevaba en la mochila, pero me dijeron que mejor la conservara para mi viaje. La se\u00f1ora me regal\u00f3 una ra\u00edz que le pon\u00edan para darle gusto al mate. Tambi\u00e9n me dieron pescado y pan para mis v\u00edveres. A la noche, los peones trajeron una pata de cordero y la hicieron al asador. Comimos cordero con la mano. Fue una jornada memorable.<\/p>\n\n\n\n<figure class=\"wp-block-image size-large\"><img decoding=\"async\" src=\"https:\/\/homotheoreticus.files.wordpress.com\/2019\/09\/img_3455.jpg?w=1024\" alt=\"\" class=\"wp-image-928\"\/><figcaption>Ra\u00edz para saborizar el mate<\/figcaption><\/figure>\n\n\n\n<h4 class=\"wp-block-heading\">D\u00eda 26 (44,9 km)<\/h4>\n\n\n\n<p>Al d\u00eda siguiente estaba el cielo despejado. Todav\u00eda algunas nubes segu\u00edan enredadas en torno a los cerros. Desayun\u00e9 unos mates y me desped\u00ed de los puesteros cuando sal\u00edan a trabajar. Antes de irme, quise pagar por los servicios ofrecidos, pero se negaron. El hombre de campo tiene asimilada la hospitalidad como un deber. \u00abAlg\u00fan d\u00eda nos puede pasar a nosotros que nos agarre la lluvia\u00bb, me dijo la se\u00f1ora Paula. As\u00ed que di gracias, me desped\u00ed y continu\u00e9 mi viaje.<\/p>\n\n\n\n<figure class=\"wp-block-image size-large\"><img decoding=\"async\" src=\"https:\/\/homotheoreticus.files.wordpress.com\/2019\/09\/img_3468.jpg?w=1024\" alt=\"\" class=\"wp-image-930\"\/><figcaption>Aireando la bolsa de dormir en una ma\u00f1ana despejada<\/figcaption><\/figure>\n\n\n\n<p>Todav\u00eda con el fr\u00edo de la ma\u00f1ana,  sigo las huellas de ganado que suben faldeando el cerro de enfrente. Detr\u00e1s se esconde la Laguna Dial.<\/p>\n\n\n\n<figure class=\"wp-block-image size-large\"><img decoding=\"async\" src=\"https:\/\/homotheoreticus.files.wordpress.com\/2019\/09\/img_3478.jpg?w=1024\" alt=\"\" class=\"wp-image-931\"\/><figcaption>Subida al paso que me lleva hasta la Laguna Dial<\/figcaption><\/figure>\n\n\n\n<p>Despu\u00e9s de subir 500 m llego a una gran meseta. El cielo est\u00e1 totalmente despejado y ya hacer calor. Puedo disfrutar de una vista completa de la Cordillera en el l\u00edmite con Argentina.   <\/p>\n\n\n\n<figure class=\"wp-block-image size-large\"><img decoding=\"async\" src=\"https:\/\/homotheoreticus.files.wordpress.com\/2019\/09\/img_3482.jpg?w=1024\" alt=\"\" class=\"wp-image-932\"\/><figcaption>Meseta con vistas a la Cordillera en el paso a la Laguna Dial<\/figcaption><\/figure>\n\n\n\n<p>Aparece la tan esperada Laguna Dial, encerrada en un caj\u00f3n de monta\u00f1as. La bajada es de unos 500 m aproximadamente, sin sendero.<\/p>\n\n\n\n<figure class=\"wp-block-image size-large\"><img decoding=\"async\" src=\"https:\/\/homotheoreticus.files.wordpress.com\/2019\/09\/img_3491.jpg?w=1024\" alt=\"\" class=\"wp-image-933\"\/><figcaption>Bajada a la Laguna Dial<\/figcaption><\/figure>\n\n\n\n<p>Una vez en la orilla, me detengo a almorzar pescado con pan. El lugar es de una belleza singular. La sensaci\u00f3n de estar en un lugar remoto es incomparable.<\/p>\n\n\n\n<figure class=\"wp-block-image size-large\"><img decoding=\"async\" src=\"https:\/\/homotheoreticus.files.wordpress.com\/2019\/09\/img_3498.jpg?w=1024\" alt=\"\" class=\"wp-image-935\"\/><figcaption>Almuerzo at\u00edpico: pescado seco con pan de campo <\/figcaption><\/figure>\n\n\n\n<p>Despu\u00e9s de un breve descanso, retomo la caminata. A partir de aqu\u00ed mi ruta alternativa se une con la ruta regular. Debo seguir el r\u00edo Cisternas en su margen Sur, todo a lo largo del valle hasta sus nacientes. Hay una huella de ganado bien marcada. En el camino me cruzo con grupos de vacas y algunas cabras.<\/p>\n\n\n\n<figure class=\"wp-block-image size-large\"><img decoding=\"async\" src=\"https:\/\/homotheoreticus.files.wordpress.com\/2019\/09\/img_3502.jpg?w=1024\" alt=\"\" class=\"wp-image-936\"\/><figcaption>Cabrita con su madre<\/figcaption><\/figure>\n\n\n\n<p>Al final del valle tengo que subir aproximadamente 400 m hasta el \u00faltimo paso de la secci\u00f3n. Ya del otro lado, dejo atr\u00e1s la Regi\u00f3n del Maule e ingreso a la Regi\u00f3n del \u00d1uble. El resto del d\u00eda, el sendero es todo en suave bajada. Es una ruta f\u00e1cil, muy agradable y bien marcada. Va siguiendo siempre el R\u00edo Gonz\u00e1lez, cruz\u00e1ndose a ambas m\u00e1rgenes. Los \u00faltimos vadeos del d\u00eda el agua me llegaba hasta el ombligo. Hay algunas partes con barrancos empinados y mucha piedra. <\/p>\n\n\n\n<figure class=\"wp-block-image size-large\"><img decoding=\"async\" src=\"https:\/\/homotheoreticus.files.wordpress.com\/2019\/09\/img_3510.jpg?w=1024\" alt=\"\" class=\"wp-image-937\"\/><figcaption>Sendero a lo largo del R\u00edo Gonz\u00e1lez<\/figcaption><\/figure>\n\n\n\n<p>En el d\u00eda me cruc\u00e9 con algunas viviendas sencillas, comunicadas \u00fanicamente por senderos a caballo. Por supuesto, viv\u00edan sin electricidad. Como de costumbre, el sendero se vuelve m\u00e1s ancho al final.<\/p>\n\n\n\n<figure class=\"wp-block-image size-large\"><img decoding=\"async\" src=\"https:\/\/homotheoreticus.files.wordpress.com\/2019\/09\/img_3515.jpg?w=1024\" alt=\"\" class=\"wp-image-938\"\/><figcaption>Agradable sendero por bosque, en bajada gradual por el valle del R\u00edo Gonz\u00e1lez<\/figcaption><\/figure>\n\n\n\n<p>En determinado momento, el R\u00edo Gonz\u00e1lez confluye con el R\u00edo Los Sauces. El agua es azulada. Cruzo un puente y sigo un rato por camino vehicular. Ya en zona residencial, armo campamento y me dispongo a descansar. <\/p>\n\n\n\n<figure class=\"wp-block-image size-large\"><img decoding=\"async\" src=\"https:\/\/homotheoreticus.files.wordpress.com\/2019\/09\/img_3517.jpg?w=1024\" alt=\"\" class=\"wp-image-939\"\/><figcaption>Anochecer cerca del R\u00edo Los Sauces<\/figcaption><\/figure>\n\n\n\n<h4 class=\"wp-block-heading\">D\u00eda 27 (12,4 km) y 28 (conexi\u00f3n)<\/h4>\n\n\n\n<p>El d\u00eda siguiente tuve una dificultad inesperada. A medida que aumentaba la temperatura de la ma\u00f1ana, empezaron a aparecer los t\u00e1banos. Estos son distintos a los t\u00edpicos de Argentina de color negro. Son colorados, m\u00e1s grandes, lentos y ruidosos. En lo \u00fanico que pensaba era en c\u00f3mo deshacerme de estos insectos. Hab\u00eda menos en la sombra, pero nunca desaparec\u00edan. No solo hab\u00eda muchos, sino que me segu\u00edan. Cada tanto me paraba para matar uno por uno. Despu\u00e9s de un rato volv\u00edan a juntarse a mi alrededor. Para colmo, en el bosque no hab\u00eda mucho viento que los alejara.<\/p>\n\n\n\n<p>Ya hab\u00eda pasado puente ingl\u00e9s y segu\u00ed de largo. Mi objetivo ahora era ir a la ciudad a comprar zapatillas porque las m\u00edas estaban destrozadas. Tambi\u00e9n quer\u00eda escapar de aquel momento de super poblaci\u00f3n de t\u00e1banos. Despu\u00e9s de un par de horas de hacer dedo, por fin un poblador se detuvo con la camioneta.<\/p>\n\n\n\n<p>En Chill\u00e1n cargu\u00e9 el tel\u00e9fono, compr\u00e9 comida para 7 d\u00edas d\u00edas y zapatillas nuevas.<\/p>\n\n\n\n<figure class=\"wp-block-gallery has-nested-images columns-default is-cropped wp-block-gallery-1 is-layout-flex wp-block-gallery-is-layout-flex\">\n<figure class=\"wp-block-image size-large\"><img decoding=\"async\" data-id=\"941\" src=\"https:\/\/homotheoreticus.files.wordpress.com\/2019\/09\/img_3538.jpg?w=736\" alt=\"\" class=\"wp-image-941\"\/><\/figure>\n\n\n\n<figure class=\"wp-block-image size-large\"><img decoding=\"async\" data-id=\"943\" src=\"https:\/\/homotheoreticus.files.wordpress.com\/2019\/09\/img_3568.jpg?w=736\" alt=\"\" class=\"wp-image-943\"\/><\/figure>\n<\/figure>\n\n\n\n<p>Me enter\u00e9 que el Volc\u00e1n Chill\u00e1n se encontraba en alerta naranja. Mi preocupaci\u00f3n era no poder hacer la secci\u00f3n siguiente, ya que la ruta pasa por al lado del volc\u00e1n. <\/p>\n\n\n\n<p>Regres\u00e9 al sendero tomando dos micros: uno de Chill\u00e1n a San Fabi\u00e1n y otro de San Fabi\u00e1n a Puente Ingl\u00e9s. Una vez all\u00ed, arm\u00e9 campamento.<\/p>\n\n\n\n<p>Supe de una triste noticia: se est\u00e1 por construir una represa en la zona de Puente Ingl\u00e9s. Lamentablemente, en unos pocos a\u00f1os el valle quedar\u00e1 totalmente inundado y los pobladores tendr\u00e1n que dejar sus casas. Pero esa es otra historia.<\/p>\n\n\n\n<h3 class=\"wp-block-heading\">Secci\u00f3n n\u00b0 8: \u00abVolc\u00e1n Chill\u00e1n\u00bb<\/h3>\n\n\n\n<h4 class=\"wp-block-heading\">D\u00eda 29 (42,4 km)<\/h4>\n\n\n\n<p>La siguiente secci\u00f3n empieza cruzando el famoso \u00abPuente Ingl\u00e9s\u00bb. El sendero va bordeando el r\u00edo por la ladera de un cerro, siempre por bosque. Luego confluye con una huella vehicular.<\/p>\n\n\n\n<figure class=\"wp-block-image size-large\"><img decoding=\"async\" src=\"https:\/\/homotheoreticus.files.wordpress.com\/2019\/09\/img_3574.jpg?w=1024\" alt=\"\" class=\"wp-image-944\"\/><figcaption>El famoso Puente Ingl\u00e9s<\/figcaption><\/figure>\n\n\n\n<p>En determinado momento el R\u00edo Sauce se une al R\u00edo \u00d1uble, que da nombre a la regi\u00f3n. A lo lejos se ve el cord\u00f3n de monta\u00f1as del Volc\u00e1n Chill\u00e1n.<\/p>\n\n\n\n<figure class=\"wp-block-image size-large\"><img decoding=\"async\" src=\"https:\/\/homotheoreticus.files.wordpress.com\/2019\/09\/img_3591.jpg?w=1024\" alt=\"\" class=\"wp-image-945\"\/><figcaption>R\u00edo \u00d1uble. Al fondo, el cord\u00f3n del Volc\u00e1n Chill\u00e1n.<\/figcaption><\/figure>\n\n\n\n<p>Llegu\u00e9 a la poblaci\u00f3n rural El Roble antes del mediod\u00eda. Un cartel indicaba que hab\u00eda que hacer registro obligatorio en Carabineros. Mi temor era que no me dejaran pasar por el volc\u00e1n en actividad, pero el carabinero me dijo que no hab\u00eda inconveniente. Solo ten\u00eda que tener cuidado. Me qued\u00e9 pensando: \u00ab\u00bfc\u00f3mo hago para tener cuidado si entra en erupci\u00f3n conmigo arriba?\u00bb Despu\u00e9s de registrar mis datos, fui invitado a compartir un desayuno con los carabineros y sus familias.<\/p>\n\n\n\n<figure class=\"wp-block-image size-large\"><img decoding=\"async\" src=\"https:\/\/homotheoreticus.files.wordpress.com\/2019\/09\/img_3587.jpg?w=1024\" alt=\"\" class=\"wp-image-946\"\/><figcaption>Huella vehicular siguiendo el R\u00edo \u00d1uble<\/figcaption><\/figure>\n\n\n\n<p>El resto del d\u00eda sigo una huella de auto que me conduce hasta cerca del l\u00edmite con Argentina. El camino transcurre por un bello bosque de lengas, muy de estilo patag\u00f3nico. En determinado momento, se abre un sendero poco marcado y tengo que vadear el R\u00edo \u00d1uble. El agua me llega hasta la cintura apenas entro. La transparencia permite ver el fondo, pero esto enga\u00f1a. El r\u00edo corre con mucha fuerza. Los bastones tiemblan a sacudidas cuando los clavo entre las piedras. Con cada paso me arrastra un poco m\u00e1s la corriente. Es imposible. Intent\u00e9 dos veces. Tal vez no es la \u00e9poca del a\u00f1o adecuada para cruzar el r\u00edo, o tal vez fueron los d\u00edas de lluvia.<\/p>\n\n\n\n<figure class=\"wp-block-image size-large\"><img decoding=\"async\" src=\"https:\/\/homotheoreticus.files.wordpress.com\/2019\/09\/img_3614.jpg?w=1024\" alt=\"\" class=\"wp-image-947\"\/><figcaption>R\u00edo \u00d1uble: imposible de vadear<\/figcaption><\/figure>\n\n\n\n<p>Por suerte ten\u00eda un plan \u00abB\u00bb: tomar una ruta alternativa. Era radicalmente distinta a la ruta regular, ya que no pasaba por el volc\u00e1n Chill\u00e1n. Se reencontraba con la ruta regular a pocos kil\u00f3metros de la Laguna de la Laja.<\/p>\n\n\n\n<figure class=\"wp-block-image size-large\"><img decoding=\"async\" src=\"https:\/\/homotheoreticus.files.wordpress.com\/2019\/09\/img_3623.jpg?w=1024\" alt=\"\" class=\"wp-image-948\"\/><figcaption>Fin de la huella vehicular, cerca de la frontera con Argentina<\/figcaption><\/figure>\n\n\n\n<p>Segu\u00ed el r\u00edo \u00d1uble a lo largo del valle y mucho m\u00e1s arriba lo tuve que vadear,  pero a esa altura ya era mucho m\u00e1s sencillo. En determinado momento, me separo del camino de auto y sigo una huella de animal por el bosque. Es un paisaje bello, con bosques de lenga y \u00e1reas de mallines. Al pasar por un corral, unas vacas celebraron mi llegada. \u00bfCreer\u00edan que las iba a liberar?<\/p>\n\n\n\n<p>Despu\u00e9s de un sector de bosque quemado, llego a una zona con piedras dispersas, ya sin sendero. Me interno a campo traviesa en direcci\u00f3n a las monta\u00f1as de mi derecha. Mi intenci\u00f3n es encontrar la entrada de la huella que sube por el cerro y acampar por ah\u00ed cerca. Por lo que veo, el track de GPS estaba desactualizado. Me indicaba que deb\u00eda pasar por un lugar tapado de ca\u00f1a. Recorr\u00ed un poco el lugar, hasta que por fin encuentro una huella que asciende entre los \u00e1rboles. Cerca hay un sector de acampe y una peque\u00f1a mesa r\u00fastica, que seguro usan los arrieros. Hay un peque\u00f1o chorrillo con agua buena para beber.<\/p>\n\n\n\n<figure class=\"wp-block-image size-large\"><img decoding=\"async\" src=\"https:\/\/homotheoreticus.files.wordpress.com\/2019\/09\/img_3624.jpg?w=1024\" alt=\"\" class=\"wp-image-949\"\/><figcaption>\u00c1rea de acampe escondida a metros del ascenso por el cerro<\/figcaption><\/figure>\n\n\n\n<p>Con todo lo necesario, agua y sendero verificado, me fui a dormir tranquilo.<\/p>\n\n\n\n<h4 class=\"wp-block-heading\">D\u00eda 30 (28,4 km)<\/h4>\n\n\n\n<p>El d\u00eda siguiente fue muy demandante f\u00edsicamente. Hasta el mediod\u00eda tuve una subida larga de 1000 m. Por suerte, cada tanto el sendero iba faldeando la monta\u00f1a, lo que me dejaba un respiro.<\/p>\n\n\n\n<figure class=\"wp-block-image size-large\"><img decoding=\"async\" src=\"https:\/\/homotheoreticus.files.wordpress.com\/2019\/09\/img_3627.jpg?w=1024\" alt=\"\" class=\"wp-image-950\"\/><figcaption>Sendero faldeando la monta\u00f1a en el bosque de lengas<\/figcaption><\/figure>\n\n\n\n<p>En el medio del cerro encontr\u00e9 un refugio de arriero. Estaba cerrado con chapas, ten\u00eda techo, lugar para fog\u00f3n y mangueras que canalizaban el agua de una vertiente. En un momento me confund\u00ed y segu\u00ed una huella que conduc\u00eda a una zona de veraneada. Cuando consult\u00e9 el GPS me di cuenta que hab\u00eda caminado una hora mal y tuve que regresar.<\/p>\n\n\n\n<figure class=\"wp-block-image size-large\"><img decoding=\"async\" src=\"https:\/\/homotheoreticus.files.wordpress.com\/2019\/09\/img_3633.jpg?w=1024\" alt=\"\" class=\"wp-image-952\"\/><figcaption>Vista atr\u00e1s hacia el valle, superado el l\u00edmite de vegetaci\u00f3n<\/figcaption><\/figure>\n\n\n\n<p>Fui ascendiendo hasta llegar a la lenga achaparrada en direcci\u00f3n al paso. Superado el l\u00edmite del bosque, tuve que pasar por varios mallines con mucho olor a podrido y vacas pastando. El tan esperado paso estaba a 2268 msnm, entre los Cerros las \u00c1guilas y el Cerro Feo. El viento soplaba fuerte.<\/p>\n\n\n\n<figure class=\"wp-block-image size-large\"><img decoding=\"async\" src=\"https:\/\/homotheoreticus.files.wordpress.com\/2019\/09\/img_3653.jpg?w=1024\" alt=\"\" class=\"wp-image-953\"\/><figcaption>Paso entre el Cerro \u00c1guilas y el Cerro Feo. Al fondo se ven nubes de tormenta.<\/figcaption><\/figure>\n\n\n\n<p>Hasta all\u00ed todo normal, pero luego ven\u00eda la parte m\u00e1s dif\u00edcil. No hab\u00eda sendero del otro lado. Cada tanto distingu\u00eda alguna el rastro de una huella antigua, pero estaba totalmente en desuso. Es evidente que del otro lado del paso no hab\u00eda m\u00e1s circulaci\u00f3n de ganado, con lo cual la naturaleza hab\u00eda ido tapando todo. <\/p>\n\n\n\n<figure class=\"wp-block-image size-large\"><img decoding=\"async\" src=\"https:\/\/homotheoreticus.files.wordpress.com\/2019\/09\/img_3658.jpg?w=1024\" alt=\"\" class=\"wp-image-954\"\/><figcaption>Descendiendo entre mallines sin sendero<\/figcaption><\/figure>\n\n\n\n<p>Despu\u00e9s del mall\u00edn, llegu\u00e9 a un laberinto de lenga achaparrada. Segu\u00ed unas pircas que encontr\u00e9 y algunas marcas de machete, pero las se\u00f1ales humanas eran inconstantes. Tuve que luchar mucho con las ramas. En el d\u00eda, me cruc\u00e9 varias huellas de puma.<\/p>\n\n\n\n<figure class=\"wp-block-image size-large\"><img decoding=\"async\" src=\"https:\/\/homotheoreticus.files.wordpress.com\/2019\/09\/img_3672.jpg?w=1024\" alt=\"\" class=\"wp-image-955\"\/><figcaption>Huellas de felino merodeando en la Reserva El \u00d1uble<\/figcaption><\/figure>\n\n\n\n<p>Aproxim\u00e1ndome a un bosque, encontr\u00e9 varias marcas amarillas en forma de flecha. Luego supe que se trataba de un sendero, que tras un incendio reciente, hab\u00eda quedado sin mantenimiento.<\/p>\n\n\n\n<figure class=\"wp-block-image size-large\"><img decoding=\"async\" src=\"https:\/\/homotheoreticus.files.wordpress.com\/2019\/09\/img_3673.jpg?w=1024\" alt=\"\" class=\"wp-image-956\"\/><figcaption>Marcas amarillas del sendero, actualmente en desuso<\/figcaption><\/figure>\n\n\n\n<p>Una vez que termin\u00e9 el descenso, llegu\u00e9 a un valle. La dificultad todav\u00eda no terminaba. A primera vista la ruta parec\u00eda f\u00e1cil: campo traviesa por pampa. Pero no hab\u00eda nada de ganado. Esto significa que el pasto hab\u00eda crecido y ten\u00eda un metro y medio de alto. Para colmo, hab\u00eda pozos y cursos de agua ocultos, as\u00ed que hab\u00eda que prestar mucha atenci\u00f3n a cada paso. Atr\u00e1s m\u00edo se aproximaba una gran nube de tormenta y se empezaban a escuchar los truenos.<\/p>\n\n\n\n<figure class=\"wp-block-image size-large\"><img decoding=\"async\" src=\"https:\/\/homotheoreticus.files.wordpress.com\/2019\/09\/img_3679.jpg?w=1024\" alt=\"\" class=\"wp-image-957\"\/><figcaption>Caminata por pasto alto. Atr\u00e1s se aproximaban nubes de tormenta.<\/figcaption><\/figure>\n\n\n\n<p>En determinado momento el pasto desaparec\u00eda y en su lugar hab\u00eda un musgo colorado sobre tierra firme. Los \u00e1rboles estaban pelados. Era el paisaje de un incendio, con el musgo caracter\u00edstico que crece sobre la ceniza. Se me facilit\u00f3 mucho el andar. Encontr\u00e9 un rastro de caballo reciente y lo empec\u00e9 a seguir entre los troncos quemados.<\/p>\n\n\n\n<figure class=\"wp-block-image size-large\"><img decoding=\"async\" src=\"https:\/\/homotheoreticus.files.wordpress.com\/2019\/09\/img_3683.jpg?w=1024\" alt=\"\" class=\"wp-image-958\"\/><figcaption>Bosque quemado de roble en la Reserva Nacional El \u00d1uble<\/figcaption><\/figure>\n\n\n\n<p>La nube me alcanz\u00f3 y se larg\u00f3 a llover. Camin\u00e9 un par de horas con campera impermeable, pero como es sabido, tarde o temprano uno se moja igual. De pronto, pude divisar un puesto r\u00fastico de carabineros, con la bandera de Chile flameando. Me apresur\u00e9 a tocar la puerta. Desgraciadamente no hab\u00eda nadie y se desvanecieron mis esperanzas de encontrar reparo. Arm\u00e9 la carpa bajo unos \u00e1rboles. Fue el d\u00eda m\u00e1s agotador de toda la traves\u00eda, tanto f\u00edsica como psicol\u00f3gicamente. <\/p>\n\n\n\n<h4 class=\"wp-block-heading\">D\u00eda 31 (22,3 km)<\/h4>\n\n\n\n<p>Al d\u00eda siguiente la tormenta hab\u00eda pasado de largo y estaba despejado. Segu\u00ed la huella de caballo hasta que resurgi\u00f3 el sendero. Un cartel con la inscripci\u00f3n \u00abRoble Huacho\u00bb me indic\u00f3 que estaba en un \u00e1rea mantenida. Observando las pistas del GPS, pude ver que del cartel sal\u00eda una bifurcaci\u00f3n hasta una laguna de altura. Si alguien desea realizar esta traves\u00eda, el secreto est\u00e1 en ir siempre por arriba del filo y no descender al valle, sino hasta llegar a la laguna. Pero esto lo supe estudiando bien la ruta una vez en casa.<\/p>\n\n\n\n<figure class=\"wp-block-image size-large\"><img decoding=\"async\" src=\"https:\/\/homotheoreticus.files.wordpress.com\/2019\/09\/img_3687.jpg?w=1024\" alt=\"\" class=\"wp-image-959\"\/><figcaption>Un cartel me indica que voy por buen camino<\/figcaption><\/figure>\n\n\n\n<p>Despu\u00e9s de una hora de caminata, llegu\u00e9 al R\u00edo Polcura. Lo vade\u00e9 sin problema. A partir de aqu\u00ed, dejo atr\u00e1s la Regi\u00f3n de \u00d1uble e ingreso a la Regi\u00f3n B\u00edo B\u00edo. El cielo est\u00e1 despejado y con la sola caminata se fue secando mi calzado. <\/p>\n\n\n\n<figure class=\"wp-block-image size-large\"><img decoding=\"async\" src=\"https:\/\/homotheoreticus.files.wordpress.com\/2019\/09\/img_3690.jpg?w=1024\" alt=\"\" class=\"wp-image-960\"\/><figcaption>R\u00edo Polcura que marca el l\u00edmite entre la Regi\u00f3n del \u00d1uble y B\u00edo B\u00edo<\/figcaption><\/figure>\n\n\n\n<p>Me encontr\u00e9 con un guardaparque, que se encontraba de vacaciones. Hab\u00eda estado pescando y se iba a dar un fest\u00edn de truchas con la familia. Convers\u00e9 un rato con \u00e9l y me cont\u00f3 que el incendio databa de 2012. A partir de entonces, la zona hab\u00eda dejado de ser transitada, lo cual explica la falta de mantenimiento. Le cont\u00e9 que mi plan del d\u00eda era llegar a la Laguna de la Laja. All\u00ed me indic\u00f3 por d\u00f3nde tomar el sendero.<\/p>\n\n\n\n<figure class=\"wp-block-image size-large\"><img decoding=\"async\" src=\"https:\/\/homotheoreticus.files.wordpress.com\/2019\/09\/img_3691.jpg?w=1024\" alt=\"\" class=\"wp-image-961\"\/><figcaption>Truchas arcoiris pescadas en el R\u00edo Polcura<\/figcaption><\/figure>\n\n\n\n<p>Despu\u00e9s de cruzar la ruta, empiezo a subir por el Sendero \u00abLos Ratones\u00bb. El ascenso es de unos 500 metros por bosque agradable de roble y lenga.<\/p>\n\n\n\n<figure class=\"wp-block-image size-large\"><img decoding=\"async\" src=\"https:\/\/homotheoreticus.files.wordpress.com\/2019\/09\/img_3698.jpg?w=1024\" alt=\"\" class=\"wp-image-962\"\/><figcaption>Sendero Los Ratones, en direcci\u00f3n a la Laguna de la Laja<\/figcaption><\/figure>\n\n\n\n<p>En determinado momento dejo atr\u00e1s el bosque y entro en un largo valle de pampa de coirones. A lo lejos se ve la Laguna de la Laja, adornada con la cumbre del Volc\u00e1n Antuco al fondo. Descubro que en la cabecera del lago hay una casilla bien construida. Al llegar, sali\u00f3 un se\u00f1or. \u00abVenga a comer tortas\u00bb, me dice. Es el arriero Juan, que me recibe con toda su hospitalidad. Estaba con sus perros y sus caballos, descansando de la jornada de trabajo. Me invit\u00f3 a pasar a su puesto y a calentar agua en el fuego. Fue una tarde agradable, con mucha conversaci\u00f3n y mate. Me cont\u00f3 que ten\u00eda un amigo arriero del otro lado de la monta\u00f1a, del lado argentino y que viajaba all\u00ed a menudo a caballo.<\/p>\n\n\n\n<figure class=\"wp-block-image size-large\"><img decoding=\"async\" src=\"https:\/\/homotheoreticus.files.wordpress.com\/2019\/09\/img_3706.jpg?w=1024\" alt=\"\" class=\"wp-image-964\"\/><figcaption>Compartiendo merienda con el arriero Juan<\/figcaption><\/figure>\n\n\n\n<p>Me cont\u00f3 que ya hab\u00eda anticipado mi presencia, porque pudo ver mis huellas. Tambi\u00e9n me cont\u00f3 que hace poco le hab\u00edan robado unos caballos, pero identific\u00f3 de d\u00f3nde ven\u00edan los ladrones por el rastro y logr\u00f3 tenerlos de vuelta. Qued\u00e9 totalmente sorprendido. Por m\u00e1s trekking que yo haga toda la vida, nunca voy desarrollar tan bueno ojo como este se\u00f1or de campo. <\/p>\n\n\n\n<p>Aquel atardecer, pude disfrutar de una vista \u00fanica a la laguna con el volc\u00e1n Antuco de fondo. Arm\u00e9 la carpa debajo de unos \u00e1rboles para evitar la humedad de la pampa.<\/p>\n\n\n\n<figure class=\"wp-block-image size-large\"><img decoding=\"async\" src=\"https:\/\/homotheoreticus.files.wordpress.com\/2019\/09\/img_3715.jpg?w=1024\" alt=\"\" class=\"wp-image-965\"\/><figcaption>Crep\u00fasculo vespertino en la cabecera norte de la Laguna de la Laja<\/figcaption><\/figure>\n\n\n\n<h4 class=\"wp-block-heading\">D\u00eda 32 (38,5 km)<\/h4>\n\n\n\n<p>Durante la noche se hab\u00eda escapado un caballo. Juan me cont\u00f3 que iba a ser f\u00e1cil encontrarlo siguiendo el rastro. Despu\u00e9s de desayunar unos mates, me desped\u00ed y segu\u00ed mi caminata.<\/p>\n\n\n\n<p>Lo que segu\u00eda se llama \u00abTraves\u00eda Polcura\u00bb. Es un sendero que va pasando por los filos de los cerros alrededor de la Laguna de la Laja, hasta la estaci\u00f3n de ski Antuco. Fue la una de las traves\u00edas m\u00e1s demandante de todo el Sendero Gran Patagonia y tambi\u00e9n una de las m\u00e1s bellas.<\/p>\n\n\n\n<figure class=\"wp-block-image size-large\"><img decoding=\"async\" src=\"https:\/\/homotheoreticus.files.wordpress.com\/2019\/09\/img_3720.jpg?w=1024\" alt=\"\" class=\"wp-image-966\"\/><figcaption>Primera laguna antes de ascender por la Traves\u00eda Polcura<\/figcaption><\/figure>\n\n\n\n<p>Tras pasar por una primera laguna, comienzo un ascenso sumamente empinado de 600 m. A Partir de all\u00ed, la ruta es amena, siguiendo los filos de los cerros entre coirones y lenga achaparrada.<\/p>\n\n\n\n<figure class=\"wp-block-image size-large\"><img decoding=\"async\" src=\"https:\/\/homotheoreticus.files.wordpress.com\/2019\/09\/img_3743.jpg?w=1024\" alt=\"\" class=\"wp-image-967\"\/><figcaption>Descanso tras el primer ascenso de la Traves\u00eda Polcura<\/figcaption><\/figure>\n\n\n\n<figure class=\"wp-block-image size-large\"><img decoding=\"async\" src=\"https:\/\/homotheoreticus.files.wordpress.com\/2019\/09\/img_3757.jpg?w=1024\" alt=\"\" class=\"wp-image-969\"\/><\/figure>\n\n\n\n<p>Arriba sopla el viento con fuerza. Me siento muy chiquito ante la inmensidad de la monta\u00f1a. A medida que avanzo, voy descubriendo lagunas ocultas, rodeadas de bosque de altura.<\/p>\n\n\n\n<figure class=\"wp-block-image size-large\"><img decoding=\"async\" src=\"https:\/\/homotheoreticus.files.wordpress.com\/2019\/09\/img_3761.jpg?w=1024\" alt=\"\" class=\"wp-image-970\"\/><figcaption>Al fondo, la Laguna de la Laja. M\u00e1s cerca, una gran laguna solo visible desde la altura.<\/figcaption><\/figure>\n\n\n\n<p>En determinado momento el sendero se bifurca y un parte desciende hasta un valle boscoso. La ruta regular que me indica el GPS sigue por las laderas de los cerros. Ya en un terreno de piedras, hago cumbre a 2191 msnm. El viento sopla con tanta fuerza que es casi imposible permanecer en pie. <\/p>\n\n\n\n<figure class=\"wp-block-image size-large\"><img decoding=\"async\" src=\"https:\/\/homotheoreticus.files.wordpress.com\/2019\/09\/img_3770.jpg?w=1024\" alt=\"\" class=\"wp-image-971\"\/><figcaption>Vista a 2191 msnm<\/figcaption><\/figure>\n\n\n\n<p>A partir de all\u00ed ya no hab\u00eda sendero marcado. Delante m\u00edo, una gran nube se mov\u00eda con velocidad e iba envolviendo los picos del cord\u00f3n monta\u00f1oso. \u00a1Yo ten\u00eda que pasar por ah\u00ed! Decid\u00ed esperar un rato y cuando la nube hab\u00eda pasado de largo, me dispuse a continuar. De golpe, en un instante, me vi envuelto por otra nube&#8230; me hab\u00eda alcanzado. Sent\u00ed que hab\u00eda ingresado en una dimensi\u00f3n paralela. Me encontraba envuelto en un manto blanco, con visibilidad limitada, mucho viento, humedad y un fr\u00edo helado que penetraba hasta la \u00faltima capa de mi ropa. Ten\u00eda que salir de all\u00ed lo antes posible.<\/p>\n\n\n\n<figure class=\"wp-block-image size-large\"><img decoding=\"async\" src=\"https:\/\/homotheoreticus.files.wordpress.com\/2019\/09\/img_3774.jpg?w=1024\" alt=\"\" class=\"wp-image-972\"\/><figcaption>Llegando a la Laguna La L\u00e1grima en medio de una nube de monta\u00f1a<\/figcaption><\/figure>\n\n\n\n<p>Cuando la nube se disip\u00f3, el paisaje cambi\u00f3 totalmente. Hab\u00eda regresado a la dimensi\u00f3n normal. Descubr\u00ed uno de los paisajes m\u00e1s hermosos y coloridos de todo el Sendero Gran Patagonia. Se ve\u00eda la Laguna Los C\u00f3ndores, la Laguna Toro, los bosques de lenga que ca\u00edan sobre las laderas de los cerros, la Laguna de la Laja, y coronando la escena, el Volc\u00e1n Antuco y la Sierra Velluda, de tinte viol\u00e1ceo, con la Cordillera de los Andes en el fondo. <\/p>\n\n\n\n<figure class=\"wp-block-image size-large\"><img decoding=\"async\" src=\"https:\/\/homotheoreticus.files.wordpress.com\/2019\/09\/img_3790.jpg?w=1024\" alt=\"\" class=\"wp-image-973\"\/><figcaption>Una de las vistas m\u00e1s espectaculares de todo el Sendero Gran Patagonia. Al fondo la Laguna de la Laja y el Volc\u00e1n Antuco.<\/figcaption><\/figure>\n\n\n\n<p>Superada la parte m\u00e1s alta y rocosa, empieza un descenso abrupto. Tengo que usar las manos y bajar sentado. Despu\u00e9s de un rato, reaparece un sendero de animal. Estoy en un paisaje de ensue\u00f1o. El camino se vuelve m\u00e1s f\u00e1cil y llevadero.<\/p>\n\n\n\n<figure class=\"wp-block-image size-large\"><img decoding=\"async\" src=\"https:\/\/homotheoreticus.files.wordpress.com\/2019\/09\/img_3797.jpg?w=1024\" alt=\"\" class=\"wp-image-975\"\/><figcaption>Sendero al borde del barranco. Al fondo se ve la Sierra Velluda.<\/figcaption><\/figure>\n\n\n\n<p>Despu\u00e9s del \u00faltimo mall\u00edn de altura, entro a la zona de los \u00abtubos\u00bb. Le dicen as\u00ed a los senderos pisoteados por el ganado, que adquieren forma de canaleta, en medio de la lenga achaparrada.<\/p>\n\n\n\n<figure class=\"wp-block-image size-large\"><img decoding=\"async\" src=\"https:\/\/homotheoreticus.files.wordpress.com\/2019\/09\/img_3800.jpg?w=1024\" alt=\"\" class=\"wp-image-976\"\/><figcaption>Descenso por los \u00abtubos\u00bb<\/figcaption><\/figure>\n\n\n\n<p>El descenso es bastante empinado a lo largo de unos 600 m aproximadamente. A continuaci\u00f3n viene una zona llana por bosque de lenga. Una vez que me despido del bosque, empieza la huella vehicular. Atravieso el Mall\u00edn del Toro, con mucho barro y mucha agua. Antes de la bajada a la ruta, paso por un largo campo de ceniza volc\u00e1nica.<\/p>\n\n\n\n<figure class=\"wp-block-image size-large\"><img decoding=\"async\" src=\"https:\/\/homotheoreticus.files.wordpress.com\/2019\/09\/img_3806.jpg?w=1024\" alt=\"\" class=\"wp-image-977\"\/><figcaption>El Volc\u00e1n Antuco y la Sierra Velluda desde el Mall\u00edn del Toro<\/figcaption><\/figure>\n\n\n\n<p>Pas\u00e9 la noche en el camping de la CONAF. Me recibieron Bernab\u00e9, Fernando y Mart\u00edn, los due\u00f1os de la concesi\u00f3n. Me invitaron a cenar juntos y nos quedamos conversando varias horas. A la ma\u00f1ana siguiente me qued\u00e9 desayunando con mate y seguimos la charla. No puedo estar m\u00e1s agradecido. \u00a1Nos hicimos tan amigos que al final no me quer\u00edan cobrar! Por supuesto, no lo permit\u00ed y pagu\u00e9 igual. No puedo estar m\u00e1s agradecido.<\/p>\n\n\n\n<p>Fue aquella noche que escuch\u00e9 por primera vez acerca de otro caminante que hac\u00eda el Sendero Gran Patagonia. Me dijeron que era de Europa y llevaba un GPS al igual que yo. Nunca me lo cruc\u00e9. Hasta ahora, las personas que conoc\u00ed en el sendero fueron todos pobladores. Me hab\u00edan advertido que en Chile pod\u00eda haber desconfianza hacia mi por ser argentino, pero result\u00f3 todo lo contrario. Por donde pas\u00e9, siempre encontr\u00e9 una excelente hospitalidad.<\/p>\n\n\n\n<p>El objetivo pr\u00f3ximo era cruzar el Volc\u00e1n Antuco y llegar a la localidad de Trapa Trapa. Ya hab\u00edan pasado 31 d\u00edas desde que sal\u00ed de Santigo y reci\u00e9n iba por la mitad de la traves\u00eda.<\/p>\n\n\n\n<p><em>Contin\u00faa en la <a href=\"https:\/\/homotheoreticus.wordpress.com\/2019\/09\/11\/resena-del-sendero-gran-patagonia-3-parte\/\">tercera parte<\/a>.<\/em><\/p>\n\n\n\n<p>Ir a <a href=\"https:\/\/homotheoreticus.wordpress.com\/2019\/09\/02\/sendero-gran-patagonia-primera-parte\/\">primera parte<\/a>.<\/p>\n","protected":false},"excerpt":{"rendered":"<p>Rese\u00f1a de la segunda parte de mi caminata por el Sendero Gran Patagonia. Las secciones 6 a 8 fueron las m\u00e1s demandantes de toda la ruta, tanto por las pendiente del terreno como por las inclemencias del clima. Como resumen puedo decir que, pese a las dificultades, disfrut\u00e9 mucho los paisajes remotos, el cambio de vegetaci\u00f3n, los escenarios volc\u00e1nicos y, sobre todo, la gran hospitalidad de los pobladores.<\/p>\n","protected":false},"author":2,"featured_media":1895,"comment_status":"open","ping_status":"open","sticky":false,"template":"","format":"standard","meta":{"om_disable_all_campaigns":false,"_monsterinsights_skip_tracking":false,"_monsterinsights_sitenote_active":false,"_monsterinsights_sitenote_note":"","_monsterinsights_sitenote_category":0,"_uf_show_specific_survey":0,"_uf_disable_surveys":false,"cybocfi_hide_featured_image":"","footnotes":""},"categories":[6,1,2],"tags":[21,22,38,39],"class_list":["post-877","post","type-post","status-publish","format-standard","has-post-thumbnail","hentry","category-sendero-gran-patagonia-gpt","category-sin-categoria","category-travesias","tag-gpt","tag-greater-patagonian-trail","tag-segunda-parte","tag-sendero-gran-patagonia"],"aioseo_notices":[],"_links":{"self":[{"href":"https:\/\/homotheoreticus.com\/index.php\/wp-json\/wp\/v2\/posts\/877","targetHints":{"allow":["GET"]}}],"collection":[{"href":"https:\/\/homotheoreticus.com\/index.php\/wp-json\/wp\/v2\/posts"}],"about":[{"href":"https:\/\/homotheoreticus.com\/index.php\/wp-json\/wp\/v2\/types\/post"}],"author":[{"embeddable":true,"href":"https:\/\/homotheoreticus.com\/index.php\/wp-json\/wp\/v2\/users\/2"}],"replies":[{"embeddable":true,"href":"https:\/\/homotheoreticus.com\/index.php\/wp-json\/wp\/v2\/comments?post=877"}],"version-history":[{"count":4,"href":"https:\/\/homotheoreticus.com\/index.php\/wp-json\/wp\/v2\/posts\/877\/revisions"}],"predecessor-version":[{"id":1897,"href":"https:\/\/homotheoreticus.com\/index.php\/wp-json\/wp\/v2\/posts\/877\/revisions\/1897"}],"wp:featuredmedia":[{"embeddable":true,"href":"https:\/\/homotheoreticus.com\/index.php\/wp-json\/wp\/v2\/media\/1895"}],"wp:attachment":[{"href":"https:\/\/homotheoreticus.com\/index.php\/wp-json\/wp\/v2\/media?parent=877"}],"wp:term":[{"taxonomy":"category","embeddable":true,"href":"https:\/\/homotheoreticus.com\/index.php\/wp-json\/wp\/v2\/categories?post=877"},{"taxonomy":"post_tag","embeddable":true,"href":"https:\/\/homotheoreticus.com\/index.php\/wp-json\/wp\/v2\/tags?post=877"}],"curies":[{"name":"wp","href":"https:\/\/api.w.org\/{rel}","templated":true}]}}