{"id":99,"date":"2017-12-25T21:16:29","date_gmt":"2017-12-25T21:16:29","guid":{"rendered":"https:\/\/homotheoreticus.wordpress.com\/?p=99"},"modified":"2022-06-23T20:54:23","modified_gmt":"2022-06-23T20:54:23","slug":"travesia-por-el-fin-del-mundo","status":"publish","type":"post","link":"https:\/\/homotheoreticus.com\/index.php\/2017\/12\/25\/travesia-por-el-fin-del-mundo\/","title":{"rendered":"Traves\u00eda por el Fin del Mundo (2017)"},"content":{"rendered":"<p><em>Comparto un poco del recorrido de trekking que hice en la isla de Tierra del Fuego, en Diciembre de 2017. Tom\u00e9 el itinerario de la gu\u00eda Senderos de Argentina (2015-2016), donde figura con el nombre: \u00abHuella Andina del Fin de Mundo\u00bb. Se trata de un sendero a\u00fan en desarrollo pero realizable, siempre y cuando se prevea una serie de dificultades.<\/em><\/p>\n<p><strong>Introducci\u00f3n<\/strong><\/p>\n<p>Lleg\u00f3 el verano y como siempre, ya ten\u00eda la mochila esperando en el placard, lista para acompa\u00f1arme a la monta\u00f1a. Esta vez mi destino fue la provincia de Tierra del Fuego, donde tengo familia y paso cada a\u00f1o posible las fiestas.&nbsp;El itinerario lo conoc\u00ed a trav\u00e9s de la gu\u00eda de Senderos de Argentina 2015-2016, que obtuve en la oficina de turismo de Esquel, una vez que complet\u00e9 la Huella Andina. Desde que tuve la gu\u00eda en mis manos qued\u00e9 fascinado con la idea: un sendero de largo recorrido, similar a la Huella tradicional, pero situada en la tierra donde me cri\u00e9, donde me \u00abcurt\u00ed\u00bb acampando desde chico&#8230;<\/p>\n<div id='gallery-1' class='gallery galleryid-99 gallery-columns-3 gallery-size-thumbnail'><figure class='gallery-item'>\n\t\t\t<div class='gallery-icon portrait'>\n\t\t\t\t<a href='https:\/\/homotheoreticus.com\/screen-shot-2018-03-12-at-16-01-13\/'><img loading=\"lazy\" decoding=\"async\" width=\"150\" height=\"150\" src=\"https:\/\/homotheoreticus.com\/wp-content\/uploads\/2018\/03\/screen-shot-2018-03-12-at-16-01-13-150x150.png\" class=\"attachment-thumbnail size-thumbnail\" alt=\"\" \/><\/a>\n\t\t\t<\/div><\/figure><figure class='gallery-item'>\n\t\t\t<div class='gallery-icon portrait'>\n\t\t\t\t<a href='https:\/\/homotheoreticus.com\/screen-shot-2018-03-12-at-16-03-19\/'><img loading=\"lazy\" decoding=\"async\" width=\"150\" height=\"150\" src=\"https:\/\/homotheoreticus.com\/wp-content\/uploads\/2018\/03\/screen-shot-2018-03-12-at-16-03-19-150x150.png\" class=\"attachment-thumbnail size-thumbnail\" alt=\"\" \/><\/a>\n\t\t\t<\/div><\/figure>\n\t\t<\/div>\n\n<p>El sendero parte del \u00e1rea de precordillera, en Estancia el Carmen, cruza la cordillera en el Paso Beban y desemboca en el Canal de Beagle, cerca de Ushuaia. En total el recorrido tiene una extensi\u00f3n estipulada de 87,5 km, que en la pr\u00e1ctica suma un poco m\u00e1s.<\/p>\n<figure id=\"attachment_290\" aria-describedby=\"caption-attachment-290\" style=\"width: 1688px\" class=\"wp-caption alignnone\"><img loading=\"lazy\" decoding=\"async\" class=\"alignnone size-full wp-image-290\" src=\"https:\/\/homotheoreticus.files.wordpress.com\/2017\/12\/screen-shot-2018-02-28-at-21-51-34.png\" alt=\"Screen Shot 2018-02-28 at 21.51.34\" width=\"1688\" height=\"1366\"><figcaption id=\"caption-attachment-290\" class=\"wp-caption-text\">La Huella del Fin del Mundo pasa por todos los ambientes de la isla, partiendo del bosque precordillerano para cruzar la cordillera y desembocar en el Canal de Beagle<\/figcaption><\/figure>\n<p>Los lugares no me eran del todo desconocidos, as\u00ed que sab\u00eda con qu\u00e9 dificultades me pod\u00eda encontrar: grandes&nbsp;mallines de turba, temperaturas promedio de menos de 10\u00b0, vientos de m\u00e1s de 50 k\/h, llovizna diaria, y espor\u00e1dicamente granizo o nieve.<\/p>\n<p><b>Advertencia y previsiones<\/b><\/p>\n<p>Voy a comenzar aclarando una cuesti\u00f3n importante: la informaci\u00f3n de la gu\u00eda corresponde a un \u00absendero a\u00fan en desarrollo\u00bb. \u00bfQu\u00e9 significa esto? Que no hay marcas de Huella Andina en Tierra del Fuego, los senderos mencionados no est\u00e1n todos marcados y algunos de los refugios mencionados est\u00e1n ausentes o en p\u00e9simo estado. Tampoco hay servicios en casi todo el recorrido. Esto la convierte en una traves\u00eda atractiva para el aventurero que busca lugares poco concurridos, pero no es apropiada para alguien que est\u00e1 habituado a los senderos bien mantenidos de Bariloche o el Bols\u00f3n. Pese a esto, se puede hacer si se tienen los recaudos debidos.<\/p>\n<p>Existe un problema que hay que resolver de antemano. En la mitad del recorrido hay una conexi\u00f3n lacustre de m\u00e1s de 40 km., que parte de la desembocadura del R\u00edo Claro y conduce a Bah\u00eda Torito. La principal dificultad en esta conexi\u00f3n es que no hay servicio de lancha en la desembocadura del R\u00edo Claro. El servicio de lancha parte de lo del \u00abVasco\u00bb Echeverr\u00eda, en Bah\u00eda Tortio, quien tiene all\u00ed un hostel sin comunicaci\u00f3n vehicular. Si bien es posible pedir la lancha por radio, es m\u00e1s sencillo realizar el recorrido en sentido inverso (sur-norte). La siguiente dificultad es que el Lago Fagnano presenta mucho oleaje, debido al fuerte viento que entra por el Seno del Almirantazgo. El verano es la \u00e9poca m\u00e1s ventosa. Por este motivo, es muy dif\u00edcil encontrar un momento de calma como para realizar el cruce. La tercera dificultad es relativa a cu\u00e1nto pensamos gastar, ya que el cruce tiene un costo de $1200 (a\u00f1o 2017).<\/p>\n<figure id=\"attachment_289\" aria-describedby=\"caption-attachment-289\" style=\"width: 2132px\" class=\"wp-caption alignnone\"><img loading=\"lazy\" decoding=\"async\" class=\"alignnone size-full wp-image-289\" src=\"https:\/\/homotheoreticus.files.wordpress.com\/2017\/12\/screen-shot-2018-02-28-at-21-46-58.png\" alt=\"Screen Shot 2018-02-28 at 21.46.58\" width=\"2132\" height=\"726\"><figcaption id=\"caption-attachment-289\" class=\"wp-caption-text\">Cruce lacustre dif\u00edcil de realizar sobre el Lago Fagnano<\/figcaption><\/figure>\n<p>Considerando estas variables, prev\u00ed modificar el recorrido, en caso de que el viento me impidiera realizar el cruce, como efectivamente ocurri\u00f3. Adem\u00e1s, decid\u00ed realizar la Huella en direcci\u00f3n sur-norte.<\/p>\n<p><strong>Preparaci\u00f3n<\/strong><\/p>\n<p>Llev\u00e9 un equipo m\u00ednimo en la mochila, sacrificando todo lujo para caminar m\u00e1s c\u00f3modo. Es el mismo equipo que us\u00e9 en la Patagonia Norte con m\u00ednimas modificaciones: agregu\u00e9 una camiseta t\u00e9rmica de merino debajo de la camisa y llev\u00e9 un pantal\u00f3n impermeable muy delgado en la mochila, que me sirvi\u00f3 tambi\u00e9n de rompeviento. Aclaro que la vestimenta es muy relativa a la temperatura corporal y la costumbre de cada uno.<\/p>\n<figure id=\"attachment_281\" aria-describedby=\"caption-attachment-281\" style=\"width: 1472px\" class=\"wp-caption alignnone\"><img loading=\"lazy\" decoding=\"async\" class=\"alignnone size-full wp-image-281\" src=\"https:\/\/homotheoreticus.files.wordpress.com\/2017\/12\/img_069511.jpg\" alt=\"img_06951\" width=\"1472\" height=\"1104\"><figcaption id=\"caption-attachment-281\" class=\"wp-caption-text\">Equipo vers\u00e1til para toda la Patagonia, con lo m\u00ednimo indispensable<\/figcaption><\/figure>\n<p>En el siguiente art\u00edculo describo el equipo con mayor detalle:<\/p>\n<blockquote class=\"wp-embedded-content\" data-secret=\"0Rawp5wK9l\"><p><a href=\"https:\/\/homotheoreticus.wordpress.com\/2017\/12\/10\/equipo-ultra-liviano-para-la-patagonia-norte-26-kg\/\">Equipo ultra liviano para la Patagonia Norte &#8211; 2,6&nbsp;kg<\/a><\/p><\/blockquote>\n<p><iframe loading=\"lazy\" class=\"wp-embedded-content\" sandbox=\"allow-scripts\" security=\"restricted\" style=\"position: absolute; visibility: hidden;\" title=\"\u00abEquipo ultra liviano para la Patagonia Norte &#8211; 2,6&nbsp;kg\u00bb \u2014 Homo Theoreticus\" src=\"https:\/\/homotheoreticus.wordpress.com\/2017\/12\/10\/equipo-ultra-liviano-para-la-patagonia-norte-26-kg\/embed\/#?secret=1omVXCP61Y#?secret=0Rawp5wK9l\" data-secret=\"0Rawp5wK9l\" width=\"600\" height=\"338\" frameborder=\"0\" marginwidth=\"0\" marginheight=\"0\" scrolling=\"no\"><\/iframe><\/p>\n<p>Una herramienta indispensable para este tipo de traves\u00edas sin se\u00f1alizaci\u00f3n es un GPS. En&nbsp;mi caso llev\u00e9 mi celular con la aplicaci\u00f3n \u00abGAIA GPS\u00bb, que utiliza tracks en formato .gpx o .kml y permite descargar los mapas para uso off line.<\/p>\n<figure id=\"attachment_283\" aria-describedby=\"caption-attachment-283\" style=\"width: 1136px\" class=\"wp-caption alignnone\"><img loading=\"lazy\" decoding=\"async\" class=\"alignnone size-full wp-image-283\" src=\"https:\/\/homotheoreticus.files.wordpress.com\/2017\/12\/img_00b3160057e7-1.jpeg\" alt=\"IMG_00B3160057E7-1\" width=\"1136\" height=\"640\"><figcaption id=\"caption-attachment-283\" class=\"wp-caption-text\">Screen shot de la aplicaci\u00f3n Gaia GPS, disponible tanto para iOS como para Android<\/figcaption><\/figure>\n<p>Llev\u00e9 tambi\u00e9n una bater\u00eda externa de 10000 mha, que permite una mayor autonom\u00eda (3 cargas y media). Para proteger el celular de la lluvia y el granizo, lo coloqu\u00e9 en una bolsita ziploc donde funcionaba al tacto de los dedos sin problema. Un consejo importante: tener el celular siempre que sea posible pegado al cuerpo (en el bolsillo de la camisa o del pantal\u00f3n), ya que las bajas temperaturas agotan la bater\u00eda a un ritmo vertiginoso.<\/p>\n<p><strong>D\u00eda I: Playa Larga (ida y vuelta)<\/strong><\/p>\n<p style=\"text-align:right;\"><em>19 de Diciembre de 2017<\/em><\/p>\n<p>Decid\u00ed realizar la Huella del Fin del Mundo en sentido sur-norte, para facilitar la conexi\u00f3n lacustre. Antes de salir me comuniqu\u00e9 por tel\u00e9fono con el \u00abVasco\u00bb Echeverr\u00eda, quien me estar\u00eda esperando el d\u00eda 21\/1 en Bah\u00eda Torito. Por tal motivo, comenc\u00e9 a caminar desde la etapa 8, partiendo de la ciudad de Ushuaia. Antes de salir di aviso en Defensa Civil, donde me atendieron con mucho inter\u00e9s.<\/p>\n<p>Seg\u00fan el mapa de la gu\u00eda oficial la etapa conduc\u00eda a un refugio junto a la Laguna Submarino, pero cabe aclarar que dicho refugio es inexistente.<\/p>\n<p><img loading=\"lazy\" decoding=\"async\" class=\"alignnone size-full wp-image-274\" src=\"https:\/\/homotheoreticus.files.wordpress.com\/2017\/12\/screen-shot-2018-02-28-at-20-33-00.png\" alt=\"Screen Shot 2018-02-28 at 20.33.00.png\" width=\"2300\" height=\"1596\"><\/p>\n<p>La primera parte del recorrido, es sencilla y vale realmente la pena: pasando por Playa Larga, va bordeando la costa del Canal de Beagle con paisajes fant\u00e1sticos; llega a Estancia T\u00fanel y luego empieza a ascender por una huella de \u00abcuatri\u00bb, en medio del bosque de lengas.<\/p>\n<figure id=\"attachment_275\" aria-describedby=\"caption-attachment-275\" style=\"width: 4032px\" class=\"wp-caption alignnone\"><img loading=\"lazy\" decoding=\"async\" class=\"alignnone size-full wp-image-275\" src=\"https:\/\/homotheoreticus.files.wordpress.com\/2017\/12\/img_0796.jpg\" alt=\"IMG_0796\" width=\"4032\" height=\"3024\"><figcaption id=\"caption-attachment-275\" class=\"wp-caption-text\">Recorriendo las costas del beagle por un sendero f\u00e1cil y bien marcado<\/figcaption><\/figure>\n<p>Pero la huella de cuatri no conduce a ning\u00fan sendero, sino que pega la vuelta y regresa a Ushuaia. Por tal motivo, un poco desorientado, segu\u00ed como pude gui\u00e1ndome por un track que hab\u00eda bajado de Wikiloc (el que se ve arriba), pero este track se perd\u00eda dentro del bosque.<\/p>\n<p>Era el primer d\u00eda de caminata y me la pas\u00e9 buscando todo el d\u00eda un sendero sin \u00e9xito. Recorr\u00ed varias huellas que no conduc\u00edan a ning\u00fan lado. Tampoco hab\u00eda picadas de animales. Al final me anim\u00e9 a caminar campo travieza, lo cual no es imposible dada la escacez de sotobosque en la ladera sur de las monta\u00f1as. A eso de las 18 hs, me di cuenta que hab\u00eda perdido mucho tiempo con poco progreso y decid\u00ed regresar a Ushuaia para repensar el itinerario.<\/p>\n<figure id=\"attachment_277\" aria-describedby=\"caption-attachment-277\" style=\"width: 4032px\" class=\"wp-caption alignnone\"><img loading=\"lazy\" decoding=\"async\" class=\"alignnone size-full wp-image-277\" src=\"https:\/\/homotheoreticus.files.wordpress.com\/2017\/12\/img_0807.jpg\" alt=\"IMG_0807\" width=\"4032\" height=\"3024\"><figcaption id=\"caption-attachment-277\" class=\"wp-caption-text\">Antigua huella que muere en el bosque de lengas<\/figcaption><\/figure>\n<p>Camin\u00e9 aproximadamente 30 kil\u00f3metros aquel d\u00eda, entre yendo y viniendo por distintos caminos. Luego dos personas de Ushuaia me confirmaron que hab\u00edan hecho el recorrido por el valle hasta la laguna, pero que no hab\u00eda ning\u00fan sendero, cosa no tan extra\u00f1a para el trekking inh\u00f3spito de Tierra del Fuego. La experiencia me sirvi\u00f3 para preveer las caracter\u00edsticas de lo que vendr\u00eda a continuaci\u00f3n. Y de paso recorr\u00ed las bell\u00edsimas costas del Canal de Beagle.<\/p>\n<p>De los campings de Ushuaia, ninguno estaba en funcionamiento. Por tal motivo, pas\u00e9 la noche en un hostel, lo cual no estaba en mis planes. Mientras tanto, meditaba sobre mis acciones del d\u00eda siguiente.<\/p>\n<p><strong>D\u00eda II: Laguna Submarino<\/strong><\/p>\n<p style=\"text-align:right;\"><em>20 de Diciembre de 2017<\/em><\/p>\n<p>A la ma\u00f1ana estaba lloviendo. El pron\u00f3stico era lluvia toda la semana y con suerte un d\u00eda nublado. Como contaba con pocos d\u00edas, decid\u00ed aprovechar el tiempo y subir a la Laguna Submarino desde el Valle de Tierra Mayor, tal como me hab\u00edan aconsejado en Defensa Civil.<\/p>\n<p>Sal\u00ed a la ruta mojado. Consegu\u00ed que me levanten a dedo hasta el Valle de Tierra Mayor. Hay una huella de cuatri que seguir al principio. Al rato de vadear un r\u00edo hay que estar atentos, porque se bifurca el sendero a la laguna.<\/p>\n<figure id=\"attachment_294\" aria-describedby=\"caption-attachment-294\" style=\"width: 4032px\" class=\"wp-caption alignnone\"><img loading=\"lazy\" decoding=\"async\" class=\"alignnone size-full wp-image-294\" src=\"https:\/\/homotheoreticus.files.wordpress.com\/2017\/12\/img_0813.jpg\" alt=\"IMG_0813\" width=\"4032\" height=\"3024\"><figcaption id=\"caption-attachment-294\" class=\"wp-caption-text\">Sendero a Laguna Submarino<\/figcaption><\/figure>\n<p>El sendero va en ascenso constante entre bosque de lengas, siguiendo desde arriba el cauce de un r\u00edo encajonado. Pasa por varias castoreras, con su caracter\u00edstico paisaje de bosque inundado, prolijos diques y embalses de agua. En medio de la caminata se despej\u00f3 el cielo y subi\u00f3 considerablemente la temperatura.<\/p>\n<p>Luego de unas horas se llega a la cascada submarino, mucho m\u00e1s grande y ruidosa de lo que esperaba. El agua saltaba por el aire hacia la distancia&#8230; as\u00ed que para evitar mojarme me aleje r\u00e1pido.<\/p>\n<figure id=\"attachment_296\" aria-describedby=\"caption-attachment-296\" style=\"width: 4032px\" class=\"wp-caption alignnone\"><img loading=\"lazy\" decoding=\"async\" class=\"alignnone size-full wp-image-296\" src=\"https:\/\/homotheoreticus.files.wordpress.com\/2017\/12\/img_0818.jpg\" alt=\"IMG_0818\" width=\"4032\" height=\"2688\"><figcaption id=\"caption-attachment-296\" class=\"wp-caption-text\">Cascada Submarino<\/figcaption><\/figure>\n<p>Al costado de la cascada sigue el sendero, que sube abruptamente. Hay que usar un poco las manos y tener cuidado con el barro. De a poco el clima volvi\u00f3 a empeorar y con la altura se sinti\u00f3 de nuevo el fri\u00f3.<\/p>\n<p>De pronto lo inesperado: una nevada en pleno verano empieza a caer con fuerza. Pas\u00e9 del pantal\u00f3n corto al pantal\u00f3n impermeable y campera, con cuellito hasta la nariz y capucha&#8230; la sensaci\u00f3n t\u00e9rmica empeoraba con la humedad y el viento.<\/p>\n<p>Cuando cruc\u00e9 el bosque de lenga achaparrada empezaron a aparecer manchones de nieve y el sendero desaparec\u00eda entre las piedras. Mi objetivo del d\u00eda pas\u00f3 a ser llegar a la Laguna Submarino y regresar con vida.<\/p>\n<figure id=\"attachment_297\" aria-describedby=\"caption-attachment-297\" style=\"width: 4032px\" class=\"wp-caption alignnone\"><img loading=\"lazy\" decoding=\"async\" class=\"alignnone size-full wp-image-297\" src=\"https:\/\/homotheoreticus.files.wordpress.com\/2017\/12\/img_08191.jpg\" alt=\"IMG_0819\" width=\"4032\" height=\"2688\"><figcaption id=\"caption-attachment-297\" class=\"wp-caption-text\">Nevada de verano en la monta\u00f1a<\/figcaption><\/figure>\n<p>La nieve se acumulaba en mi mochila, en mis hombros, mis bolsillos y se me dificultaba ver el GPS del celular. Estuve bastante desorientado, dando varias vueltas hasta que encontr\u00e9 la laguna. En realidad no estaba seguro de que fuera lo que buscada, as\u00ed que tome una foto r\u00e1pida como pude y una vez en casa lo corrobor\u00e9 tranquilo.<\/p>\n<figure id=\"attachment_298\" aria-describedby=\"caption-attachment-298\" style=\"width: 4032px\" class=\"wp-caption alignnone\"><img loading=\"lazy\" decoding=\"async\" class=\"alignnone size-full wp-image-298\" src=\"https:\/\/homotheoreticus.files.wordpress.com\/2017\/12\/img_0821.jpg\" alt=\"IMG_0821\" width=\"4032\" height=\"2688\"><figcaption id=\"caption-attachment-298\" class=\"wp-caption-text\">Foto apurada de la Laguna Submarino<\/figcaption><\/figure>\n<p>R\u00e1pidamente pegu\u00e9 la vuelta y comenc\u00e9 a descender. Me cost\u00f3 seguir mis pasos, ya que la nieve me imped\u00eda ver a la distancia. Finalmente retom\u00e9 el sendero. Los cauces de agua se hab\u00edan rebalsado y los arroyos hab\u00edan desviado su curso copando el sendero. Donde no hab\u00eda agua hab\u00eda un barrial.<\/p>\n<p>Otra sorpresa inesperada: cuando llegu\u00e9 a la ruta el clima dio un giro de 360 grados, el cielo se despej\u00f3 y sali\u00f3 el sol. Pero all\u00ed estaba yo, completamente embarrado, como prueba viviente de aquel clima furioso con que me hab\u00eda recibido la monta\u00f1a.<\/p>\n<figure id=\"attachment_299\" aria-describedby=\"caption-attachment-299\" style=\"width: 4032px\" class=\"wp-caption alignnone\"><img loading=\"lazy\" decoding=\"async\" class=\"alignnone size-full wp-image-299\" src=\"https:\/\/homotheoreticus.files.wordpress.com\/2017\/12\/img_0830.jpg\" alt=\"IMG_0830\" width=\"4032\" height=\"3024\"><figcaption id=\"caption-attachment-299\" class=\"wp-caption-text\">Cielo despejado sobre el Valle de Tierra Mayor<\/figcaption><\/figure>\n<p>Decid\u00ed pasar la noche en el refugio Bonette, sin servicios, donde comienza la senda al paso Beban. Sab\u00eda llegar poque a\u00f1os atr\u00e1s hab\u00eda estado all\u00ed con un amigo. Tras dos horas de caminata entre mallines y bosque de lenga, llegu\u00e9 al refugio que me esperaba con su hermosa salamandra.<\/p>\n<figure id=\"attachment_300\" aria-describedby=\"caption-attachment-300\" style=\"width: 4032px\" class=\"wp-caption alignnone\"><img loading=\"lazy\" decoding=\"async\" class=\"alignnone size-full wp-image-300\" src=\"https:\/\/homotheoreticus.files.wordpress.com\/2017\/12\/img_0831.jpg\" alt=\"IMG_0831\" width=\"4032\" height=\"3024\"><figcaption id=\"caption-attachment-300\" class=\"wp-caption-text\">Refugio Bonete<\/figcaption><\/figure>\n<p>En Tierra del Fuego hay que acostumbrarse a dormir con la luz del d\u00eda: en verano anochece a las 23:30 hs y el cielo nunca oscurece del todo.&nbsp;Terminaba as\u00ed una larga jornada de 9 horas de caminata, con las cuatro estaciones en un mismo d\u00eda.<\/p>\n<p><strong>D\u00eda III: El Paso Beban a Bah\u00eda Torito<\/strong><\/p>\n<p style=\"text-align:right;\"><em>21 de Diciembre de 2017<\/em><\/p>\n<p>El paso Beban era para mi un asunto pendiente de a\u00f1os. Pocas personas se atreven a realizarlo&#8230; a veces pasa meses sin presencia humana alguna. Del otro lado se llega al Lago Fagnano en una zona inaccesible por ruta, la Bah\u00eda Torito, donde reside un antiguo poblador: el famoso \u00abVasco\u00bb Echeverr\u00eda, con su hijo y su se\u00f1ora.<\/p>\n<p><img loading=\"lazy\" decoding=\"async\" class=\"alignnone size-full wp-image-327\" src=\"https:\/\/homotheoreticus.files.wordpress.com\/2017\/12\/screen-shot-2018-03-01-at-19-58-10.png\" alt=\"Screen Shot 2018-03-01 at 19.58.10.png\" width=\"2292\" height=\"1594\"><\/p>\n<p>Tras desayunar un rico caf\u00e9 con galletitas, sal\u00ed del refugio Bonette. Perd\u00ed bastante tiempo al principio buscando un sendero, hasta que desist\u00ed: no hay sendero en el paso Beban. Lo mejor que uno puede encontrar son pisadas frescas, aunque tampoco estas garantizan fiabilidad, a lo sumo algunas pircas o estacas espor\u00e1dicas. La clave es seguir el valle e identificar el paso correcto al momento de cruzar. Otra cosa importante: hay que perderle el asco a la turba y embarrarse lo necesario.<\/p>\n<figure id=\"attachment_306\" aria-describedby=\"caption-attachment-306\" style=\"width: 4032px\" class=\"wp-caption alignnone\"><img loading=\"lazy\" decoding=\"async\" class=\"alignnone size-full wp-image-306\" src=\"https:\/\/homotheoreticus.files.wordpress.com\/2017\/12\/img_0833.jpg\" alt=\"IMG_0833\" width=\"4032\" height=\"2688\"><figcaption id=\"caption-attachment-306\" class=\"wp-caption-text\">Valle de turba y castoreras, camino al paso Beban<\/figcaption><\/figure>\n<p>En el GPS ten\u00eda cargadas dos pistas, cada una de las cuales segu\u00eda recorridos diferentes. Tuve que elegir y a veces no segu\u00ed ninguna de las dos. Luego de pasar por un valle de mall\u00edn y castoreras, se sube a un valle superior de mayor altura con bastante lenga achaparrada. Desde lo alto me fascin\u00f3 ver las piedras glaciales desparramadas por el valle, en un paisaje de color fantasmag\u00f3rico.<\/p>\n<p>Finalmente pude ver el paso: muy empinado y con algunos manchones de nieve. Cada track de GPS lo cruzaba por un lugar distinto, as\u00ed que me mand\u00e9 un poco por instinto.<\/p>\n<figure id=\"attachment_309\" aria-describedby=\"caption-attachment-309\" style=\"width: 4032px\" class=\"wp-caption alignnone\"><img loading=\"lazy\" decoding=\"async\" class=\"alignnone size-full wp-image-309\" src=\"https:\/\/homotheoreticus.files.wordpress.com\/2017\/12\/img_0842.jpg\" alt=\"IMG_0842\" width=\"4032\" height=\"2688\"><figcaption id=\"caption-attachment-309\" class=\"wp-caption-text\">\u00bfPor d\u00f3nde se cruza el Paso Beban?: \u00abelige tu propia aventura\u00bb<\/figcaption><\/figure>\n<p>Sub\u00ed por donde no hab\u00eda nieve y una vez arriba, el viento helado empez\u00f3 a golpearme con toda su fuerza. De pronto, empez\u00f3 a caer el granizo y costaba sostenerse en pie. Mir\u00e9 hacia abajo y ten\u00eda delante m\u00edo un valle nuevo, totalmente \u00e1rido y pedregoso: era el llamado \u00abfalso Beban\u00bb, que conduc\u00eda por la izquierda a una laguna turquesa.<\/p>\n<figure id=\"attachment_307\" aria-describedby=\"caption-attachment-307\" style=\"width: 4032px\" class=\"wp-caption alignnone\"><img loading=\"lazy\" decoding=\"async\" class=\"alignnone size-full wp-image-307\" src=\"https:\/\/homotheoreticus.files.wordpress.com\/2017\/12\/img_0844.jpg\" alt=\"IMG_0844\" width=\"4032\" height=\"2688\"><figcaption id=\"caption-attachment-307\" class=\"wp-caption-text\">Falso Beban<\/figcaption><\/figure>\n<p>A mi derecha, otro paso. All\u00ed comprend\u00ed que hab\u00eda dos pasos: el \u00abEste\u00bb y el \u00abOeste\u00bb. El portezuelo obligaba a pasar por la nieve, as\u00ed que me arm\u00e9 de coraje y con los bastones firmes, sub\u00ed a paso lento. A los pocos minutos logr\u00e9 mi objetivo de a\u00f1os: cruzar el paso Beban.<\/p>\n<figure id=\"attachment_310\" aria-describedby=\"caption-attachment-310\" style=\"width: 4032px\" class=\"wp-caption alignnone\"><img loading=\"lazy\" decoding=\"async\" class=\"alignnone size-full wp-image-310\" src=\"https:\/\/homotheoreticus.files.wordpress.com\/2017\/12\/img_08431.jpg\" alt=\"IMG_0843\" width=\"4032\" height=\"2688\"><figcaption id=\"caption-attachment-310\" class=\"wp-caption-text\">Paso Beban Este con nieve<\/figcaption><\/figure>\n<p>La segunda mitad del recorrido constiti\u00f3 en descender por un largo valle entre monta\u00f1as hasta la Bah\u00eda Torito. Comenc\u00e9 siguiendo un arroyo por la margen derecha, que se iba ensanchando a medida que se alimentaba de otros cauces. El agua transparente y helada, corr\u00eda ruidosa entre las piedras y ca\u00eda retumbando en forma de sucesivas cascadas. Cada tanto las vertientes se calmaban en peque\u00f1as lagunas, formadas por los diques de los castores.<\/p>\n<figure id=\"attachment_313\" aria-describedby=\"caption-attachment-313\" style=\"width: 4032px\" class=\"wp-caption alignnone\"><img loading=\"lazy\" decoding=\"async\" class=\"alignnone size-full wp-image-313\" src=\"https:\/\/homotheoreticus.files.wordpress.com\/2017\/12\/img_0849.jpg\" alt=\"IMG_0849\" width=\"4032\" height=\"2688\"><figcaption id=\"caption-attachment-313\" class=\"wp-caption-text\">Castoreras camino a Bah\u00eda Torito<\/figcaption><\/figure>\n<p>Al principio segu\u00ed unas huellas que pens\u00e9 que eran de caballo, pero lo m\u00e1s provable es que fueran de guanaco. Camin\u00e9 campo traviesa varias horas, atento al suelo y a los riscos. En un momento el valle dobla y se puede vislumbrar el lago Fagnano a lo lejos, un pasiaje que hasta entonces solo hab\u00eda imaginado en mapas.<\/p>\n<figure id=\"attachment_314\" aria-describedby=\"caption-attachment-314\" style=\"width: 4032px\" class=\"wp-caption alignnone\"><img loading=\"lazy\" decoding=\"async\" class=\"alignnone size-full wp-image-314\" src=\"https:\/\/homotheoreticus.files.wordpress.com\/2017\/12\/img_0858.jpg\" alt=\"IMG_0858\" width=\"4032\" height=\"2688\"><figcaption id=\"caption-attachment-314\" class=\"wp-caption-text\">Bosque quemado camino a Bah\u00eda Torito<\/figcaption><\/figure>\n<p>En adelante, predomina un paisaje triste de bosque quemado, resultado de un incendio enorme del a\u00f1o 2012. Cerca de la Laguna de las Yeguas pude encontrar un camino poco claro, tapado por la ceniza y la vegetaci\u00f3n.<\/p>\n<p>Ya superado el bosque quemado, reaparece el verde de las lengas y los cohiues.&nbsp; La huella se va haciendo m\u00e1s visible, pasa por un puente, sigue bordeando un r\u00edo cristalino y me conduce hasta la Bah\u00eda Torito.<\/p>\n<p>Eran las 20 hs y la bandera argentina flameaba d\u00e1ndome la bienvenida. Hab\u00eda caminado todo el d\u00eda, 10 horas sin parar. El \u201cVasco\u201d Echeverr\u00eda, due\u00f1o de casa, me recibi\u00f3 amablemente y me hizo pasar a su casa.<\/p>\n<p>\u201cTardaste mucho, \u00bfqu\u00e9 te pas\u00f3?\u201d, me pregunt\u00f3, tir\u00e1ndome el ego y haci\u00e9ndome sentir un novato, \u201cpens\u00e1bamos que te hab\u00edas perdido\u201d.&nbsp;Como me hab\u00eda imaginado, el viento soplaba muy fuerte y un cruce lacustre era imposible. Pas\u00e9 la noche en el hostel con la esperanza de que por la ma\u00f1ana calmara el viento.<\/p>\n<p><strong>D\u00eda IV: Recorrido por los alrededores<\/strong><\/p>\n<p style=\"text-align:right;\"><em>22 de Diciembre de 2017<\/em><\/p>\n<p>A la ma\u00f1ana el viento todav\u00eda soplaba fuerte. Decid\u00ed seguir esperando, con la esperanza de poder salir en lancha al otro d\u00eda. Mientras tanto, me dediqu\u00e9 a descansar y recorrer caminando la zona.<\/p>\n<p>Hab\u00eda un pescador parando en la Bah\u00eda. Se llamaba Pablo y era de La Plata, igual que yo. Daniel, el hijo del Vasco, nos propuso salir a caminar los tres.<\/p>\n<p>Daniel se hab\u00eda cr\u00edado en Bah\u00eda Torito. Era un gu\u00eda experto. Caminaba a una velocidad que era dif\u00edcil seguirlo en medio de los arbustos. Sin sendero nos condujo primero a la Bah\u00eda de los Renos, un lugar bell\u00edsimo y remoto sobre el Lago Fagnano, donde hace varias d\u00e9cadas, cuenta la leyenda, se hab\u00eda constru\u00eddo una caba\u00f1a y se hab\u00eda tra\u00eddo renos vivos. Pero los renos murieron en el duro invierno y la caba\u00f1a fue v\u00edctima de un incendio.<\/p>\n<figure id=\"attachment_315\" aria-describedby=\"caption-attachment-315\" style=\"width: 4032px\" class=\"wp-caption alignnone\"><img loading=\"lazy\" decoding=\"async\" class=\"alignnone size-full wp-image-315\" src=\"https:\/\/homotheoreticus.files.wordpress.com\/2017\/12\/img_0873.jpg\" alt=\"IMG_0873\" width=\"4032\" height=\"2688\"><figcaption id=\"caption-attachment-315\" class=\"wp-caption-text\">Foto con Pablo y Daniel, en Bah\u00eda de los Renos<\/figcaption><\/figure>\n<p>A continuaci\u00f3n nos adentramos de nuevo por el bosque de monta\u00f1a, pasando por un enorme turbal quemado. Not\u00e9 la enorme diferencia entre la ladera norte de la cordillera y la ladera sur. Mientras que la primera tiene bosque tupido, con mucho arbusto que la hace impenetrable, la margen sur, casi no tiene sotobosque. Esto se debe a que la cordillera en Tierra del Fuego va de Oeste a Este, a diferencia del resto de la Patagonia; y el sol pasa con una circunferencia muy inclinada al norte en esas latitudes, de manera que en invierno apenas sobresale por la margen sur de la monta\u00f1a.<\/p>\n<figure id=\"attachment_316\" aria-describedby=\"caption-attachment-316\" style=\"width: 4032px\" class=\"wp-caption alignnone\"><img loading=\"lazy\" decoding=\"async\" class=\"alignnone size-full wp-image-316\" src=\"https:\/\/homotheoreticus.files.wordpress.com\/2017\/12\/img_0869.jpg\" alt=\"IMG_0869\" width=\"4032\" height=\"2688\"><figcaption id=\"caption-attachment-316\" class=\"wp-caption-text\">Turbal quemado<\/figcaption><\/figure>\n<p>A continuaci\u00f3n, fuimos hasta una laguna elevada, lugar en que iniciaba el Paso Valdivieso. Regresamos por otro camino, pasando por una cascada.<\/p>\n<p>Ya en la casa del Vasco, nos pasamos la tarde mirando fotos, mientras nos contaba la historia de aquel lugar: desde que llegaron los Echeverr\u00eda en los \u201980, con una lancha y una carpa, hasta el incendio reciente, del que se salvaron de milagro.<\/p>\n<figure id=\"attachment_317\" aria-describedby=\"caption-attachment-317\" style=\"width: 4032px\" class=\"wp-caption alignnone\"><img loading=\"lazy\" decoding=\"async\" class=\"alignnone size-full wp-image-317\" src=\"https:\/\/homotheoreticus.files.wordpress.com\/2017\/12\/img_0893.jpg\" alt=\"IMG_0893\" width=\"4032\" height=\"2688\"><figcaption id=\"caption-attachment-317\" class=\"wp-caption-text\">Foto con Echeverr\u00eda padre e hijo<\/figcaption><\/figure>\n<p>La Bah\u00eda Torito cuenta con una hoster\u00eda para recibir grupos de turistas, escuelas y reforestadores voluntarios. Tiene invernaderos para producir su propio alimento y se autoabastece con energ\u00eda hidroel\u00e9ctrica, aprovechando los r\u00edos que caen de la monta\u00f1a. Tienen incluso paneles solares. Desde el incendio que no cuenta con camping, pero tiene un servicio de hostel, que hay que reservar por tel\u00e9fono previamente. Recomiendo la amable atenci\u00f3n de esta familia.<\/p>\n<p><strong>D\u00eda V: Regreso por Paso Valdivieso<\/strong><\/p>\n<p style=\"text-align:right;\"><em>23 de Diciembre de 2017<\/em><\/p>\n<p>Me despert\u00e9 a las 5 de la ma\u00f1ana y mir\u00e9 ansioso por la ventana. El viento todav\u00eda soplaba fuerte e iba en aumento. Lamentablemente no podr\u00eda realizar el cruce.<\/p>\n<p>Por suerte ten\u00eda un plan \u00abB\u00bb: regresar a la ruta por el Paso Valdivieso. Todav\u00eda estaba cansado por la haza\u00f1a del Beban, pero me tentaba la oportunidad al tener aquel otro paso monta\u00f1oso al alcanze de la mano. Llam\u00e9 a mi familia desde el radio tel\u00e9fono y le ped\u00ed a mi viejo si me pod\u00eda pasar a buscar por la ruta a la tarde.<\/p>\n<p>Sab\u00eda que el paso Valdivieso, tambi\u00e9n conocido como \u201cPaso de las Siete Lagunas\u201d, era m\u00e1s largo y dif\u00edcil que el Beban. Si el Beban era poco recorrido, este estaba absolutamente desolado. Como no ten\u00eda track de GPS, saqu\u00e9 una foto de un mapa que ten\u00eda el Vasco. Daniel me dio unas cuantas indicaciones para no perder el rumbo, ya que el paso no ten\u00eda sendero.<\/p>\n<p><img loading=\"lazy\" decoding=\"async\" class=\"alignnone size-full wp-image-329\" src=\"https:\/\/homotheoreticus.files.wordpress.com\/2017\/12\/screen-shot-2018-03-01-at-20-04-42.png\" alt=\"Screen Shot 2018-03-01 at 20.04.42.png\" width=\"2300\" height=\"1598\"><\/p>\n<p>Termin\u00e9 de desayunar y a las 7 de la ma\u00f1ana, mochila cargada y bastones en mano, sal\u00ed a caminar. Pas\u00e9 por la primera laguna escalonada y desde all\u00ed me detuve a buscar por d\u00f3nde continuar.<\/p>\n<figure id=\"attachment_318\" aria-describedby=\"caption-attachment-318\" style=\"width: 4032px\" class=\"wp-caption alignnone\"><img loading=\"lazy\" decoding=\"async\" class=\"alignnone size-full wp-image-318\" src=\"https:\/\/homotheoreticus.files.wordpress.com\/2017\/12\/img_0880.jpg\" alt=\"IMG_0880\" width=\"4032\" height=\"2688\"><figcaption id=\"caption-attachment-318\" class=\"wp-caption-text\">Primera laguna: comienzo del paso Valdivieso<\/figcaption><\/figure>\n<p>El paso consta de una serie de lagunas escalonadas, unidas por un r\u00edo y sucesivas cascadas, que desembocan en la Bah\u00eda de los Renos. Uno debe ascender de manera constante, a veces descender para volver a subir, hasta llegar al paso propiamente dicho, que divide las aguas que desembocan en el Atl\u00e1ntico y el Pac\u00edfico. Del lado sur del paso, un r\u00edo desciende hacia el Valle Carabajal, donde el r\u00edo Olivia conduce a la ruta.<\/p>\n<figure id=\"attachment_330\" aria-describedby=\"caption-attachment-330\" style=\"width: 4032px\" class=\"wp-caption alignnone\"><img loading=\"lazy\" decoding=\"async\" class=\"alignnone size-full wp-image-330\" src=\"https:\/\/homotheoreticus.files.wordpress.com\/2017\/12\/img_0914.jpg\" alt=\"IMG_0914\" width=\"4032\" height=\"3024\"><figcaption id=\"caption-attachment-330\" class=\"wp-caption-text\">Subiendo por el Paso Valdivieso<\/figcaption><\/figure>\n<p>En un recorrido sin sendero uno debe estar s\u00famamente atento a los accidentes geogr\u00e1ficos e saber identificarlos en el mapa. Debe evaluar la posibilidad de tener que regresar y cambiar su plan de ruta de ser necesario. La primera parte fue la m\u00e1s dif\u00edcil, ya que decid\u00ed alejarme del r\u00edo para evitar la humedad; como consecuencia tuve que pasar por un dif\u00edcil bosque quemado y luego mucha lenga achaparrada. A las dos horas cambi\u00e9 de ruta y opt\u00e9 por seguir el agua de cerca, con la esperanza de que el terreno fuera m\u00e1s f\u00e1cil. Efectivamente: hab\u00eda mucha turba, pero por lo menos el bosque no era tan espeso.<\/p>\n<figure id=\"attachment_328\" aria-describedby=\"caption-attachment-328\" style=\"width: 4032px\" class=\"wp-caption alignnone\"><img loading=\"lazy\" decoding=\"async\" class=\"alignnone size-full wp-image-328\" src=\"https:\/\/homotheoreticus.files.wordpress.com\/2017\/12\/img_0918.jpg\" alt=\"IMG_0918\" width=\"4032\" height=\"3024\"><figcaption id=\"caption-attachment-328\" class=\"wp-caption-text\">Lagunas del Paso Valdivieso<\/figcaption><\/figure>\n<p>&nbsp;<\/p>\n<p>&nbsp;<\/p>\n<p>Por momentos cre\u00eda ver una sendero: \u00ab\u00a1es un sendero imaginario!\u201d, pensaba para mis adentros. Pero se trataba de una huella de guanaco, lo cual pude comprobar por su excremento caracter\u00edstico. La cuesti\u00f3n es que el guanaco sab\u00eda elegir muy bien el camino, y pasando entre piedras, cerca de las cascadas, me gui\u00f3 de laguna en laguna hasta que se desapareci\u00f3 en el bosque.<\/p>\n<figure id=\"attachment_319\" aria-describedby=\"caption-attachment-319\" style=\"width: 4032px\" class=\"wp-caption alignnone\"><img loading=\"lazy\" decoding=\"async\" class=\"alignnone size-full wp-image-319\" src=\"https:\/\/homotheoreticus.files.wordpress.com\/2017\/12\/img_0906.jpg\" alt=\"IMG_0906\" width=\"4032\" height=\"2688\"><figcaption id=\"caption-attachment-319\" class=\"wp-caption-text\">Marca que dej\u00f3 mi \u00e1ngel del camino: el guanaco<\/figcaption><\/figure>\n<p>El paso era de una notable dificultad: subidas y bajadas constantes, por terreno a veces muy humedo, otras veces muy empinado, entre bosque tupido, piedras grandes y pedreros. Hab\u00eda muchas lagunas: las m\u00e1s grandes eran cinco, luego muchas peque\u00f1as, tal vez originadas por deshielo.<\/p>\n<p>&nbsp;<\/p>\n<p>En determinado momento es muy f\u00e1cil desorientarse, ya que el desnivel enga\u00f1a y conduce a un paso equivocado. Hay que estar muy atento y mantenerse siempre cerca de las lagunas. De esto me hab\u00eda advertido Daniel Echeverr\u00eda.<\/p>\n<figure id=\"attachment_320\" aria-describedby=\"caption-attachment-320\" style=\"width: 4032px\" class=\"wp-caption alignnone\"><img loading=\"lazy\" decoding=\"async\" class=\"alignnone size-full wp-image-320\" src=\"https:\/\/homotheoreticus.files.wordpress.com\/2017\/12\/img_0927.jpg\" alt=\"IMG_0927\" width=\"4032\" height=\"3024\"><figcaption id=\"caption-attachment-320\" class=\"wp-caption-text\">\u00daltima laguna del Paso Valdivieso<\/figcaption><\/figure>\n<p>Ya del otro lado del paso, descend\u00ed hasta la lenga achaparrada y pude seguir unas huellas bien marcadas sobre la turba. Almorc\u00e9 un poco de fiambre y descend\u00ed r\u00e1pido hasta el valle. El descenso fue muy sencillo, ya que pasa casi enteramente por mall\u00edn.<\/p>\n<figure id=\"attachment_332\" aria-describedby=\"caption-attachment-332\" style=\"width: 4032px\" class=\"wp-caption alignnone\"><img loading=\"lazy\" decoding=\"async\" class=\"alignnone size-full wp-image-332\" src=\"https:\/\/homotheoreticus.files.wordpress.com\/2017\/12\/img_0929.jpg\" alt=\"IMG_0929\" width=\"4032\" height=\"3024\"><figcaption id=\"caption-attachment-332\" class=\"wp-caption-text\">Pareja de castores en el Paso Valdivieso<\/figcaption><\/figure>\n<p>&nbsp;<\/p>\n<p>Una vez en el valle, a las 15:30 hs., comenc\u00e9 a seguir el R\u00edo Olivia por la margen izquierda, en direcci\u00f3n este. Cada tanto me topaba con una castorera dif\u00edcil de cruzar. A veces, cansado de esquivar troncos simplemente caminaba por el r\u00edo o me cruzaba a la otra orilla. Todo el paisaje aqu\u00ed era hermoso, pero el recorrido final fue mucho m\u00e1s largo de lo que esperaba.<\/p>\n<p>Durante horas tuve que pasar por turbales enormes. Otras veces internarme en el bosque, donde encontr\u00e9 un par de refugios precarios hechos con troncos. En las \u00faltimas horas apareci\u00f3 un sendero que pasaba por la turba y estaba se\u00f1alizado con palos. Las \u00faltimas dos horas, el sendero se internaba en el bosque y se volv\u00eda poco visible, se\u00f1alizado cada tanto con cintas. Fue cuesti\u00f3n de minutos conectar primero con la senda al Bonete y luego con la ruta, donde me estaban esperando.<\/p>\n<figure id=\"attachment_321\" aria-describedby=\"caption-attachment-321\" style=\"width: 4032px\" class=\"wp-caption alignnone\"><img loading=\"lazy\" decoding=\"async\" class=\"alignnone size-full wp-image-321\" src=\"https:\/\/homotheoreticus.files.wordpress.com\/2017\/12\/img_0942.jpg\" alt=\"IMG_0942\" width=\"4032\" height=\"3024\"><figcaption id=\"caption-attachment-321\" class=\"wp-caption-text\">Kil\u00f3metros de turba en el Valle Carabajal<\/figcaption><\/figure>\n<p>La caminata de un tir\u00f3n me llev\u00f3 poco m\u00e1s de 12 hs. Como de costumbre, el clima fue variado: tuve momentos de sol, de llovizna e incluso de granizo; me di el lujo de andar en pantal\u00f3n corto y camisa; y termin\u00e9 con todo el abrigo puesto encima.<\/p>\n<p>Fue realmente un recorrido fant\u00e1stico, tal vez la mejor experiencia que tuve en Tierra del Fuego. Pero si tuviera que hacerla de nuevo, le dedicar\u00eda al menos dos d\u00edas.<\/p>\n<p><strong>D\u00eda VI: Caminata por Reserva Coraz\u00f3n de la Isla<\/strong><\/p>\n<p style=\"text-align:right;\"><em>30 de Diciembre de 2017<\/em><\/p>\n<p>Luego de pasar Navidad en familia y visitar unos amigos, volv\u00ed para recorrer la Huella del Fin del Mundo donde la hab\u00eda dejado. Me quedaba por recorrer la parte entre Estancia del Carmen y la desembocadura del R\u00edo Claro.<\/p>\n<p>&nbsp;<\/p>\n<p>Comenc\u00e9 el recorrido con mi viejo, amante de la pesca, as\u00ed que fuimos juntos a pescar a la Reserva Coraz\u00f3n de la Isla. Desde el Lago Yehuin, caminamos por un sendero bien marcado hasta el Lago Yakush y desde all\u00ed salimos a explorar en direcci\u00f3n al r\u00edo Indio. Era un paisaje bien precordillerano, seco, con bosque de \u00f1ires y lengas, en una zona muy alejada y poco concurrida.<\/p>\n<figure id=\"attachment_323\" aria-describedby=\"caption-attachment-323\" style=\"width: 4032px\" class=\"wp-caption alignnone\"><img loading=\"lazy\" decoding=\"async\" class=\"alignnone size-full wp-image-323\" src=\"https:\/\/homotheoreticus.files.wordpress.com\/2017\/12\/img_1093.jpg\" alt=\"IMG_1093\" width=\"4032\" height=\"2688\"><figcaption id=\"caption-attachment-323\" class=\"wp-caption-text\">Parte se\u00f1alizada de la Reserva Provincial \u00abCoraz\u00f3n de la Isla\u00bb<\/figcaption><\/figure>\n<p>&nbsp;<\/p>\n<p>Me qued\u00e9 solo a la noche y arm\u00e9 la carpa. Arriesgu\u00e9 a un objetivo muy dif\u00edcil para el d\u00eda siguiente: terminar en Estancia el Carmen, donde mi viejo me pasar\u00eda a buscar en auto.<\/p>\n<p><strong>D\u00eda VII: De Yakush al Fagnano y del Fagnano a Estancia El Carmen<\/strong><\/p>\n<p style=\"text-align:right;\"><em>31 de Diciembre de 2017<\/em><\/p>\n<p>Sal\u00ed temprano caminando para el Lago Fagnano, etapa n\u00b03 de la Huella del Fin del Mundo. Por suerte, el sendero era una huella de cuatri bien marcada. El bosque \u00f1ires daba lugar al bosque de lengas. Luego de pasar por un gran mall\u00edn de turba, llegu\u00e9 al refugio del Club de Pesca con Mosca.<\/p>\n<figure id=\"attachment_322\" aria-describedby=\"caption-attachment-322\" style=\"width: 4032px\" class=\"wp-caption alignnone\"><img loading=\"lazy\" decoding=\"async\" class=\"alignnone size-full wp-image-322\" src=\"https:\/\/homotheoreticus.files.wordpress.com\/2017\/12\/img_1096.jpg\" alt=\"IMG_1096\" width=\"4032\" height=\"2688\"><figcaption id=\"caption-attachment-322\" class=\"wp-caption-text\">Lago Yakush<\/figcaption><\/figure>\n<p>A su costado, el ancho y profundo r\u00edo claro, apacible&#8230; un lugar de ensue\u00f1o para pescar. Pero yo estaba apurado por querer completar mi itinerario en el d\u00eda. Segu\u00ed la huella hasta que esta se perd\u00eda en la turba, ya cerca del inmenso Lago Fagnano.<\/p>\n<p>La desembocadura del Claro era un lugar fant\u00e1stico, totalmente agreste, sin camino, alejado de cualquier acceso vehicular. Un zorro se me acerc\u00f3 con confianza, pidi\u00e9ndome el fiambre que llevaba en la mochila&#8230;<\/p>\n<p>Una vez en la desembocadura,emprend\u00ed el regreso al Yakush, para realizar desde all\u00ed las etapas 2 y 1 en ese orden, hasta Estancia el Carmen. Un se\u00f1or que paseaba por all\u00ed me dijo: \u201cojo que ah\u00ed donde vas no hay nada, es todo bosque\u201d, y ten\u00eda raz\u00f3n. Lo que al principio parec\u00eda un sendero eran huella de guanaco&#8230; muy tracionera.<\/p>\n<p>Tuve que vadear el r\u00edo Indio y caminar en ascenso entre el bosque de lengas. A la hora aproximadamente llegu\u00e9 a una laguna sin nombre, con un refugio precario en la margen norte, llamado en la gu\u00eda: \u00abRancho de Lata\u00bb.<\/p>\n<figure id=\"attachment_324\" aria-describedby=\"caption-attachment-324\" style=\"width: 4032px\" class=\"wp-caption alignnone\"><img loading=\"lazy\" decoding=\"async\" class=\"alignnone size-full wp-image-324\" src=\"https:\/\/homotheoreticus.files.wordpress.com\/2017\/12\/img_1101.jpg\" alt=\"IMG_1101\" width=\"4032\" height=\"2688\"><figcaption id=\"caption-attachment-324\" class=\"wp-caption-text\">Refugio \u00abRancho de Lata\u00bb<\/figcaption><\/figure>\n<p>La siguiente parte me cost\u00f3, porque es dif\u00edcil orientarse entre las castoreras, las lomas bajas y el bosque de lenga. \u00a1Me di un gran susto cuando comprob\u00e9 que hab\u00eda caminado en c\u00edrculo una hora, pese a ir con el GPS en mano! Las huellas de guanaco, anchas y bien marcadas, no ayudaban a encontrar el rumbo correcto.<\/p>\n<p>Aqu\u00ed es imprescindible tener conocimientos de orientaci\u00f3n: saber buscar el rumbo, establecer un punto de referencia y caminar en esa direcci\u00f3n, para repetir la operaci\u00f3n una y otra vez durante horas. Es la \u00fanica manera de caminar en bosque cerrado sin accidentes geogr\u00e1ficos distantes como referencia.<\/p>\n<p>En la gu\u00eda dice que en Ruca hay un domo para 8 personas&#8230; en su lugar encontr\u00e9 refugios piramidales hechos con palos, al estilo Selknam. En total creo haber cruzado 3 de estos refugios precarios pero pintorezcos.<\/p>\n<p>Durante todo el recorrido se pasa por enormes lagunas desoladas, sin un ser humano, copadas por miles de aves que llevan una vida confiada y salvaje. En un momento sent\u00ed que la naturaleza entera se espantaba con mi llegada&#8230;<\/p>\n<p>De pronto, tras caminar horas sobre bosque virgen, me top\u00e9 con un rastro de civilizaci\u00f3n: un \u00e1rbol cortado. Mirando con atenci\u00f3n, segu\u00ed las marcas artificiales en los antiguos troncos llenos de musgo. As\u00ed llegu\u00e9 a una antiqu\u00edsima huella vehicular, bloqueado por troncos ca\u00eddos y tapada por el pasto alto&#8230; hasta peque\u00f1as lengas hab\u00edan crecido arriba del camino.<\/p>\n<figure id=\"attachment_325\" aria-describedby=\"caption-attachment-325\" style=\"width: 4032px\" class=\"wp-caption alignnone\"><img loading=\"lazy\" decoding=\"async\" class=\"alignnone size-full wp-image-325\" src=\"https:\/\/homotheoreticus.files.wordpress.com\/2017\/12\/img_1102.jpg\" alt=\"IMG_1102\" width=\"4032\" height=\"2688\"><figcaption id=\"caption-attachment-325\" class=\"wp-caption-text\">Antiqu\u00edsima huella vehicular<\/figcaption><\/figure>\n<p>La Huella mejor\u00f3 con las horas, aunque era impasable con veh\u00edculo por la ausencia de puentes y la presencia de troncos ca\u00eddos. A medio camino se ve\u00eda el Lago Yehuin, distante, en una de sus zonas casi inaccesibles. Finalmente, despu\u00e9s de las 20 hs, vislumbr\u00e9 la ex &#8211; Estancia. Los galpones, algunos quemados, otros abandonados, y cerca de la tranquera estaba la residencia pintorezca de la familia con la concesi\u00f3n de la Reserva. All\u00ed me estaban esperando&#8230;<\/p>\n<p>Llegu\u00e9 a tiempo para la cena del 31 de Diciembre. Hab\u00eda caminado m\u00e1s de 40 kil\u00f3metros, as\u00ed que estaba destru\u00eddo&#8230; pero feliz de poder pasar a\u00f1o nuevo en familia, con unas cuantas an\u00e9cdotas para compartir.<\/p>\n<p><strong>Conclusiones<\/strong><\/p>\n<p>El recorrido en su totalidad vali\u00f3 la pena. Fue mucho m\u00e1s dif\u00edcil de lo que esperaba, principalmente por la falta de sendero y la dicotom\u00eda entre la gu\u00eda tur\u00edstica y la realidad. No es un recorrido f\u00e1cil: primero porque hay que aguantar muchos d\u00edas la caminata, sumado el clima inh\u00f3spito; segundo porque es necesario tener conocimientos m\u00ednimos de orientaci\u00f3n y navegaci\u00f3n para no perderse.<\/p>\n<p>Me habr\u00eda gustado hacerlo sin tanto apuro, deteniendome a pescar un poco cada tanto y descansando mejor.&nbsp;Tal vez lo repita en el futuro&#8230; y de paso le dar\u00e9 una nueva oportunidad al paso Submarino.<\/p>\n<p>Si alguno est\u00e1 interesado en realizar la traves\u00eda, pueden dejar sus mensajes abajo o escribirme por privado. Compartir\u00e9 la informaci\u00f3n que necesiten.<\/p>\n<p>Abajo dejo un video que edit\u00e9 con las primeras partes del recorrido. Espero que les guste.<\/p>\n<p>Saludos y buenas caminatas.<\/p>\n<p><iframe loading=\"lazy\" title=\"Tierra del Fuego - cinco d\u00edas en la monta\u00f1a\" width=\"1041\" height=\"586\" src=\"https:\/\/www.youtube.com\/embed\/IrjmPY0yfvQ?feature=oembed\" frameborder=\"0\" allow=\"accelerometer; autoplay; clipboard-write; encrypted-media; gyroscope; picture-in-picture; web-share\" referrerpolicy=\"strict-origin-when-cross-origin\" allowfullscreen><\/iframe><\/p>\n<p>&nbsp;<\/p>\n","protected":false},"excerpt":{"rendered":"<p>Comparto un poco del recorrido de trekking que hice en la isla de Tierra del Fuego, en Diciembre de 2017. Tom\u00e9 el itinerario de la (\u2026)<\/p>\n","protected":false},"author":2,"featured_media":101,"comment_status":"open","ping_status":"open","sticky":false,"template":"","format":"standard","meta":{"om_disable_all_campaigns":false,"_monsterinsights_skip_tracking":false,"_monsterinsights_sitenote_active":false,"_monsterinsights_sitenote_note":"","_monsterinsights_sitenote_category":0,"_uf_show_specific_survey":0,"_uf_disable_surveys":false,"cybocfi_hide_featured_image":"","footnotes":""},"categories":[51,2],"tags":[23,32,41,43],"class_list":["post-99","post","type-post","status-publish","format-standard","has-post-thumbnail","hentry","category-huella-del-fin-del-mundo","category-travesias","tag-huella-andina","tag-patagonia","tag-tierra-del-fuego","tag-ultra-liviano"],"aioseo_notices":[],"_links":{"self":[{"href":"https:\/\/homotheoreticus.com\/index.php\/wp-json\/wp\/v2\/posts\/99","targetHints":{"allow":["GET"]}}],"collection":[{"href":"https:\/\/homotheoreticus.com\/index.php\/wp-json\/wp\/v2\/posts"}],"about":[{"href":"https:\/\/homotheoreticus.com\/index.php\/wp-json\/wp\/v2\/types\/post"}],"author":[{"embeddable":true,"href":"https:\/\/homotheoreticus.com\/index.php\/wp-json\/wp\/v2\/users\/2"}],"replies":[{"embeddable":true,"href":"https:\/\/homotheoreticus.com\/index.php\/wp-json\/wp\/v2\/comments?post=99"}],"version-history":[{"count":1,"href":"https:\/\/homotheoreticus.com\/index.php\/wp-json\/wp\/v2\/posts\/99\/revisions"}],"predecessor-version":[{"id":1948,"href":"https:\/\/homotheoreticus.com\/index.php\/wp-json\/wp\/v2\/posts\/99\/revisions\/1948"}],"wp:featuredmedia":[{"embeddable":true,"href":"https:\/\/homotheoreticus.com\/index.php\/wp-json\/wp\/v2\/media\/101"}],"wp:attachment":[{"href":"https:\/\/homotheoreticus.com\/index.php\/wp-json\/wp\/v2\/media?parent=99"}],"wp:term":[{"taxonomy":"category","embeddable":true,"href":"https:\/\/homotheoreticus.com\/index.php\/wp-json\/wp\/v2\/categories?post=99"},{"taxonomy":"post_tag","embeddable":true,"href":"https:\/\/homotheoreticus.com\/index.php\/wp-json\/wp\/v2\/tags?post=99"}],"curies":[{"name":"wp","href":"https:\/\/api.w.org\/{rel}","templated":true}]}}